{"id":14183,"date":"2012-11-05T00:00:00","date_gmt":"2012-11-05T02:00:00","guid":{"rendered":"https:\/\/www.cnbb.org.br\/cnbb-tem-novo-economo\/"},"modified":"2020-03-11T21:19:24","modified_gmt":"2020-03-12T00:19:24","slug":"cnbb-tem-novo-economo","status":"publish","type":"post","link":"https:\/\/www.cnbb.org.br\/cnbb-tem-novo-economo\/","title":{"rendered":"CNBB tem novo ec\u00f4nomo"},"content":{"rendered":"<p style=\"text-align: justify\">Com o fim do ano, a sede da Confer\u00eancia Nacional dos Bispos do Brasil (CNBB), em Bras\u00edlia, come\u00e7a a passar por ajustes para o ano de 2013. Em uma dessas mudan\u00e7as, o cargo de ec\u00f4nomo da CNBB, anteriormente ocupado por Francisco Julho de Souza, por 16 anos, ser\u00e1 assumido pelo padre Benedito Tadeu Rosa, da diocese de Limeira (SP). Como sugere o nome, a fun\u00e7\u00e3o de um ec\u00f4nomo, \u00e9 cuidar da administra\u00e7\u00e3o, logo, da economia da institui\u00e7\u00e3o.<\/p>\n<p><!--more--><\/p>\n<p style=\"text-align: justify\">\u201cEu recebi o convite de dom Damasceno que, conversando com meu bispo, dom Vilson (bispo de Limeira- SP), me indicou para o cargo, para colaborar e servir \u00e0 igreja em n\u00edvel nacional\u201d, explicou o padre que possui larga experi\u00eancia na \u00e1rea financeira. \u00c9 ec\u00f4nomo h\u00e1 dez anos na diocese de Limeira e, em 1998, foi eleito o ec\u00f4nomo do Semin\u00e1rio Diocesano S\u00e3o Jo\u00e3o Maria Vianney, para constru\u00e7\u00e3o do Semin\u00e1rio em Campinas.<\/p>\n<p style=\"text-align: justify\">\u201cO trabalho do ec\u00f4nomo \u00e9 cuidar dos bens m\u00f3veis e im\u00f3veis da CNBB, da sede, dos funcion\u00e1rios. Vamos dar continuidade ao trabalho e melhorar alguns setores\u201d, revela padre Benedito Tadeu Rosa, mais conhecido como padre Tadeu.<\/p>\n<p style=\"text-align: justify\">H\u00e1 vinte anos, o padre atua como p\u00e1roco na par\u00f3quia Nossa Senhora de F\u00e1tima, de Araras (SP), onde realiza in\u00fameras obras sociais como a alfabetiza\u00e7\u00e3o para adultos, e onde tamb\u00e9m criou a escola de inform\u00e1tica. Na regi\u00e3o, formou a Pastoral da Crian\u00e7a, em tr\u00eas comunidades; criou o S.O.S. Fam\u00edlia na Par\u00f3quia; e criou o Encontro da Terceira Idade, dentre outras atividades.<\/p>\n<p style=\"text-align: justify\">Padre Tadeu \u00e9 brasileiro, e nasceu em 05 de outubro de 1958, na cidade de Cambu\u00ed (MG), onde iniciou seus estudos. Formou-se em matem\u00e1tica, disciplina que lecionou por v\u00e1rios anos. O novo ec\u00f4nomo explica que por sua fam\u00edlia residir em Campinas (SP), teve a oportunidade de conhecer os padres da diocese de Limeira, quando ingressou no semin\u00e1rio de Limeira. Posteriormente, tornou-se bacharel em Filosofia e Teologia.<\/p>\n<p style=\"text-align: justify\">O novo ec\u00f4nomo, ainda \u00e9 um comunicador, j\u00e1 que preside a Funda\u00e7\u00e3o Educativa e Cultural do sistema de radiodifus\u00e3o \u2018Cidade das \u00c1rvores\u2019, a qual possui uma r\u00e1dio denominada Araras FM, que tem a finalidade de educar e evangelizar. \u201cDentro da nossa par\u00f3quia temos uma r\u00e1dio que possui um bel\u00edssimo tema \u2018educando e evangelizando\u2019, e que costuma ficar em segundo e terceiro lugar na audi\u00eancia da cidade\u201d, orgulha-se.<\/p>\n<p style=\"text-align: justify\">Ele afirma que est\u00e1 se ajustando \u00e0 sua nova agenda. \u201cEstou fazendo uma transi\u00e7\u00e3o. Como combinado com dom Leonardo e dom Damasceno, durante a semana, fico aqui em Bras\u00edlia at\u00e9 quarta-feira. Na par\u00f3quia fico de quinta a domingo, onde at\u00e9 o final de Novembro, continuo como ec\u00f4nomo. Em 2013, me transfiro definitivamente para Bras\u00edlia\u201d, esclarece.<\/p>\n","protected":false},"excerpt":{"rendered":"<p>Com o fim do ano, a sede da Confer\u00eancia Nacional dos Bispos do Brasil (CNBB), em Bras\u00edlia, come\u00e7a a passar por ajustes para o ano de 2013. Em uma dessas mudan\u00e7as, o cargo de ec\u00f4nomo da CNBB, anteriormente ocupado por Francisco Julho de Souza, por 16 anos, ser\u00e1 assumido pelo padre Benedito Tadeu Rosa, da &hellip;<\/p>\n<p class=\"read-more\"> <a class=\"\" href=\"https:\/\/www.cnbb.org.br\/cnbb-tem-novo-economo\/\"> <span class=\"screen-reader-text\">CNBB tem novo ec\u00f4nomo<\/span> Leia mais &raquo;<\/a><\/p>\n","protected":false},"author":83,"featured_media":14184,"comment_status":"open","ping_status":"open","sticky":false,"template":"","format":"standard","meta":{"site-sidebar-layout":"default","site-content-layout":"default","ast-global-header-display":"","ast-banner-title-visibility":"","ast-main-header-display":"","ast-hfb-above-header-display":"","ast-hfb-below-header-display":"","ast-hfb-mobile-header-display":"","site-post-title":"","ast-breadcrumbs-content":"","ast-featured-img":"","footer-sml-layout":"","theme-transparent-header-meta":"","adv-header-id-meta":"","stick-header-meta":"","header-above-stick-meta":"","header-main-stick-meta":"","header-below-stick-meta":""},"categories":[797,750],"tags":[],"acf":[],"_links":{"self":[{"href":"https:\/\/www.cnbb.org.br\/cnbb-app\/wp\/v2\/posts\/14183"}],"collection":[{"href":"https:\/\/www.cnbb.org.br\/cnbb-app\/wp\/v2\/posts"}],"about":[{"href":"https:\/\/www.cnbb.org.br\/cnbb-app\/wp\/v2\/types\/post"}],"author":[{"embeddable":true,"href":"https:\/\/www.cnbb.org.br\/cnbb-app\/wp\/v2\/users\/83"}],"replies":[{"embeddable":true,"href":"https:\/\/www.cnbb.org.br\/cnbb-app\/wp\/v2\/comments?post=14183"}],"version-history":[{"count":0,"href":"https:\/\/www.cnbb.org.br\/cnbb-app\/wp\/v2\/posts\/14183\/revisions"}],"wp:featuredmedia":[{"embeddable":true,"href":"https:\/\/www.cnbb.org.br\/cnbb-app\/wp\/v2\/media\/14184"}],"wp:attachment":[{"href":"https:\/\/www.cnbb.org.br\/cnbb-app\/wp\/v2\/media?parent=14183"}],"wp:term":[{"taxonomy":"category","embeddable":true,"href":"https:\/\/www.cnbb.org.br\/cnbb-app\/wp\/v2\/categories?post=14183"},{"taxonomy":"post_tag","embeddable":true,"href":"https:\/\/www.cnbb.org.br\/cnbb-app\/wp\/v2\/tags?post=14183"}],"curies":[{"name":"wp","href":"https:\/\/api.w.org\/{rel}","templated":true}]}}