{"id":14187,"date":"2013-06-04T00:00:00","date_gmt":"2013-06-04T03:00:00","guid":{"rendered":"https:\/\/www.cnbb.org.br\/dom-leonardo-recebe-ministra-chefe-da-casa-civil-gleisi-hoffmann\/"},"modified":"2020-03-11T21:19:24","modified_gmt":"2020-03-12T00:19:24","slug":"dom-leonardo-recebe-ministra-chefe-da-casa-civil-gleisi-hoffmann","status":"publish","type":"post","link":"https:\/\/www.cnbb.org.br\/dom-leonardo-recebe-ministra-chefe-da-casa-civil-gleisi-hoffmann\/","title":{"rendered":"Dom Leonardo recebe ministra-chefe da Casa Civil, Gleisi Hoffmann"},"content":{"rendered":"<p style=\"text-align: justify\">Na tarde desta segunda-feira, 03 de junho, o secret\u00e1rio geral da CNBB, dom Leonardo Steiner, recebeu na sede da entidade em Bras\u00edlia (DF), a ministra-chefe da Casa Civil, Gleisi Hoffmann. A pauta do encontro, solicitado pelo governo federal h\u00e1 duas semanas, foi apresentar \u00e0 Confer\u00eancia a metodologia a ser usada na continuidade das demarca\u00e7\u00f5es das terras ind\u00edgenas.<\/p>\n<p><!--more--><\/p>\n<p style=\"text-align: justify\">\u201cAs demarca\u00e7\u00f5es est\u00e3o ocorrendo em \u00e1reas com maior presen\u00e7a de popula\u00e7\u00e3o e de produ\u00e7\u00e3o agr\u00edcola. Agrade\u00e7o a disponibilidade de dom Leonardo em nos receber aqui\u201d, declarou a ministra em entrevista \u00e0 imprensa. Ela reconheceu que o encontro coincide com conflito entre \u00edndios e fazendeiros em Sidrol\u00e2ndia (MS), onde um \u00edndio foi morto na \u00faltima quinta-feira, 30 de maio. \u201cO que n\u00f3s pretendemos \u00e9 que as demarca\u00e7\u00f5es em estudo pela Funai possam considerar, al\u00e9m do laudo antropol\u00f3gico, de acordo com a realidade de cada \u00e1rea, outros \u00f3rg\u00e3os do governo para diminuir os problemas jur\u00eddicos que temos atualmente, como \u00e9 o que temos hoje em Mato Grosso do Sul\u201d.<\/p>\n<p style=\"text-align: justify\">Dom Leonardo explicou qual o posicionamento da Confer\u00eancia dos Bispos diante dos conflitos em terras ind\u00edgenas. \u201cN\u00f3s sempre dialogamos. Esta \u00e9 a caracter\u00edstica da atua\u00e7\u00e3o da CNBB. Temos uma grande atua\u00e7\u00e3o neste campo atrav\u00e9s do Conselho Indigenista Mission\u00e1rio (CIMI), al\u00e9m do trabalho de educa\u00e7\u00e3o e defesa dos povos ind\u00edgenas. Esperamos que a Funai n\u00e3o se esvazie em sua fun\u00e7\u00e3o, e que as demarca\u00e7\u00f5es continuem. Foi um di\u00e1logo muito bom\u201d. Tamb\u00e9m participou do encontro o secret\u00e1rio executivo do Minist\u00e9rio do Desenvolvimento, Laudenir Andre Muller.<\/p>\n","protected":false},"excerpt":{"rendered":"<p>Na tarde desta segunda-feira, 03 de junho, o secret\u00e1rio geral da CNBB, dom Leonardo Steiner, recebeu na sede da entidade em Bras\u00edlia (DF), a ministra-chefe da Casa Civil, Gleisi Hoffmann. A pauta do encontro, solicitado pelo governo federal h\u00e1 duas semanas, foi apresentar \u00e0 Confer\u00eancia a metodologia a ser usada na continuidade das demarca\u00e7\u00f5es das &hellip;<\/p>\n<p class=\"read-more\"> <a class=\"\" href=\"https:\/\/www.cnbb.org.br\/dom-leonardo-recebe-ministra-chefe-da-casa-civil-gleisi-hoffmann\/\"> <span class=\"screen-reader-text\">Dom Leonardo recebe ministra-chefe da Casa Civil, Gleisi Hoffmann<\/span> Leia mais &raquo;<\/a><\/p>\n","protected":false},"author":83,"featured_media":14188,"comment_status":"open","ping_status":"open","sticky":false,"template":"","format":"standard","meta":{"site-sidebar-layout":"default","site-content-layout":"default","ast-global-header-display":"","ast-banner-title-visibility":"","ast-main-header-display":"","ast-hfb-above-header-display":"","ast-hfb-below-header-display":"","ast-hfb-mobile-header-display":"","site-post-title":"","ast-breadcrumbs-content":"","ast-featured-img":"","footer-sml-layout":"","theme-transparent-header-meta":"","adv-header-id-meta":"","stick-header-meta":"","header-above-stick-meta":"","header-main-stick-meta":"","header-below-stick-meta":""},"categories":[797,750],"tags":[],"acf":[],"_links":{"self":[{"href":"https:\/\/www.cnbb.org.br\/cnbb-app\/wp\/v2\/posts\/14187"}],"collection":[{"href":"https:\/\/www.cnbb.org.br\/cnbb-app\/wp\/v2\/posts"}],"about":[{"href":"https:\/\/www.cnbb.org.br\/cnbb-app\/wp\/v2\/types\/post"}],"author":[{"embeddable":true,"href":"https:\/\/www.cnbb.org.br\/cnbb-app\/wp\/v2\/users\/83"}],"replies":[{"embeddable":true,"href":"https:\/\/www.cnbb.org.br\/cnbb-app\/wp\/v2\/comments?post=14187"}],"version-history":[{"count":0,"href":"https:\/\/www.cnbb.org.br\/cnbb-app\/wp\/v2\/posts\/14187\/revisions"}],"wp:featuredmedia":[{"embeddable":true,"href":"https:\/\/www.cnbb.org.br\/cnbb-app\/wp\/v2\/media\/14188"}],"wp:attachment":[{"href":"https:\/\/www.cnbb.org.br\/cnbb-app\/wp\/v2\/media?parent=14187"}],"wp:term":[{"taxonomy":"category","embeddable":true,"href":"https:\/\/www.cnbb.org.br\/cnbb-app\/wp\/v2\/categories?post=14187"},{"taxonomy":"post_tag","embeddable":true,"href":"https:\/\/www.cnbb.org.br\/cnbb-app\/wp\/v2\/tags?post=14187"}],"curies":[{"name":"wp","href":"https:\/\/api.w.org\/{rel}","templated":true}]}}