{"id":14189,"date":"2014-02-03T00:00:00","date_gmt":"2014-02-03T02:00:00","guid":{"rendered":"https:\/\/www.cnbb.org.br\/curso-para-bispos-aborda-a-missao-na-igreja\/"},"modified":"2020-03-11T21:19:24","modified_gmt":"2020-03-12T00:19:24","slug":"curso-para-bispos-aborda-a-missao-na-igreja","status":"publish","type":"post","link":"https:\/\/www.cnbb.org.br\/curso-para-bispos-aborda-a-missao-na-igreja\/","title":{"rendered":"Curso para Bispos aborda a miss\u00e3o na Igreja"},"content":{"rendered":"<p style=\"text-align: justify\">A vida consagrada e a miss\u00e3o dos bispos s\u00e3o tem\u00e1ticas escolhidas para a edi\u00e7\u00e3o 2014 do Curso para Bispos promovido, anualmente, pela arquidiocese do Rio de Janeiro (RJ). Os documentos da Igreja <em>Ad gentes<\/em>, <em>Perfectae Caritatis<\/em> e <em>Christus Dominus<\/em> servem como base para os estudos do episcopado. O curso tem in\u00edcio nesta segunda-feira, 3, e prosseguir\u00e1 at\u00e9 a sexta, 7.<\/p>\n<p><!--more--><\/p>\n<p style=\"text-align: justify\">De acordo com o arcebispo do Rio de Janeiro (RJ), dom Orani Jo\u00e3o Tempesta, esta edi\u00e7\u00e3o do curso \u00e9 continua\u00e7\u00e3o dos estudos e reflex\u00f5es propostas pelo Conc\u00edlio Vaticano II.<\/p>\n<p style=\"text-align: justify\">\u201cTemos aproveitado para revisitar os documentos do Conc\u00edlio nas comemora\u00e7\u00f5es dos seus 50 anos. A cada ano aproveitamos para aprofundar alguns dos temas dos documentos conciliares. Os conferencistas trazem todos os textos e discuss\u00f5es que se sucederam nestes anos, depois da aprova\u00e7\u00e3o e divulga\u00e7\u00e3o do documento conciliar. Tem sido de uma riqueza imensa\u201d, explica dom Orani.<\/p>\n<p style=\"text-align: justify\">Entre os conferencistas est\u00e3o o prefeito da Congrega\u00e7\u00e3o para a Evangeliza\u00e7\u00e3o dos Povos, cardeal Fernando Filoni, e o prefeito da Congrega\u00e7\u00e3o para os Institutos de Vida Consagrada e as Sociedades de Vida Apost\u00f3lica, dom Jo\u00e3o Braz de Aviz.<\/p>\n<p style=\"text-align: justify\"><strong>Consci\u00eancia Mission\u00e1ria<\/strong><\/p>\n<p style=\"text-align: justify\">O cardeal Filoni abordar\u00e1 o documento <em>Ad Gentes<\/em>, tratando do perfil mission\u00e1rio na atualidade. A palestra ir\u00e1 tratar da consci\u00eancia mission\u00e1ria e do compromisso de enviar mission\u00e1rios para as regi\u00f5es de miss\u00f5es e para os continentes fora do Brasil.<\/p>\n<p style=\"text-align: justify\">\u201c\u00c9 importante notar que muitas novas comunidades enviam mission\u00e1rios para a Europa, que vive uma profunda crise de voca\u00e7\u00f5es. Mas os padres diocesanos tamb\u00e9m devem se empenhar na abertura ao esp\u00edrito mission\u00e1rio nos pa\u00edses que nos evangelizaram no passado e nas grandes regi\u00f5es da Amaz\u00f4nia, que precisam de evangelizadores e anunciadores da Palavra de Deus pelo aut\u00eantico testemunho de vida, levando os sacramentos e o encontro pessoal com o Cristo\u201d, comenta dom Orani.<\/p>\n<p style=\"text-align: justify\">Dom Jo\u00e3o Braz de Aviz apresentar\u00e1 o documento <em>Perfectae Charitatis<\/em>, que reflete sobre as quest\u00f5es ligadas \u00e0 dimens\u00e3o vocacional e das experi\u00eancias da vida religiosa.<\/p>\n<p style=\"text-align: justify\">Outros bispos da CNBB foram convidados como o bispo de Garanhuns (PE), dom Fernando Jos\u00e9 Guimar\u00e3es, que abordar\u00e1 as experi\u00eancias e desafios espec\u00edficos da Vida Consagrada e o bispo em\u00e9rito de Petr\u00f3polis (RJ), dom Filippo Santoro, com o tema &#8220;A miss\u00e3o do bispo \u00e0 luz do Decreto Conciliar <em>Christus Dominus<\/em>.<\/p>\n<p style=\"text-align: justify\"><strong>Tradi\u00e7\u00e3o<\/strong><\/p>\n<p style=\"text-align: justify\">O Curso para bispos no Centro de Estudos e Forma\u00e7\u00e3o do Sumar\u00e9 come\u00e7ou em julho de 1990, com a presen\u00e7a do ent\u00e3o cardeal Joseph Ratzinger e o tema \u201cO minist\u00e9rio Petrino em nosso tempo\u201d. Daquela data em diante, com apenas duas exce\u00e7\u00f5es, todos os anos tem sido realizado o evento.<\/p>\n<p style=\"text-align: justify\">\n","protected":false},"excerpt":{"rendered":"<p>A vida consagrada e a miss\u00e3o dos bispos s\u00e3o tem\u00e1ticas escolhidas para a edi\u00e7\u00e3o 2014 do Curso para Bispos promovido, anualmente, pela arquidiocese do Rio de Janeiro (RJ). Os documentos da Igreja Ad gentes, Perfectae Caritatis e Christus Dominus servem como base para os estudos do episcopado. O curso tem in\u00edcio nesta segunda-feira, 3, e &hellip;<\/p>\n<p class=\"read-more\"> <a class=\"\" href=\"https:\/\/www.cnbb.org.br\/curso-para-bispos-aborda-a-missao-na-igreja\/\"> <span class=\"screen-reader-text\">Curso para Bispos aborda a miss\u00e3o na Igreja<\/span> Leia mais &raquo;<\/a><\/p>\n","protected":false},"author":83,"featured_media":14190,"comment_status":"open","ping_status":"open","sticky":false,"template":"","format":"standard","meta":{"site-sidebar-layout":"default","site-content-layout":"default","ast-global-header-display":"","ast-banner-title-visibility":"","ast-main-header-display":"","ast-hfb-above-header-display":"","ast-hfb-below-header-display":"","ast-hfb-mobile-header-display":"","site-post-title":"","ast-breadcrumbs-content":"","ast-featured-img":"","footer-sml-layout":"","theme-transparent-header-meta":"","adv-header-id-meta":"","stick-header-meta":"","header-above-stick-meta":"","header-main-stick-meta":"","header-below-stick-meta":""},"categories":[797,750],"tags":[],"acf":[],"_links":{"self":[{"href":"https:\/\/www.cnbb.org.br\/cnbb-app\/wp\/v2\/posts\/14189"}],"collection":[{"href":"https:\/\/www.cnbb.org.br\/cnbb-app\/wp\/v2\/posts"}],"about":[{"href":"https:\/\/www.cnbb.org.br\/cnbb-app\/wp\/v2\/types\/post"}],"author":[{"embeddable":true,"href":"https:\/\/www.cnbb.org.br\/cnbb-app\/wp\/v2\/users\/83"}],"replies":[{"embeddable":true,"href":"https:\/\/www.cnbb.org.br\/cnbb-app\/wp\/v2\/comments?post=14189"}],"version-history":[{"count":0,"href":"https:\/\/www.cnbb.org.br\/cnbb-app\/wp\/v2\/posts\/14189\/revisions"}],"wp:featuredmedia":[{"embeddable":true,"href":"https:\/\/www.cnbb.org.br\/cnbb-app\/wp\/v2\/media\/14190"}],"wp:attachment":[{"href":"https:\/\/www.cnbb.org.br\/cnbb-app\/wp\/v2\/media?parent=14189"}],"wp:term":[{"taxonomy":"category","embeddable":true,"href":"https:\/\/www.cnbb.org.br\/cnbb-app\/wp\/v2\/categories?post=14189"},{"taxonomy":"post_tag","embeddable":true,"href":"https:\/\/www.cnbb.org.br\/cnbb-app\/wp\/v2\/tags?post=14189"}],"curies":[{"name":"wp","href":"https:\/\/api.w.org\/{rel}","templated":true}]}}