{"id":14211,"date":"2016-02-27T00:00:00","date_gmt":"2016-02-27T03:00:00","guid":{"rendered":"https:\/\/www.cnbb.org.br\/dom-sergio-fala-sobre-sinodalidade-aos-assessores-da-cnbb\/"},"modified":"2020-03-11T21:19:23","modified_gmt":"2020-03-12T00:19:23","slug":"dom-sergio-fala-sobre-sinodalidade-aos-assessores-da-cnbb","status":"publish","type":"post","link":"https:\/\/www.cnbb.org.br\/dom-sergio-fala-sobre-sinodalidade-aos-assessores-da-cnbb\/","title":{"rendered":"Dom Sergio fala sobre sinodalidade aos assessores da CNBB"},"content":{"rendered":"<p>Reuni\u00e3o foi antecedida por retiro sobre o tema da miseric\u00f3rdia, com prega\u00e7\u00e3o de dom Gilson Andrade<\/p>\n<p><!--more--><\/p>\n<p style=\"text-align: justify\">Sinodalidade. Este foi um dos temas de estudo do Grupo de Assessores (GA) da Confer\u00eancia Nacional dos Bispos do Brasil (CNBB), que esteve reunido em Bras\u00edlia, nos dias 24 e 25 de fevereiro. \u00a0A reflex\u00e3o foi apresentada pelo arcebispo de Bras\u00edlia e presidente da Confer\u00eancia, dom Sergio da Rocha.<\/p>\n<p style=\"text-align: justify\">Na oportunidade, o arcebispo explicou que o S\u00ednodo \u00e9 um \u201cinstrumento para realizar a colegialidade, a comunh\u00e3o eclesial\u201d. \u00a0Ao recordar o \u00faltimo S\u00ednodo sobre a Fam\u00edlia, ressaltou a consulta feita ao povo de Deus, referindo-se ao question\u00e1rio enviado \u00e0s dioceses do mundo e que abordava os desafios da fam\u00edlia no mundo contempor\u00e2neo. \u00a0Segundo dom Sergio, o papa Francisco afirma que a sinodalide aconteceu efetivamente neste S\u00ednodo porque ele consultou o povo de Deus. \u201cN\u00e3o \u00e9 s\u00f3 a presen\u00e7a de pessoas que representam leigos (as), religiosos (as) e irm\u00e3os de outras denomina\u00e7\u00f5es, mas o fato de ter sido um processo, um caminho\u201d. Segundo dom Sergio, \u201cescutar a Igreja levou o S\u00ednodo a expressar uma sinodalidade\u201d.<img decoding=\"async\" loading=\"lazy\" class=\" alignright size-full wp-image-28541\" style=\"float: right\" src=\"https:\/\/www.cnbb.org.br\/wp-content\/uploads\/2020\/03\/gafevereiro.jpg\" alt=\"\" width=\"315\" height=\"210\" \/><\/p>\n<p style=\"text-align: justify\">O presidente da CNBB retomou o discurso do papa Francisco por ocasi\u00e3o da comemora\u00e7\u00e3o do cinquenten\u00e1rio do S\u00ednodo dos Bispos, proferido no dia 17 de outubro de 2015. Dom Sergio chamou a aten\u00e7\u00e3o para o trecho: \u201cUma Igreja sinodal \u00e9 uma Igreja da escuta, ciente de que escutar \u2018\u00e9 mais do que ouvir\u2019. \u00c9 uma escuta rec\u00edproca, onde cada um tem algo a aprender. Povo fiel, Col\u00e9gio Episcopal, Bispo de Roma: cada um \u00e0 escuta dos outros; e todos \u00e0 escuta do Esp\u00edrito Santo, o \u2018Esp\u00edrito da verdade\u2019 (Jo 14, 17), para conhecer aquilo que Ele \u2018diz \u00e0s Igrejas\u2019 (Ap 2,7)\u201d.<\/p>\n<p style=\"text-align: justify\">Segundo o arcebispo, a escuta da qual fala Francisco tem a ver com o \u201caprender com o outro\u201d. \u00a0\u201cEu escuto para junto com o outro discernir o que \u00e9 melhor. A escuta fundamental \u00e9 a do Esp\u00edrito Santo. O papa dizia que s\u00f3 seremos capazes de escutar um ao outro se escutarmos o Esp\u00edrito Santo\u201d, destacou.<\/p>\n<h3 style=\"text-align: justify\">Retiro sobre a Miseric\u00f3rdia<\/h3>\n<p style=\"text-align: justify\">A reuni\u00e3o do Grupo de Assessores foi antecedida por um retiro, ocorrido na Vila Champagnat, pr\u00f3ximo a Brazl\u00e2ndia (DF), do dia 22 a 24 de fevereiro. O momento espiritual foi conduzido pelo bispo auxiliar de Salvador (BA) e secret\u00e1rio geral do regional Nordeste 3, dom Gilson Andrade, que falou sobre o tema da Miseric\u00f3rdia.<\/p>\n<p style=\"text-align: justify\"><img decoding=\"async\" loading=\"lazy\" class=\" alignleft size-full wp-image-28542\" style=\"float: left\" src=\"https:\/\/www.cnbb.org.br\/wp-content\/uploads\/2020\/03\/Gilson.jpg\" alt=\"\" width=\"341\" height=\"188\" \/><\/p>\n<p style=\"text-align: justify\">Durante as reflex\u00f5es, dom Gilson citou trecho do livro de Isa\u00edas 49, 15-16. \u201cUm dos textos do Antigo Testamento que busca mostrar o rosto bondoso de Deus\u201d, explicou. Conforme o bispo, nele Jav\u00e9 aparece como o Deus da ternura, o Deus da bondade. \u201cDeus ama com as entranhas, como uma mulher \u00e9 capaz de amar seu filho&#8221;, disse.<\/p>\n<p style=\"text-align: justify\">Dom Gilson questionou\u00a0os presentes sobre o que define a vida de cada um, n\u00e3o somente nas situa\u00e7\u00f5es dram\u00e1ticas ou nos desafios que precisam ser enfrentados. Para o bispo, esta defini\u00e7\u00e3o da vida se d\u00e1 por meio do &#8220;amor recebido do Pai, gra\u00e7as a Jesus Cristo\u201d. Citou como exemplo o pr\u00f3prio Cristo. \u201cNo per\u00edodo da Quaresma, recordamos tantas vezes \u00a0a trajet\u00f3ria de Jesus Cristo. No Evangelho de Lucas fica clara a perspectiva de Cristo que vai a Jerusal\u00e9m ao encontro da morte. O que animava Cristo? Eu penso que era a consci\u00eancia de ser amado. Jesus ouviu que ele era o filho bem-amado\u201d, pontuou. Para dom Gilson, o papa Francisco, ao decidir que este ano seria dedicado \u00e0 Miseric\u00f3rdia, pensava sobre a necessidade que todos t\u00eam de ser amados.<\/p>\n<p style=\"text-align: justify\">O bispo acrescentou que \u201ca miseric\u00f3rdia \u00e9 uma experi\u00eancia de amor que perdoa e que se doa\u201d. \u201cTrata-se de um caminho que n\u00e3o est\u00e1 muito ao nosso alcance. Como o pai do filho pr\u00f3digo, que tirou os olhos de sua pr\u00f3pria ferida, aquela que o outro me fez, para olhar o sofrimento do outro; consentir com n\u00e3o remoer indefinidamente seu pr\u00f3prio sofrimento, mas habitar o sofrimento daquele mesmo que o provocou&#8221;, complementou.<\/p>\n<p>Ao abordar as par\u00e1bolas do Bom Samaritano e do Filho Pr\u00f3digo, dom Gilson recordou que a miseric\u00f3rdia \u201cnunca humilha a pessoa\u201d. Tem a ver com a dignidade humana. \u201cEste tema est\u00e1 profundamente relacionado \u00e0s imagens de Deus. \u00c9 um caminho para Deus. Na par\u00e1bola do Filho Pr\u00f3digo, o pai n\u00e3o somente d\u00e1 o p\u00e3o, mas oferece a dignidade. O pai vai al\u00e9m da ferida que o filho lhe causou\u201d, disse.<\/p>\n<p style=\"text-align: justify\">Para os assessores da CNBB o retiro foi um momento de descanso e de aprofundamento sobre o tema da miseric\u00f3rdia. \u201cUma das coisas que para mim e para o grupo todo ficou \u00e9 que a CNBB deveria se tornar um \u2018o\u00e1sis de miseric\u00f3rdia\u2019 entre assessores, colaboradores, bispos e todas as pessoas\u201c, expressou a assessora da Comiss\u00e3o Episcopal para a Amaz\u00f4nia da CNBB, irm\u00e3 Maria Irene Lopes dos Santos.<img decoding=\"async\" loading=\"lazy\" class=\" alignright size-full wp-image-28543\" style=\"float: right\" src=\"https:\/\/www.cnbb.org.br\/wp-content\/uploads\/2020\/03\/retiro.jpg\" alt=\"\" width=\"407\" height=\"229\" \/><\/p>\n<p style=\"text-align: justify\">O assessor da Comiss\u00e3o Episcopal Pastoral para a Anima\u00e7\u00e3o B\u00edblico-Catequ\u00e9tica da CNBB, padre Antonio Marcos Depizzoli, considerou o encontro uma oportunidade para aprofundamento da tem\u00e1tica proposta por meio de \u201cum caminho de medita\u00e7\u00e3o, de reflex\u00e3o com a palavra de Deus\u201d. Para ele, a orienta\u00e7\u00e3o de dom Gilson foi \u201cmuito feliz\u201d em fazer o percurso de reflex\u00f5es, iniciado na segunda-feira pela manh\u00e3 e conclu\u00eddo na quarta-feira \u00e0 tarde. \u201cEle soube construir um caminho, utilizando a Sagrada Escritura, dando \u00eanfase de um modo muito especial \u00e0s par\u00e1bolas da miseric\u00f3rdia. Ent\u00e3o ajudou a todos. A avalia\u00e7\u00e3o foi muito positiva. De modo geral, conseguimos mesmo fazer um momento de especial encontro com o olhar miseric\u00f3rdia do Pai e isso, com certeza, foi bastante determinante na vida de cada um de n\u00f3s\u201d, afirmou.<\/p>\n<p style=\"text-align: justify\">Padre Marcos destacou a din\u00e2mica pr\u00f3pria da CNBB no modo como organiza as atividades, o que favorece a viv\u00eancia da pastoral de conjunto. \u201cCada um tem sua comiss\u00e3o, trabalha na comiss\u00e3o de modo bem espec\u00edfico, mas h\u00e1 essas oportunidades, nas quais a gente pode sentir a pastoral de conjunto, a pastoral org\u00e2nica. Ent\u00e3o, o grande objetivo desse tempo \u00e9 colocar realmente cada assessor ao lado um do outro para a gente sentir e fazer esse processo de fraternidade, de trabalho conjunto, de pastoral org\u00e2nica, seja na dimens\u00e3o espiritual, como fizermos e vivemos esse momento bem comunit\u00e1rio do retiro e, agora, discutindo quest\u00f5es muito pr\u00e1ticas\u201d, analisou.<\/p>\n<p>&nbsp;<\/p>\n","protected":false},"excerpt":{"rendered":"<p>Reuni\u00e3o foi antecedida por retiro sobre o tema da miseric\u00f3rdia, com prega\u00e7\u00e3o de dom Gilson Andrade<\/p>\n","protected":false},"author":83,"featured_media":14212,"comment_status":"open","ping_status":"open","sticky":false,"template":"","format":"standard","meta":{"site-sidebar-layout":"default","site-content-layout":"default","ast-global-header-display":"","ast-banner-title-visibility":"","ast-main-header-display":"","ast-hfb-above-header-display":"","ast-hfb-below-header-display":"","ast-hfb-mobile-header-display":"","site-post-title":"","ast-breadcrumbs-content":"","ast-featured-img":"","footer-sml-layout":"","theme-transparent-header-meta":"","adv-header-id-meta":"","stick-header-meta":"","header-above-stick-meta":"","header-main-stick-meta":"","header-below-stick-meta":""},"categories":[797,750],"tags":[],"acf":[],"_links":{"self":[{"href":"https:\/\/www.cnbb.org.br\/cnbb-app\/wp\/v2\/posts\/14211"}],"collection":[{"href":"https:\/\/www.cnbb.org.br\/cnbb-app\/wp\/v2\/posts"}],"about":[{"href":"https:\/\/www.cnbb.org.br\/cnbb-app\/wp\/v2\/types\/post"}],"author":[{"embeddable":true,"href":"https:\/\/www.cnbb.org.br\/cnbb-app\/wp\/v2\/users\/83"}],"replies":[{"embeddable":true,"href":"https:\/\/www.cnbb.org.br\/cnbb-app\/wp\/v2\/comments?post=14211"}],"version-history":[{"count":0,"href":"https:\/\/www.cnbb.org.br\/cnbb-app\/wp\/v2\/posts\/14211\/revisions"}],"wp:featuredmedia":[{"embeddable":true,"href":"https:\/\/www.cnbb.org.br\/cnbb-app\/wp\/v2\/media\/14212"}],"wp:attachment":[{"href":"https:\/\/www.cnbb.org.br\/cnbb-app\/wp\/v2\/media?parent=14211"}],"wp:term":[{"taxonomy":"category","embeddable":true,"href":"https:\/\/www.cnbb.org.br\/cnbb-app\/wp\/v2\/categories?post=14211"},{"taxonomy":"post_tag","embeddable":true,"href":"https:\/\/www.cnbb.org.br\/cnbb-app\/wp\/v2\/tags?post=14211"}],"curies":[{"name":"wp","href":"https:\/\/api.w.org\/{rel}","templated":true}]}}