{"id":14215,"date":"2016-04-07T00:00:00","date_gmt":"2016-04-07T03:00:00","guid":{"rendered":"https:\/\/www.cnbb.org.br\/em-missa-nuncio-apostolico-no-brasil-acolhe-novos-bispos-da-cnbb\/"},"modified":"2020-03-11T21:19:23","modified_gmt":"2020-03-12T00:19:23","slug":"em-missa-nuncio-apostolico-no-brasil-acolhe-novos-bispos-da-cnbb","status":"publish","type":"post","link":"https:\/\/www.cnbb.org.br\/em-missa-nuncio-apostolico-no-brasil-acolhe-novos-bispos-da-cnbb\/","title":{"rendered":"Em missa, n\u00fancio apost\u00f3lico no Brasil acolhe novos bispos da CNBB"},"content":{"rendered":"<p style=\"text-align: justify\">De maio de 2015 a mar\u00e7o de 2016, ocorreram treze nomea\u00e7\u00f5es ao episcopado brasileiro<\/p>\n<p><!--more--><\/p>\n<p style=\"text-align: justify\">O segundo dia da 54\u00aa Assembleia Geral da Confer\u00eancia Nacional dos Bispos do Brasil (CNBB) iniciou com missa, na Bas\u00edlica Nacional do Santu\u00e1rio de Aparecida, nesta quinta-feira, 07 de abril. A\u00a0celebra\u00e7\u00e3o\u00a0foi presidida pelo n\u00fancio apost\u00f3lico no Brasil, dom Giovanni D&#8217;Aniello, e concelebrada pelos bispos de Dourados (MS), dom Henrique Aparecido, e de Jata\u00ed (GO), dom N\u00e9lio Domingos Zortea.<\/p>\n<p style=\"text-align: justify\">Na abertura da missa, dom Giovanni D\u00b4Aniello acolheu os novos bispos nomeados no per\u00edodo de maio de 2015 a mar\u00e7o de 2016 e desejou paz no minist\u00e9rio episcopal \u00e0 servi\u00e7o da Igreja.<\/p>\n<p style=\"text-align: justify\">Durante a homilia, o bispo meditou\u00a0sobre o\u00a0Evangelho de Jo\u00e3o, cap\u00edtulo 3, que trata do amor de Deus pela humanidade. Dom Giovanni explicou que o Pai confiou a Jesus e\u00a0\u00e0\u00a0Igreja a miss\u00e3o de anunciar o amor e a miseric\u00f3rdia aos povos.<\/p>\n<p style=\"text-align: justify\">\u201cDeus se inclina na nossa condi\u00e7\u00e3o. \u00c9 a grandeza da miseric\u00f3rdia de Deus que vem ao nosso encontro. Ele \u00e9 o Pai que envia seu Filho para nos lembrar que n\u00e3o estamos s\u00f3s, mas temos a prote\u00e7\u00e3o de um Deus que nos Ama. Ele foi at\u00e9 a cruz para nos resgatar\u201d, refletiu.<\/p>\n<p style=\"font-size: 11.8181819915771px;line-height: 15.8079996109009px\"><strong>Proclamar a miseric\u00f3rdia<img decoding=\"async\" loading=\"lazy\" class=\" alignright size-full wp-image-28830\" style=\"float: right\" src=\"https:\/\/www.cnbb.org.br\/wp-content\/uploads\/2020\/03\/geral.jpg\" alt=\"\" width=\"413\" height=\"275\" \/><\/strong><\/p>\n<p style=\"text-align: justify\">Ao recordar\u00a0a passagem de Atos dos Ap\u00f3stolos, cap\u00edtulo 5, vers\u00edculo 27, o n\u00fancio destacou o compromisso dos disc\u00edpulos, que a exemplo de Jesus, tamb\u00e9m s\u00e3o chamados a anunciar o amor e a miseric\u00f3rdia.<\/p>\n<p style=\"text-align: justify\">\u00a0\u201cAinda que enfrentemos dificuldades, n\u00e3o podemos desanimar. Assim como os ap\u00f3stolos, precisamos permanecer firmes no chamado que Deus faz a cada um de n\u00f3s\u201d, disse o bispo.<\/p>\n<p style=\"text-align: justify\">No contexto do Ano da Miseric\u00f3rdia, convocado pelo papa Francisco, explicou que \u00e9 o Esp\u00edrito Santo que doa a f\u00e9, sendo Ele o verdadeiro dom da f\u00e9. Dom Giovanni convidou os novos bispos\u00a0a\u00a0serem testemunhas do amor e da miseric\u00f3rdia do Pai em suas dioceses, levando ao povo de Deus a mensagem de esperan\u00e7a e paz.<\/p>\n<p style=\"text-align: justify\">\u201cO amor para iluminar as mentes e os\u00a0cora\u00e7\u00f5es, para purificar as nossas inten\u00e7\u00f5es. Que Deus nos d\u00ea o Esp\u00edrito da verdade, o par\u00e1clito. Que Maria Sant\u00edssima, Nossa Senhora Aparecida, nos acompanhe nesses dias e apresente\u00a0a Jesus as nossas dificuldades. Que Deus nos aben\u00e7oe\u201d, concluiu dom Giovanni.<\/p>\n<p style=\"text-align: justify\"><strong>Bispos nomeados 2015-2016<\/strong><\/p>\n<p style=\"text-align: justify\">Dom Adilson Pedro Busin, C.S., bispo auxiliar de Porto Alegre (RS);<\/p>\n<p style=\"text-align: justify\">Dom Jos\u00e9 Albuquerque de Ara\u00fajo, bispo auxiliar de Manaus (AM);<\/p>\n<p style=\"text-align: justify\">Dom Henrique Aparecido de Lima, bispo de Dourados (MS);<\/p>\n<p style=\"text-align: justify\">Dom Frei Jo\u00e3o Muniz Alvez, OFM, bispo da Prelazia de Xingu (PA);<\/p>\n<p style=\"text-align: justify\">Dom Paulo Bosi Dal&#8217;B\u00f3, bispo de S\u00e3o Mateus (ES);<\/p>\n<p style=\"text-align: justify\">Dom Zenildo Luiz Pereira da Silva, C.SS.R, bispo coadjutor da Prelazia de Borba (AM);<\/p>\n<p style=\"text-align: justify\">Dom N\u00e9lio Domingos Zortea, bispo de Jata\u00ed (GO);<\/p>\n<p style=\"text-align: justify\">Dom Aparecido Donizete de Souza, bispo Auxiliar de Porto Alegre (RS);<\/p>\n<p style=\"text-align: justify\">Dom Jos\u00e9 Reginaldo Andrietta, bispo de Jales (SP);<\/p>\n<p style=\"text-align: justify\">Dom Paulo Jackson N\u00f3brega de Sousa, bispo de Garanhuns (PE);<\/p>\n<p style=\"text-align: justify\">Dom Ricardo Hoepers, bispo de Rio Grande (RS);<\/p>\n<p style=\"text-align: justify\">Dom Frei Carlos Alberto Breis Pereira, OFM, bispo coadjutor de Juazeiro (BA)<\/p>\n<p style=\"text-align: justify\">Mons. Luiz Carlos Dias, nomeado bispo auxiliar de S\u00e3o Paulo (SP)<\/p>\n<p style=\"text-align: justify\"><strong>Cobertura 54\u00aaAG<\/strong><\/p>\n<p style=\"text-align: justify\">Acompanhe a Assembleia Geral nas redes sociais<\/p>\n<p style=\"text-align: justify\"><strong>Galeria de Fotos<\/strong>: Flickr: https:\/\/www.flickr.com\/cnbbnacional<\/p>\n<p style=\"text-align: justify\"><strong>Email<\/strong>: imprensa@cnbb.org.br \u00a0Facebook: CNBBnacional \/ Twitter: @cnbbnacional<\/p>\n<p style=\"text-align: justify\">\n","protected":false},"excerpt":{"rendered":"<p>De maio de 2015 a mar\u00e7o de 2016, ocorreram treze nomea\u00e7\u00f5es ao episcopado brasileiro<\/p>\n","protected":false},"author":83,"featured_media":14216,"comment_status":"open","ping_status":"open","sticky":false,"template":"","format":"standard","meta":{"site-sidebar-layout":"default","site-content-layout":"default","ast-global-header-display":"","ast-banner-title-visibility":"","ast-main-header-display":"","ast-hfb-above-header-display":"","ast-hfb-below-header-display":"","ast-hfb-mobile-header-display":"","site-post-title":"","ast-breadcrumbs-content":"","ast-featured-img":"","footer-sml-layout":"","theme-transparent-header-meta":"","adv-header-id-meta":"","stick-header-meta":"","header-above-stick-meta":"","header-main-stick-meta":"","header-below-stick-meta":""},"categories":[797,750],"tags":[],"acf":[],"_links":{"self":[{"href":"https:\/\/www.cnbb.org.br\/cnbb-app\/wp\/v2\/posts\/14215"}],"collection":[{"href":"https:\/\/www.cnbb.org.br\/cnbb-app\/wp\/v2\/posts"}],"about":[{"href":"https:\/\/www.cnbb.org.br\/cnbb-app\/wp\/v2\/types\/post"}],"author":[{"embeddable":true,"href":"https:\/\/www.cnbb.org.br\/cnbb-app\/wp\/v2\/users\/83"}],"replies":[{"embeddable":true,"href":"https:\/\/www.cnbb.org.br\/cnbb-app\/wp\/v2\/comments?post=14215"}],"version-history":[{"count":0,"href":"https:\/\/www.cnbb.org.br\/cnbb-app\/wp\/v2\/posts\/14215\/revisions"}],"wp:featuredmedia":[{"embeddable":true,"href":"https:\/\/www.cnbb.org.br\/cnbb-app\/wp\/v2\/media\/14216"}],"wp:attachment":[{"href":"https:\/\/www.cnbb.org.br\/cnbb-app\/wp\/v2\/media?parent=14215"}],"wp:term":[{"taxonomy":"category","embeddable":true,"href":"https:\/\/www.cnbb.org.br\/cnbb-app\/wp\/v2\/categories?post=14215"},{"taxonomy":"post_tag","embeddable":true,"href":"https:\/\/www.cnbb.org.br\/cnbb-app\/wp\/v2\/tags?post=14215"}],"curies":[{"name":"wp","href":"https:\/\/api.w.org\/{rel}","templated":true}]}}