{"id":14262,"date":"2013-02-11T00:00:00","date_gmt":"2013-02-11T02:00:00","guid":{"rendered":"https:\/\/www.cnbb.org.br\/bispos-redigem-carta-ao-papa-ao-final-do-22o-curso-dos-bispos-brasil\/"},"modified":"2020-03-11T21:22:58","modified_gmt":"2020-03-12T00:22:58","slug":"bispos-redigem-carta-ao-papa-ao-final-do-22o-curso-dos-bispos-brasil","status":"publish","type":"post","link":"https:\/\/www.cnbb.org.br\/bispos-redigem-carta-ao-papa-ao-final-do-22o-curso-dos-bispos-brasil\/","title":{"rendered":"Bispos redigem carta ao papa ao final do 22\u00ba Curso dos Bispos Brasil"},"content":{"rendered":"<p style=\"text-align: justify\">Terminou na \u00faltima sexta-feira, 8 de fevereiro, a 22\u00aa edi\u00e7\u00e3o do Curso Anual dos Bispos do Brasil, promovido pela Arquidiocese do Rio de Janeiro. O evento foi realizado desde o \u00faltimo dia 5, no Centro de Estudos e Forma\u00e7\u00e3o do Sumar\u00e9, na capital carioca.\u00a0 A cerim\u00f4nia de encerramento foi com uma missa, presidida pelo arcebispo do Rio, dom Orani Jo\u00e3o Tempesta.<\/p>\n<p><!--more--><\/p>\n<p style=\"text-align: justify\">Com mais de 100 bispos inscritos, o Curso foi um momento de partilha e forma\u00e7\u00e3o, que \u00e9 realizado sempre no inicio do ano e direcionado aos membros do episcopado brasileiro. O tema principal desta edi\u00e7\u00e3o foi: \u201cCinquenta anos ap\u00f3s o Conc\u00edlio Vaticano II &#8211; Liturgia, Miss\u00f5es e Leigos\u201d. O \u00faltimo dia do encontro foi marcado pela palestra: \u201cA f\u00e9 cat\u00f3lica \u00e9 fides quae per caritatem operatur \u2013 A fraternidade crist\u00e3, ant\u00eddoto \u00e0 imunidade moderna\u201d, ministrada pelo Bispo de Noto, na It\u00e1lia, dom Ant\u00f4nio Staglian\u00f2.<br \/>\n\u201cUma f\u00e9 que busca compreender. Essa \u00e9 uma caracter\u00edstica pr\u00f3pria da nossa f\u00e9 crist\u00e3, por isso, a intelig\u00eancia n\u00e3o \u00e9 uma realidade extr\u00ednseca a f\u00e9, mas ela age junto com a f\u00e9, \u00e9 intr\u00ednseca a pr\u00f3pria realidade da f\u00e9. Ao crermos n\u00f3s manifestamos tamb\u00e9m, enquanto crist\u00e3os, um modo de estar no mundo, um modo de sermos homens e mulheres de f\u00e9\u201d, disse dom Ant\u00f4nio.\u00a0 \u201c\u00c9 uma gra\u00e7a poder acolher todos os meus irm\u00e3os bispos aqui no Rio de Janeiro e manter essa tradi\u00e7\u00e3o iniciada por Dom Eugenio, seguida por Dom Eus\u00e9bio e continuada por mim\u201d, desejou dom Orani, que convidou os bispos a participarem da Jornada Mundial da Juventude, que se realizar\u00e1 na cidade no pr\u00f3ximo m\u00eas de julho.<br \/>\nO bispo de Parintins (AM), dom Giuliano Frigeni, destacou a import\u00e2ncia do curso para a forma\u00e7\u00e3o do episcopado brasileiro. \u201cEu participo h\u00e1 13 anos e realmente este ano n\u00f3s tivemos palestras com professores de alto n\u00edvel. De todos os anos que participei este que termina hoje \u00e9 aquele que mais mexeu comigo e me fez refletir como eu preciso, enquanto bispo, enxergar o bem das pessoas sabendo em que culturas elas est\u00e3o mergulhadas e encontrando formas de ser mais realista do que essa cultura que abandonando a f\u00e9 cat\u00f3lica pretende ser mais humana e mais aberta\u201d.<br \/>\nDurante a cerim\u00f4nia de encerramento os bispos do Brasil escreveram uma carta ao papa Bento XVI e outra ao Prefeito da Congrega\u00e7\u00e3o para os Bispos, cardeal Marc Ouellet, demonstrando unidade \u00e0 Igreja de Deus. A 23\u00aa edi\u00e7\u00e3o do Curso Anual dos Bispos do Brasil est\u00e1 prevista para acontecer entre os dias 3 e 7 de fevereiro de 2014.<\/p>\n","protected":false},"excerpt":{"rendered":"<p>Terminou na \u00faltima sexta-feira, 8 de fevereiro, a 22\u00aa edi\u00e7\u00e3o do Curso Anual dos Bispos do Brasil, promovido pela Arquidiocese do Rio de Janeiro. O evento foi realizado desde o \u00faltimo dia 5, no Centro de Estudos e Forma\u00e7\u00e3o do Sumar\u00e9, na capital carioca.\u00a0 A cerim\u00f4nia de encerramento foi com uma missa, presidida pelo arcebispo &hellip;<\/p>\n<p class=\"read-more\"> <a class=\"\" href=\"https:\/\/www.cnbb.org.br\/bispos-redigem-carta-ao-papa-ao-final-do-22o-curso-dos-bispos-brasil\/\"> <span class=\"screen-reader-text\">Bispos redigem carta ao papa ao final do 22\u00ba Curso dos Bispos Brasil<\/span> Leia mais &raquo;<\/a><\/p>\n","protected":false},"author":83,"featured_media":14263,"comment_status":"open","ping_status":"open","sticky":false,"template":"","format":"standard","meta":{"site-sidebar-layout":"default","site-content-layout":"default","ast-global-header-display":"","ast-banner-title-visibility":"","ast-main-header-display":"","ast-hfb-above-header-display":"","ast-hfb-below-header-display":"","ast-hfb-mobile-header-display":"","site-post-title":"","ast-breadcrumbs-content":"","ast-featured-img":"","footer-sml-layout":"","theme-transparent-header-meta":"","adv-header-id-meta":"","stick-header-meta":"","header-above-stick-meta":"","header-main-stick-meta":"","header-below-stick-meta":""},"categories":[841,750,856],"tags":[],"acf":[],"_links":{"self":[{"href":"https:\/\/www.cnbb.org.br\/cnbb-app\/wp\/v2\/posts\/14262"}],"collection":[{"href":"https:\/\/www.cnbb.org.br\/cnbb-app\/wp\/v2\/posts"}],"about":[{"href":"https:\/\/www.cnbb.org.br\/cnbb-app\/wp\/v2\/types\/post"}],"author":[{"embeddable":true,"href":"https:\/\/www.cnbb.org.br\/cnbb-app\/wp\/v2\/users\/83"}],"replies":[{"embeddable":true,"href":"https:\/\/www.cnbb.org.br\/cnbb-app\/wp\/v2\/comments?post=14262"}],"version-history":[{"count":0,"href":"https:\/\/www.cnbb.org.br\/cnbb-app\/wp\/v2\/posts\/14262\/revisions"}],"wp:featuredmedia":[{"embeddable":true,"href":"https:\/\/www.cnbb.org.br\/cnbb-app\/wp\/v2\/media\/14263"}],"wp:attachment":[{"href":"https:\/\/www.cnbb.org.br\/cnbb-app\/wp\/v2\/media?parent=14262"}],"wp:term":[{"taxonomy":"category","embeddable":true,"href":"https:\/\/www.cnbb.org.br\/cnbb-app\/wp\/v2\/categories?post=14262"},{"taxonomy":"post_tag","embeddable":true,"href":"https:\/\/www.cnbb.org.br\/cnbb-app\/wp\/v2\/tags?post=14262"}],"curies":[{"name":"wp","href":"https:\/\/api.w.org\/{rel}","templated":true}]}}