{"id":14267,"date":"2014-03-28T00:00:00","date_gmt":"2014-03-28T03:00:00","guid":{"rendered":"https:\/\/www.cnbb.org.br\/igreja-no-brasil-celebra-canonizacao-de-anchieta\/"},"modified":"2020-03-11T21:22:57","modified_gmt":"2020-03-12T00:22:57","slug":"igreja-no-brasil-celebra-canonizacao-de-anchieta","status":"publish","type":"post","link":"https:\/\/www.cnbb.org.br\/igreja-no-brasil-celebra-canonizacao-de-anchieta\/","title":{"rendered":"Igrejas tocar\u00e3o os sinos no dia da canoniza\u00e7\u00e3o do beato Anchieta"},"content":{"rendered":"<p style=\"text-align: justify\">O Conselho Permanente da Confer\u00eancia Nacional dos Bispos do Brasil (CNBB) convoca todas as Igrejas do pa\u00eds para que toquem os sinos, no dia 2 de abril, \u00e0s 9 horas da manh\u00e3, por ocasi\u00e3o da canoniza\u00e7\u00e3o do beato Jos\u00e9 de Anchieta.<\/p>\n<p><!--more--><\/p>\n<p style=\"text-align: justify\">Em carta, enviada aos bispos, o bispo auxiliar de Bras\u00edlia e secret\u00e1rio geral da CNBB, dom Leonardo Steiner, explica que ser\u00e1 um &#8220;gesto de alegria, gratid\u00e3o e comunh\u00e3o por estar inscrito entre os santos, o Ap\u00f3stolo do Brasil&#8221;.<\/p>\n<p style=\"text-align: justify\">Durante a 52\u00aa Assembleia Geral da CNBB, que acontecer\u00e1 em Aparecida (SP), ser\u00e1 celebrada missa em a\u00e7\u00e3o de gra\u00e7as pela canoniza\u00e7\u00e3o do beato, no dia 4 de maio, \u00e0s 8h, no Santu\u00e1rio Nacional de Aparecida.<\/p>\n<p style=\"text-align: justify\"><span style=\"font-family: Arial, Helvetica, sans-serif;font-size: small;font-weight: bold;line-height: 1.3em\">Celebra\u00e7\u00f5es por onde Anchieta passou<\/span><\/p>\n<p style=\"text-align: justify\">O arcebispo de S\u00e3o Paulo (SP), cardeal Odilo Pedro Scherer, convidou o clero da arquidiocese para acolher a canoniza\u00e7\u00e3o com manifesta\u00e7\u00f5es de &#8220;j\u00fabilo e a\u00e7\u00e3o de gra\u00e7as a Deus&#8221;, pedindo que os sinos toquem, todos juntos, \u00e0s 14h, por cinco minutos, ao menos. No domingo, dia 6, haver\u00e1 prociss\u00e3o saindo do P\u00e1tio do Col\u00e9gio, \u00e0s 10h15, em dire\u00e7\u00e3o \u00e0 Catedral da S\u00e9, onde ser\u00e1 celebrada missa solene \u00e0s 11h.<\/p>\n<p style=\"text-align: justify\">Em Salvador (BA), o arcebispo local e primaz do Brasil, dom Murilo Krieger, celebrar\u00e1 uma missa, \u00e0s 18h, na Catedral Bas\u00edlica.<\/p>\n<p style=\"text-align: justify\">Na arquidiocese de Vit\u00f3ria do Esp\u00edrito Santo (ES) haver\u00e1 missa na catedral metropolitana, \u00e0s 18h do dia 2, presidida pelo arcebispo local, dom Luiz Mancilha Vilela. \u00c0s 20h, a comunidade Shalom apresenta o musical \u201cAnchieta para todas as tribos\u201d. No domingo, dia 6, duas missas est\u00e3o marcadas. \u00c0s 9h30, na par\u00f3quia Beato Jos\u00e9 de Anchieta, em Serra (ES), e \u00e0s 16h, no p\u00e1tio do Santu\u00e1rio de Anchieta (ES).<\/p>\n<p style=\"text-align: justify\">O arcebispo de S\u00e3o Sebasti\u00e3o do Rio de Janeiro (RJ), cardeal Orani Jo\u00e3o Tempesta, presidir\u00e1 uma missa em a\u00e7\u00e3o de gra\u00e7as na Catedral Metropolitana de S\u00e3o Sebasti\u00e3o, no dia 2 de abril, \u00e0s 18h.<\/p>\n<p style=\"text-align: justify\"><strong>\u00a0<\/strong>Hist\u00f3ria do Ap\u00f3stolo do Brasil<sup>1<\/sup><\/p>\n<p style=\"text-align: justify\">O padre Jos\u00e9 de Anchieta nasceu em 19 de mar\u00e7o de 1534, nas ilhas Can\u00e1rias, Espanha. Seu primeiro contato com os jesu\u00edtas foi quando estudava filosofia na universidade de Coimbra, Portugal. Em 1551, Anchieta entrou na Companhia de Jesus.<\/p>\n<p style=\"text-align: justify\">A miss\u00e3o no Brasil come\u00e7ou em 1553, quando, ainda novi\u00e7o, aos 19 anos, desembarcou em Salvador (BA) para trabalhar com padre Manuel da N\u00f3brega e outros mission\u00e1rios.<\/p>\n<p style=\"text-align: justify\">A funda\u00e7\u00e3o da cidade de S\u00e3o Paulo est\u00e1 relacionada \u00e0 primeira missa celebrada na miss\u00e3o de Piratininga, em 25 de janeiro de 1554, festa lit\u00fargica da Convers\u00e3o do ap\u00f3stolo S\u00e3o Paulo. Ali, os jesu\u00edtas fundaram um col\u00e9gio, o primeiro da Companhia de Jesus na Am\u00e9rica Latina.<\/p>\n<p style=\"text-align: justify\">Outros elementos s\u00e3o marcantes na hist\u00f3ria do beato Jos\u00e9 de Anchieta, no Brasil. Ele ensinou a l\u00edngua portuguesa aos filhos de \u00edndios e de portugueses; aprendeu a l\u00edngua ind\u00edgena; escreveu gram\u00e1tica, catecismo, pe\u00e7as de teatro e hinos na l\u00edngua dos \u00edndios, al\u00e9m de outras obras em portugu\u00eas, latim, tupi e guarani; participou de negocia\u00e7\u00f5es de paz em conflitos entre \u00edndios e portugueses; fundou outro col\u00e9gio no Rio de Janeiro, no qual foi reitor; foi respons\u00e1vel por outras miss\u00f5es; provincial dos jesu\u00edtas no Brasil; e escreveu muitos relatos sobre a miss\u00e3o e particularidades da terra e do povo brasileiros.<\/p>\n<p style=\"text-align: justify\">Jos\u00e9 de Anchieta morreu em 9 de junho de 1597, em Reritiba, cidade fundada por ele no Esp\u00edrito Santo que futuramente recebeu o nome de Anchieta.<\/p>\n<p style=\"text-align: justify\">O t\u00edtulo de \u201cAp\u00f3stolo do Brasil\u201d foi dado pelo prelado do Rio de Janeiro, dom Bartolomeu Sim\u00f5es Pereira, durante a homilia do funeral.<\/p>\n<p style=\"text-align: justify\"><sup>1<\/sup><em>Hist\u00f3ria baseada no artigo \u201cQuem foi Pe. Jos\u00e9 de Anchieta?\u201d de autoria do arcebispo de S\u00e3o Paulo (SP), cardeal Odilo Pedro Scherer.<\/em><\/p>\n","protected":false},"excerpt":{"rendered":"<p>O Conselho Permanente da Confer\u00eancia Nacional dos Bispos do Brasil (CNBB) convoca todas as Igrejas do pa\u00eds para que toquem os sinos, no dia 2 de abril, \u00e0s 9 horas da manh\u00e3, por ocasi\u00e3o da canoniza\u00e7\u00e3o do beato Jos\u00e9 de Anchieta.<\/p>\n","protected":false},"author":83,"featured_media":12118,"comment_status":"open","ping_status":"open","sticky":false,"template":"","format":"standard","meta":{"site-sidebar-layout":"default","site-content-layout":"default","ast-global-header-display":"","ast-banner-title-visibility":"","ast-main-header-display":"","ast-hfb-above-header-display":"","ast-hfb-below-header-display":"","ast-hfb-mobile-header-display":"","site-post-title":"","ast-breadcrumbs-content":"","ast-featured-img":"","footer-sml-layout":"","theme-transparent-header-meta":"","adv-header-id-meta":"","stick-header-meta":"","header-above-stick-meta":"","header-main-stick-meta":"","header-below-stick-meta":""},"categories":[841,750,856],"tags":[],"acf":[],"_links":{"self":[{"href":"https:\/\/www.cnbb.org.br\/cnbb-app\/wp\/v2\/posts\/14267"}],"collection":[{"href":"https:\/\/www.cnbb.org.br\/cnbb-app\/wp\/v2\/posts"}],"about":[{"href":"https:\/\/www.cnbb.org.br\/cnbb-app\/wp\/v2\/types\/post"}],"author":[{"embeddable":true,"href":"https:\/\/www.cnbb.org.br\/cnbb-app\/wp\/v2\/users\/83"}],"replies":[{"embeddable":true,"href":"https:\/\/www.cnbb.org.br\/cnbb-app\/wp\/v2\/comments?post=14267"}],"version-history":[{"count":0,"href":"https:\/\/www.cnbb.org.br\/cnbb-app\/wp\/v2\/posts\/14267\/revisions"}],"wp:featuredmedia":[{"embeddable":true,"href":"https:\/\/www.cnbb.org.br\/cnbb-app\/wp\/v2\/media\/12118"}],"wp:attachment":[{"href":"https:\/\/www.cnbb.org.br\/cnbb-app\/wp\/v2\/media?parent=14267"}],"wp:term":[{"taxonomy":"category","embeddable":true,"href":"https:\/\/www.cnbb.org.br\/cnbb-app\/wp\/v2\/categories?post=14267"},{"taxonomy":"post_tag","embeddable":true,"href":"https:\/\/www.cnbb.org.br\/cnbb-app\/wp\/v2\/tags?post=14267"}],"curies":[{"name":"wp","href":"https:\/\/api.w.org\/{rel}","templated":true}]}}