{"id":14276,"date":"2015-05-08T00:00:00","date_gmt":"2015-05-08T03:00:00","guid":{"rendered":"https:\/\/www.cnbb.org.br\/bispos-da-cnbb-participam-de-encontro-sobre-a-enciclica-sobre-a-ecologia\/"},"modified":"2020-03-11T21:22:56","modified_gmt":"2020-03-12T00:22:56","slug":"bispos-da-cnbb-participam-de-encontro-sobre-a-enciclica-sobre-a-ecologia","status":"publish","type":"post","link":"https:\/\/www.cnbb.org.br\/bispos-da-cnbb-participam-de-encontro-sobre-a-enciclica-sobre-a-ecologia\/","title":{"rendered":"Bispos da CNBB participam de encontro sobre a nova enc\u00edclica do papa Francisco"},"content":{"rendered":"<p style=\"text-align: justify\"><span style=\"font-size: 12.1599998474121px;line-height: 1.3em\"><span style=\"font-size: 12.1599998474121px;line-height: 1.3em\">No Vaticano, bispos, sacerdotes, religiosos, lideran\u00e7as e organiza\u00e7\u00f5es engajadas no desenvolvimento e na promo\u00e7\u00e3o dos povos nativos participam do Encontro Preparat\u00f3rio para a publica\u00e7\u00e3o da\u00a0Enc\u00edclica do papa Francisco sobre a\u00a0Ecologia. O evento \u00e9 promovido pela Ag\u00eancia de ajudas da Igreja Cat\u00f3lica da Inglaterra e Gales (CAFOD). O documento, escrito pelo pont\u00edfice, tratar\u00e1 da realidade do meio ambiente, mudan\u00e7as clim\u00e1ticas, e o cuidado com a cria\u00e7\u00e3o.<\/span><\/span><\/p>\n<p><!--more--><\/p>\n<p style=\"text-align: justify\"><span style=\"font-size: 12.1599998474121px;line-height: 1.3em\">A proposta \u00e9 reunir a colabora\u00e7\u00e3o das entidades presentes em diversos pa\u00edses, com objetivo comum de contrastar a pobreza e a injusti\u00e7a. Durante o evento, os congressistas discutem sobre como levar a Enc\u00edclica a cat\u00f3licos e n\u00e3o-cat\u00f3licos, a partir de um di\u00e1logo inter-religioso.<\/span><\/p>\n<p style=\"text-align: justify\"><span style=\"font-size: 12.1599998474121px;line-height: 1.3em\">Do Brasil est\u00e3o presentes o bispo auxiliar de Bras\u00edlia (DF) e secret\u00e1rio-geral da Confer\u00eancia Nacional dos Bispos do Brasil (CNBB), dom Leonardo Steiner; o bispo de Roraima, dom Roque Paloschi; e o bispo de Ipameri (GO) e\u00a0presidente da Comiss\u00e3o Episcopal para o Servi\u00e7o da Caridade, da Justi\u00e7a e da Paz da CNBB,\u00a0dom Guilherme Werlang; a secret\u00e1ria executiva do Conselho Pastoral dos Pescadores (CPP), Maria Jos\u00e9 Pacheco, o assessor da Comiss\u00e3o Episcopal para o Servi\u00e7o da Caridade, da Justi\u00e7a e da Paz, padre Ari Ant\u00f4nio dos Reis; o membro\u00a0da coordena\u00e7\u00e3o nacional da C\u00e1ritas Brasileira, <\/span><span style=\"font-size: 12.1599998474121px;line-height: 1.3em\">Luiz Cl\u00e1udio Mandela,\u00a0<\/span><span style=\"font-size: 12.1599998474121px;line-height: 1.3em\">e o jovem Igor Guilherme Pereira Bastos, da Juventude Franciscana (Jufra), de Uberl\u00e2ndia.<\/span><\/p>\n<p style=\"text-align: justify\"><span style=\"font-size: 12.1599998474121px;line-height: 1.3em\">Em entrevista \u00e0 R\u00e1dio Vaticano, dom Leonardo Steiner comentou que a Enc\u00edclica \u201cser\u00e1 um grande impulso para a Igreja brasileira em seu comprometimento com o di\u00e1logo e as novas rela\u00e7\u00f5es com a natureza, que n\u00e3o podem ser ditadas pela economia\u201d.<\/span><\/p>\n<p style=\"text-align: justify\"><span style=\"font-size: 12.1599998474121px;line-height: 1.3em\">Ainda de acordo com o bispo, \u201co documento ajudar\u00e1 a abrir horizontes e assumir com mais coragem o trabalho dos bispos em quest\u00f5es do meio-ambiente sustent\u00e1vel\u201d.<\/span><\/p>\n<p style=\"text-align: justify\"><strong><span style=\"font-size: 12.1599998474121px;line-height: 1.3em\">Pescadores<\/span><\/strong><\/p>\n<p style=\"text-align: justify\"><span style=\"font-size: 12.1599998474121px;line-height: 1.3em\"><img decoding=\"async\" loading=\"lazy\" class=\" alignright size-full wp-image-25788\" style=\"float: right\" src=\"https:\/\/www.cnbb.org.br\/wp-content\/uploads\/2020\/03\/papa-1.jpg\" width=\"234\" height=\"152\" border=\"0\" \/>Na audi\u00eancia geral na Pra\u00e7a de S\u00e3o Padro, o papa Francisco recebeu de dom Guilherme Werlang uma c\u00f3pia do filme \u201cVento Forte\u201d. O document\u00e1rio denuncia as viola\u00e7\u00f5es aos direitos humanos que sofrem pescadores e pescadoras artesanais do Brasil \u00a0devido aos\u00a0conflitos socioambientais que ocorrem em seus territ\u00f3rios. Na ocasi\u00e3o, o papa mostrou interesse e curiosidade sobre o filme que \u00e9 instrumento de den\u00fancia e luta para os grupos tradicionais pesqueiros do pa\u00eds.\u00a0<\/span><\/p>\n<h5 style=\"text-align: justify\"><span style=\"font-size: x-small;line-height: 1.3em\">Com informa\u00e7\u00f5es da R\u00e1dio Vaticano e foto de Igor Bastos.\u00a0<\/span><\/h5>\n","protected":false},"excerpt":{"rendered":"<p>No Vaticano, bispos, sacerdotes, religiosos, lideran\u00e7as e organiza\u00e7\u00f5es engajadas no desenvolvimento e na promo\u00e7\u00e3o dos povos nativos participam do Encontro Preparat\u00f3rio para a publica\u00e7\u00e3o da\u00a0Enc\u00edclica do papa Francisco sobre a\u00a0Ecologia. O evento \u00e9 promovido pela Ag\u00eancia de ajudas da Igreja Cat\u00f3lica da Inglaterra e Gales (CAFOD). O documento, escrito pelo pont\u00edfice, tratar\u00e1 da realidade do &hellip;<\/p>\n<p class=\"read-more\"> <a class=\"\" href=\"https:\/\/www.cnbb.org.br\/bispos-da-cnbb-participam-de-encontro-sobre-a-enciclica-sobre-a-ecologia\/\"> <span class=\"screen-reader-text\">Bispos da CNBB participam de encontro sobre a nova enc\u00edclica do papa Francisco<\/span> Leia mais &raquo;<\/a><\/p>\n","protected":false},"author":83,"featured_media":7666,"comment_status":"open","ping_status":"open","sticky":false,"template":"","format":"standard","meta":{"site-sidebar-layout":"default","site-content-layout":"default","ast-global-header-display":"","ast-banner-title-visibility":"","ast-main-header-display":"","ast-hfb-above-header-display":"","ast-hfb-below-header-display":"","ast-hfb-mobile-header-display":"","site-post-title":"","ast-breadcrumbs-content":"","ast-featured-img":"","footer-sml-layout":"","theme-transparent-header-meta":"","adv-header-id-meta":"","stick-header-meta":"","header-above-stick-meta":"","header-main-stick-meta":"","header-below-stick-meta":""},"categories":[841,750,856],"tags":[],"acf":[],"_links":{"self":[{"href":"https:\/\/www.cnbb.org.br\/cnbb-app\/wp\/v2\/posts\/14276"}],"collection":[{"href":"https:\/\/www.cnbb.org.br\/cnbb-app\/wp\/v2\/posts"}],"about":[{"href":"https:\/\/www.cnbb.org.br\/cnbb-app\/wp\/v2\/types\/post"}],"author":[{"embeddable":true,"href":"https:\/\/www.cnbb.org.br\/cnbb-app\/wp\/v2\/users\/83"}],"replies":[{"embeddable":true,"href":"https:\/\/www.cnbb.org.br\/cnbb-app\/wp\/v2\/comments?post=14276"}],"version-history":[{"count":0,"href":"https:\/\/www.cnbb.org.br\/cnbb-app\/wp\/v2\/posts\/14276\/revisions"}],"wp:featuredmedia":[{"embeddable":true,"href":"https:\/\/www.cnbb.org.br\/cnbb-app\/wp\/v2\/media\/7666"}],"wp:attachment":[{"href":"https:\/\/www.cnbb.org.br\/cnbb-app\/wp\/v2\/media?parent=14276"}],"wp:term":[{"taxonomy":"category","embeddable":true,"href":"https:\/\/www.cnbb.org.br\/cnbb-app\/wp\/v2\/categories?post=14276"},{"taxonomy":"post_tag","embeddable":true,"href":"https:\/\/www.cnbb.org.br\/cnbb-app\/wp\/v2\/tags?post=14276"}],"curies":[{"name":"wp","href":"https:\/\/api.w.org\/{rel}","templated":true}]}}