{"id":14345,"date":"2009-10-19T00:00:00","date_gmt":"2009-10-19T02:00:00","guid":{"rendered":"https:\/\/www.cnbb.org.br\/igreja-entra-em-clima-de-semana-missionaria-na-amazonia-2\/"},"modified":"2020-03-11T16:17:21","modified_gmt":"2020-03-11T19:17:21","slug":"igreja-entra-em-clima-de-semana-missionaria-na-amazonia-2","status":"publish","type":"post","link":"https:\/\/www.cnbb.org.br\/igreja-entra-em-clima-de-semana-missionaria-na-amazonia-2\/","title":{"rendered":"Igreja entra em clima de Semana Mission\u00e1ria na Amaz\u00f4nia"},"content":{"rendered":"<p style=\"text-align: justify\">\n<p>No pr\u00f3ximo dia 25 a Igreja Cat\u00f3lica no Brasil vai fazer a abertura da Semana Mission\u00e1ria para a Igreja Cat\u00f3lica na Amaz\u00f4nia. O evento \u00e9 organizado pela <!--more--> Comiss\u00e3o Episcopal para Amaz\u00f4nia, da Confer\u00eancia Nacional dos Bispos do Brasil (CNBB). O material de divulga\u00e7\u00e3o e apoio ao evento (Texto-Base, folders e cartazes) j\u00e1 foi distribu\u00eddo para todas as dioceses do pa\u00eds.<\/p>\n<p style=\"text-align: justify\">A Semana, que segue at\u00e9 o dia 31 de outubro, ter\u00e1 sua abertura \u00e0s 9h da manh\u00e3 na catedral da S\u00e9, em Bel\u00e9m (PA), com missa presidida pelo presidente da Comiss\u00e3o para a Amaz\u00f4nia, dom Jayme Henrique Chemello. Da mesma forma, a abertura tamb\u00e9m ocorrer\u00e1 em todas as dioceses do Brasil.<\/p>\n<p style=\"text-align: justify\">Na sede da CNBB, em Bras\u00edlia, nesta ter\u00e7a-feira, 20, a ora\u00e7\u00e3o de abertura da reuni\u00e3o do Conselho Permanente ser\u00e1 voltada para a Semana. Todos os funcion\u00e1rios e assessores da Confer\u00eancia participar\u00e3o do momento. Segundo a assessora da Comiss\u00e3o, irm\u00e3 Maria Irene Lopes dos Santos, o objetivo \u00e9 estar unido em ora\u00e7\u00e3o para que a Semana ocorra bem em todo o pa\u00eds.<\/p>\n<p style=\"text-align: justify\">\u201cDioceses, par\u00f3quias e comunidades devem se envolver na realiza\u00e7\u00e3o da Semana Mission\u00e1ria, com o objetivo de chamar aten\u00e7\u00e3o para a regi\u00e3o e a realidade social e ambiental na qual o seu povo vive. Cabe \u00e0s igrejas particulares de todo o pa\u00eds lan\u00e7ar um olhar sobre o evento para que fa\u00e7am as pessoas se interessarem pelas causas da Amaz\u00f4nia\u201d, disse a assessora.<\/p>\n","protected":false},"excerpt":{"rendered":"<p>No pr\u00f3ximo dia 25 a Igreja Cat\u00f3lica no Brasil vai fazer a abertura da Semana Mission\u00e1ria para a Igreja Cat\u00f3lica na Amaz\u00f4nia. O evento \u00e9 organizado pela<\/p>\n","protected":false},"author":83,"featured_media":0,"comment_status":"open","ping_status":"open","sticky":false,"template":"","format":"standard","meta":{"site-sidebar-layout":"default","site-content-layout":"default","ast-global-header-display":"","ast-banner-title-visibility":"","ast-main-header-display":"","ast-hfb-above-header-display":"","ast-hfb-below-header-display":"","ast-hfb-mobile-header-display":"","site-post-title":"","ast-breadcrumbs-content":"","ast-featured-img":"","footer-sml-layout":"","theme-transparent-header-meta":"","adv-header-id-meta":"","stick-header-meta":"","header-above-stick-meta":"","header-main-stick-meta":"","header-below-stick-meta":""},"categories":[925],"tags":[],"acf":[],"_links":{"self":[{"href":"https:\/\/www.cnbb.org.br\/cnbb-app\/wp\/v2\/posts\/14345"}],"collection":[{"href":"https:\/\/www.cnbb.org.br\/cnbb-app\/wp\/v2\/posts"}],"about":[{"href":"https:\/\/www.cnbb.org.br\/cnbb-app\/wp\/v2\/types\/post"}],"author":[{"embeddable":true,"href":"https:\/\/www.cnbb.org.br\/cnbb-app\/wp\/v2\/users\/83"}],"replies":[{"embeddable":true,"href":"https:\/\/www.cnbb.org.br\/cnbb-app\/wp\/v2\/comments?post=14345"}],"version-history":[{"count":0,"href":"https:\/\/www.cnbb.org.br\/cnbb-app\/wp\/v2\/posts\/14345\/revisions"}],"wp:attachment":[{"href":"https:\/\/www.cnbb.org.br\/cnbb-app\/wp\/v2\/media?parent=14345"}],"wp:term":[{"taxonomy":"category","embeddable":true,"href":"https:\/\/www.cnbb.org.br\/cnbb-app\/wp\/v2\/categories?post=14345"},{"taxonomy":"post_tag","embeddable":true,"href":"https:\/\/www.cnbb.org.br\/cnbb-app\/wp\/v2\/tags?post=14345"}],"curies":[{"name":"wp","href":"https:\/\/api.w.org\/{rel}","templated":true}]}}