{"id":14380,"date":"2009-07-21T00:00:00","date_gmt":"2009-07-21T03:00:00","guid":{"rendered":"https:\/\/www.cnbb.org.br\/celebracao-de-abertura-do-encontro-das-cebs-tera-a-marca-dos-povos-da-amazonia-2\/"},"modified":"2020-03-11T16:17:33","modified_gmt":"2020-03-11T19:17:33","slug":"celebracao-de-abertura-do-encontro-das-cebs-tera-a-marca-dos-povos-da-amazonia-2","status":"publish","type":"post","link":"https:\/\/www.cnbb.org.br\/celebracao-de-abertura-do-encontro-das-cebs-tera-a-marca-dos-povos-da-amazonia-2\/","title":{"rendered":"Celebra\u00e7\u00e3o de abertura do encontro das CEBs ter\u00e1 a marca dos povos da Amaz\u00f4nia"},"content":{"rendered":"<p style=\"text-align: justify\">A equipe respons\u00e1vel pela liturgia do 12\u00ba Encontro Intereclesial das Comunidades Eclesiais de Base preparou uma grande celebra\u00e7\u00e3o de abertura do evento, hoje \u00e0s 19h (20h hor\u00e1rio de Bras\u00edlia), na pra\u00e7a Madeira Mamor\u00e9, em Porto Velho. Aberta a toda a popula\u00e7\u00e3o da capital de Rond\u00f4nia, a cerim\u00f4nia dever\u00e1 durar uma hora e meia e ser\u00e1 transmitia ao vivo pela Amazon Sat e pela r\u00e1dio Caiari da arquidiocese de Porto Velho.<\/p>\n<p><!--more--><\/p>\n<p style=\"text-align: justify\">Dividida em quatro momentos, a celebra\u00e7\u00e3o se destaca pela diversidade cultural e pela riqueza de s\u00edmbolos. Logo no in\u00edcio, um ind\u00edgena tocar\u00e1 sua flauta convocando os presentes para o sil\u00eancio, lembrando o sil\u00eancio da mata. Em seguida, come\u00e7a a \u201ccomposi\u00e7\u00e3o dos povos da Amaz\u00f4nia\u201d, quando ser\u00e3o convocados os ind\u00edgenas, os quilombolas, os ribeirinhos e velhos posseiros e os seringueiros extrativistas. Ser\u00e3o convocados ainda os garimpeiros, colonos e urbanos, al\u00e9m dos bolivianos e colombianos, povos de fronteira. Cada um destes grupos entrar\u00e1 com algum instrumento t\u00edpico de sua cultura ou de seu trabalho.<\/p>\n<p style=\"text-align: justify\">Terminada a composi\u00e7\u00e3o dos povos da Amaz\u00f4nia, tem in\u00edcio o rito da luz quando ser\u00e3o acesas tr\u00eas tochas, uma dos ind\u00edgenas, outra dos seringueiros, chamada poronga, e, por \u00faltimo, a tocha da migra\u00e7\u00e3o. Destas tochas \u00e9 que sair\u00e1 a luz para acender a vela de todos os que estiverem na pra\u00e7a.<\/p>\n<p style=\"text-align: justify\">Ao final deste rito, o arcebispo de Porto Velho, dom Moacyr Grechi faz a sauda\u00e7\u00e3o inicial e come\u00e7a a apresenta\u00e7\u00e3o dos 3 mil delegados e convidados do Intereclesial. Em primeiro lugar ser\u00e3o os 38 povos ind\u00edgenas, depois os representantes dos 17 Regionais da CNBB e, finalmente, os pa\u00edses presentes. Cada grupo apresentar\u00e1 um painel lembrando sua regi\u00e3o, segundo o tema do encontro: \u201cCEBs, Ecologia e Miss\u00e3o \u2013 do ventre da terra, o grito da Amaz\u00f4nia\u201d.<\/p>\n<p style=\"text-align: justify\">Haver\u00e1 ainda, neste primeiro momento, uma breve mem\u00f3ria de todos os encontros intereclesiais. Neste instante, um trem, que est\u00e1 na pra\u00e7a onde acontece a celebra\u00e7\u00e3o, dar\u00e1 um apito (as lideran\u00e7as das CEBs usam a imagem do trem para dizer que as Comunidades de Base s\u00e3o uma grande locomotiva cujos vag\u00f5es s\u00e3o os intereclesiais). Neste instante, dom Moacyr proclamar\u00e1 a abertura oficial do 12\u00ba Intereclesial de CEBS em Porto Velho.<\/p>\n<p style=\"text-align: justify\">A cerim\u00f4nia prossegue com a proclama\u00e7\u00e3o das leituras b\u00edblicas, seguida da homilia proferida por dom Moacyr. A b\u00ean\u00e7\u00e3o da \u00e1gua e a aspers\u00e3o do povo pelos ribeirinhos encerram o segundo momento da cerim\u00f4nia.<\/p>\n<p style=\"text-align: justify\">Um segundo toque da flauta ind\u00edgena anuncia o terceiro momento da celebra\u00e7\u00e3o, convocando para a a\u00e7\u00e3o de gra\u00e7as. Cestas ind\u00edgenas carregadas de bombons feitos com frutos da terra ser\u00e3o levadas ao altar onde recebem a b\u00ean\u00e7\u00e3o para serem partilhados com a assembleia ap\u00f3s a ora\u00e7\u00e3o do Pai Nosso ecum\u00eanico.<\/p>\n<p style=\"text-align: justify\">A celebra\u00e7\u00e3o se encerra com a b\u00ean\u00e7\u00e3o dada a toda a assembleia por dom Moacyr, que convidar\u00e1 os povos da Amaz\u00f4nia a levarem a paz \u00e0 multid\u00e3o.<\/p>\n","protected":false},"excerpt":{"rendered":"<p>A equipe respons\u00e1vel pela liturgia do 12\u00ba Encontro Intereclesial das Comunidades Eclesiais de Base preparou uma grande celebra\u00e7\u00e3o de abertura do evento, hoje \u00e0s 19h (20h hor\u00e1rio de Bras\u00edlia), na pra\u00e7a Madeira Mamor\u00e9, em Porto Velho. Aberta a toda a popula\u00e7\u00e3o da capital de Rond\u00f4nia, a cerim\u00f4nia dever\u00e1 durar uma hora e meia e ser\u00e1 &hellip;<\/p>\n<p class=\"read-more\"> <a class=\"\" href=\"https:\/\/www.cnbb.org.br\/celebracao-de-abertura-do-encontro-das-cebs-tera-a-marca-dos-povos-da-amazonia-2\/\"> <span class=\"screen-reader-text\">Celebra\u00e7\u00e3o de abertura do encontro das CEBs ter\u00e1 a marca dos povos da Amaz\u00f4nia<\/span> Leia mais &raquo;<\/a><\/p>\n","protected":false},"author":83,"featured_media":10144,"comment_status":"open","ping_status":"open","sticky":false,"template":"","format":"standard","meta":{"site-sidebar-layout":"default","site-content-layout":"default","ast-global-header-display":"","ast-banner-title-visibility":"","ast-main-header-display":"","ast-hfb-above-header-display":"","ast-hfb-below-header-display":"","ast-hfb-mobile-header-display":"","site-post-title":"","ast-breadcrumbs-content":"","ast-featured-img":"","footer-sml-layout":"","theme-transparent-header-meta":"","adv-header-id-meta":"","stick-header-meta":"","header-above-stick-meta":"","header-main-stick-meta":"","header-below-stick-meta":""},"categories":[925],"tags":[],"acf":[],"_links":{"self":[{"href":"https:\/\/www.cnbb.org.br\/cnbb-app\/wp\/v2\/posts\/14380"}],"collection":[{"href":"https:\/\/www.cnbb.org.br\/cnbb-app\/wp\/v2\/posts"}],"about":[{"href":"https:\/\/www.cnbb.org.br\/cnbb-app\/wp\/v2\/types\/post"}],"author":[{"embeddable":true,"href":"https:\/\/www.cnbb.org.br\/cnbb-app\/wp\/v2\/users\/83"}],"replies":[{"embeddable":true,"href":"https:\/\/www.cnbb.org.br\/cnbb-app\/wp\/v2\/comments?post=14380"}],"version-history":[{"count":0,"href":"https:\/\/www.cnbb.org.br\/cnbb-app\/wp\/v2\/posts\/14380\/revisions"}],"wp:featuredmedia":[{"embeddable":true,"href":"https:\/\/www.cnbb.org.br\/cnbb-app\/wp\/v2\/media\/10144"}],"wp:attachment":[{"href":"https:\/\/www.cnbb.org.br\/cnbb-app\/wp\/v2\/media?parent=14380"}],"wp:term":[{"taxonomy":"category","embeddable":true,"href":"https:\/\/www.cnbb.org.br\/cnbb-app\/wp\/v2\/categories?post=14380"},{"taxonomy":"post_tag","embeddable":true,"href":"https:\/\/www.cnbb.org.br\/cnbb-app\/wp\/v2\/tags?post=14380"}],"curies":[{"name":"wp","href":"https:\/\/api.w.org\/{rel}","templated":true}]}}