{"id":14383,"date":"2009-04-28T00:00:00","date_gmt":"2009-04-28T03:00:00","guid":{"rendered":"https:\/\/www.cnbb.org.br\/amazonia-acolhe-pela-primeira-vez-o-encontro-intereclesial-de-cebs-2\/"},"modified":"2020-03-11T16:17:35","modified_gmt":"2020-03-11T19:17:35","slug":"amazonia-acolhe-pela-primeira-vez-o-encontro-intereclesial-de-cebs-2","status":"publish","type":"post","link":"https:\/\/www.cnbb.org.br\/amazonia-acolhe-pela-primeira-vez-o-encontro-intereclesial-de-cebs-2\/","title":{"rendered":"Amaz\u00f4nia acolhe pela primeira vez o Encontro Intereclesial de CEBs"},"content":{"rendered":"<p style=\"text-align: justify\">\u201cAs pequenas comunidades n\u00e3o est\u00e3o mortas, pelo contr\u00e1rio, est\u00e3o muito vivas e atuantes\u201d, explicou o respons\u00e1vel pelo 12\u00ba Intereclesial das Comunidades Eclesiais de Base (CEBs) e arcebispo de Porto Velho (RO), dom Moacyr Grechi, no oitavo dia de coletivas de imprensa da 47\u00aa Assembleia Geral da CNBB, em Itaici, munic\u00edpio de Indaiatuba (SP).<\/p>\n<p><!--more--><\/p>\n<p style=\"text-align: justify\">O Intereclesial acontecer\u00e1 na cidade de Porto Velho, entre os dias 21 e 25 de julho, e dever\u00e1 contar com a participa\u00e7\u00e3o de aproximadamente 3 mil delegados enviados das mais de 80 mil CEBs, espalhadas em todo o Brasil. Est\u00e1 \u00e9 a primeira vez que uma regi\u00e3o amaz\u00f4nica receber\u00e1 o evento.<\/p>\n<p style=\"text-align: justify\">\u201cEste encontro \u00e9 a oportunidade de colocarmos em pauta os temas voltados \u00e0 sociedade da Amaz\u00f4nia, suas diversidades culturais, passando por comunidades ind\u00edgenas, dentre outros. H\u00e1 uma s\u00e9rie de fatores importantes que devemos discutir neste 12\u00ba Intereclesial\u201d, explica dom Moacyr.<\/p>\n<p style=\"text-align: justify\"><img decoding=\"async\" loading=\"lazy\" class=\" alignright size-full wp-image-2008\" style=\"float: right\" src=\"https:\/\/www.cnbb.org.br\/wp-content\/uploads\/2020\/03\/img49f77ae287227.jpg\" width=\"252\" height=\"250\" \/>Para o respons\u00e1vel nacional pelas Comunidades Eclesiais de Base, dom Adriano Ciocca, o Intereclesial dever\u00e1 discutir assuntos importantes para a elabora\u00e7\u00e3o de novas pol\u00edticas agr\u00edcolas no Brasil. \u201cO 12\u00ba Intereclesial dever\u00e1 tratar de v\u00e1rios assuntos, e um deles, particularmente, dever\u00e1 chamar a aten\u00e7\u00e3o social, pois se trata de pol\u00edticas agr\u00edcolas na regi\u00e3o amaz\u00f4nica. Vemos uma mudan\u00e7a de atitude do povo desta regi\u00e3o. Os pais est\u00e3o passando as terras aos seus filhos, e esses novos propriet\u00e1rios, veem com pensamentos modernos a sua condi\u00e7\u00e3o de sustento, preservando o natural por meio do desenvolvimento sustent\u00e1vel, pois sabem que dela [natureza] vem o sustento de suas fam\u00edlias. Creio que futuramente essas atitudes dever\u00e3o ser decisivas na preserva\u00e7\u00e3o da Amaz\u00f4nia\u201d,disse dom Adriano.<\/p>\n<p style=\"text-align: justify\">Em rela\u00e7\u00e3o \u00e0 inicia\u00e7\u00e3o crist\u00e3 dentro das comunidades do norte brasileiro, um dos temas que ser\u00e3o tratados no encontro em Roraima, dom Adriano explica que \u201cest\u00e1 progredindo significativamente a evangeliza\u00e7\u00e3o das pequenas comunidades. Elas s\u00e3o muito importantes, pois s\u00e3o como \u00e1tomos, ou seja, s\u00e3o as menores parcelas onde a Igreja est\u00e1 inserida. \u00c9 a partir desta evangeliza\u00e7\u00e3o que conseguimos levar a palavra de Deus cada vez mais a parcelas de comunidades, at\u00e9 alcan\u00e7armos uma parcela maior. Por isso, a import\u00e2ncia deste debate e de muitos outros no 12\u00ba Intereclesial\u201d.<\/p>\n","protected":false},"excerpt":{"rendered":"<p>\u201cAs pequenas comunidades n\u00e3o est\u00e3o mortas, pelo contr\u00e1rio, est\u00e3o muito vivas e atuantes\u201d, explicou o respons\u00e1vel pelo 12\u00ba Intereclesial das Comunidades Eclesiais de Base (CEBs) e arcebispo de Porto Velho (RO), dom Moacyr Grechi, no oitavo dia de coletivas de imprensa da 47\u00aa Assembleia Geral da CNBB, em Itaici, munic\u00edpio de Indaiatuba (SP).<\/p>\n","protected":false},"author":83,"featured_media":10151,"comment_status":"open","ping_status":"open","sticky":false,"template":"","format":"standard","meta":{"site-sidebar-layout":"default","site-content-layout":"default","ast-global-header-display":"","ast-banner-title-visibility":"","ast-main-header-display":"","ast-hfb-above-header-display":"","ast-hfb-below-header-display":"","ast-hfb-mobile-header-display":"","site-post-title":"","ast-breadcrumbs-content":"","ast-featured-img":"","footer-sml-layout":"","theme-transparent-header-meta":"","adv-header-id-meta":"","stick-header-meta":"","header-above-stick-meta":"","header-main-stick-meta":"","header-below-stick-meta":""},"categories":[925],"tags":[],"acf":[],"_links":{"self":[{"href":"https:\/\/www.cnbb.org.br\/cnbb-app\/wp\/v2\/posts\/14383"}],"collection":[{"href":"https:\/\/www.cnbb.org.br\/cnbb-app\/wp\/v2\/posts"}],"about":[{"href":"https:\/\/www.cnbb.org.br\/cnbb-app\/wp\/v2\/types\/post"}],"author":[{"embeddable":true,"href":"https:\/\/www.cnbb.org.br\/cnbb-app\/wp\/v2\/users\/83"}],"replies":[{"embeddable":true,"href":"https:\/\/www.cnbb.org.br\/cnbb-app\/wp\/v2\/comments?post=14383"}],"version-history":[{"count":0,"href":"https:\/\/www.cnbb.org.br\/cnbb-app\/wp\/v2\/posts\/14383\/revisions"}],"wp:featuredmedia":[{"embeddable":true,"href":"https:\/\/www.cnbb.org.br\/cnbb-app\/wp\/v2\/media\/10151"}],"wp:attachment":[{"href":"https:\/\/www.cnbb.org.br\/cnbb-app\/wp\/v2\/media?parent=14383"}],"wp:term":[{"taxonomy":"category","embeddable":true,"href":"https:\/\/www.cnbb.org.br\/cnbb-app\/wp\/v2\/categories?post=14383"},{"taxonomy":"post_tag","embeddable":true,"href":"https:\/\/www.cnbb.org.br\/cnbb-app\/wp\/v2\/tags?post=14383"}],"curies":[{"name":"wp","href":"https:\/\/api.w.org\/{rel}","templated":true}]}}