{"id":14421,"date":"2011-11-14T00:00:00","date_gmt":"2011-11-14T02:00:00","guid":{"rendered":"https:\/\/www.cnbb.org.br\/mensagem-final-do-1o-encontro-de-presbiteros-da-amazonia-2\/"},"modified":"2020-03-11T16:17:03","modified_gmt":"2020-03-11T19:17:03","slug":"mensagem-final-do-1o-encontro-de-presbiteros-da-amazonia-2","status":"publish","type":"post","link":"https:\/\/www.cnbb.org.br\/mensagem-final-do-1o-encontro-de-presbiteros-da-amazonia-2\/","title":{"rendered":"Mensagem final do 1\u00ba Encontro de Presb\u00edteros da Amaz\u00f4nia"},"content":{"rendered":"<p style=\"text-align: justify\">Os participantes do 1\u00ba Encontro de Presb\u00edteros da Amaz\u00f4nia, o chamado Nort\u00e3o, aconteceu de 07 a 11 de novembro, em Manaus (AM), no Centro de Treinamento Maromba, com o seguinte tema: \u201cA identidade e a espiritualidade do Presb\u00edtero no processo de mudan\u00e7a de \u00e9poca\u201d , e tendo como lema: \u201cEscolhidos entre os homens e constitu\u00eddos em favor da humanidade\u201d.<\/p>\n<p><!--more--><\/p>\n<p style=\"text-align: justify\">Entre os debates, os destaques ficaram por conta as reflex\u00f5es sobre a dimens\u00e3o da rela\u00e7\u00e3o do presb\u00edtero com a comunidade, retomando em outro contexto social a compreens\u00e3o primeira da rela\u00e7\u00e3o do ministro ordenado com a comunidade.<\/p>\n<p style=\"text-align: justify\">No final, os participantes divulgaram a mensagem final do encontro. Leia abaixo a \u00edntegra da carta.<\/p>\n<p style=\"text-align: center\"><strong>Aos Irm\u00e3os Presb\u00edteros dos Regionais Norte 1, Norte 2 e Noroeste<\/strong><\/p>\n<p style=\"text-align: right\"><em>\u201cTendo, pois, um grande Sumo Sacerdote,<br \/>\nque atravessou os c\u00e9us, Jesus, o Filho de Deus,<br \/>\ncontinuemos firmes na profiss\u00e3o da f\u00e9\u201d (Hb 4,14)<\/em><\/p>\n<p style=\"text-align: justify\"><strong>Car\u00edssimos Irm\u00e3os Presb\u00edteros!<\/strong><\/p>\n<p style=\"text-align: justify\">Com a presen\u00e7a de Dom Luis Soares Vieira, Arcebispo de Manaus; Dom M\u00e1rio Ant\u00f4nio, Bispo Auxiliar de Manaus; Dom Roque Palosqui, Bispo da Diocese de Roraima e Presidente da CNBB Norte 1; Dom Esmeraldo Barreto, Bispo da Diocese de Santar\u00e9m e Referencial da CRP Norte 2; Dom Giuliano Frigeni, Bispo da Diocese de Parintins e Dom El\u00f3i R\u00f3ggia, Bispo da Prelazia de Borba e mais 150 Presb\u00edteros, reunimo-nos de 07 a 11 de novembro de 2011, em Manaus (AM), no Centro de Treinamento Maromba, realizando o grande sonho dos nossos Regionais: o I Nort\u00e3o, com o seguinte tema: \u201cA identidade e a espiritualidade do Presb\u00edtero no processo de mudan\u00e7a de \u00e9poca\u201d , e tendo como lema: \u201cEscolhidos entre os homens e constitu\u00eddos em favor da humanidade\u201d\u00a0 (cf. Hb 5,1).<\/p>\n<p style=\"text-align: justify\">No in\u00edcio do encontro, Dom Luis fez a acolhida e animou-nos primeiramente com o evangelista Jo\u00e3o: \u201cManifestei o teu nome aos homens que no mundo me deste. Eles eram teus e tu os deste a mim, e eles guardaram a tua palavra\u201d (Jo 17,6). Desse modo conduziu-nos a pensar nossa espiritualidade diante das mudan\u00e7as de \u00e9poca e da realidade que nos circunda. Para ajudar em nossa reflex\u00e3o citou as bem aventuran\u00e7as \u2013 os oito caminhos\u00a0 para que nosso minist\u00e9rio seja realmente a partir de Jesus.<\/p>\n<p style=\"text-align: justify\">Sobretudo, intrigou-nos a frase: \u201cO Presb\u00edtero deve ser contemplativo na a\u00e7\u00e3o, mas tamb\u00e9m deve ser contemplativo na rela\u00e7\u00e3o\u201d.<br \/>\nCom a assessoria do Padre Jo\u00e3o Batista Lib\u00e2nio, sj, refletimos sobre a identidade do presb\u00edtero. Fez-se um r\u00e1pido percurso hist\u00f3rico: desde a \u00e9poca em que o presb\u00edtero foi entendido em rela\u00e7\u00e3o \u00e0 comunidade, escolhido por ela e para ela; passando pela valoriza\u00e7\u00e3o do presb\u00edtero na sua pessoa individual, enquanto sacerdote ordenado e sua conseq\u00fcente sacraliza\u00e7\u00e3o, at\u00e9 chegarmos ao processo de seculariza\u00e7\u00e3o que nos fez pensar a identidade do presb\u00edtero em nova perspectiva.<\/p>\n<p style=\"text-align: justify\">Destacou-se nas reflex\u00f5es a dimens\u00e3o da rela\u00e7\u00e3o do presb\u00edtero com a comunidade, retomando em outro contexto social a compreens\u00e3o primeira da rela\u00e7\u00e3o do ministro ordenado com a comunidade e essa tem\u00e1tica foi aprofundada nos dois dias de estudo.<\/p>\n<p style=\"text-align: justify\">Quanto \u00e0 espiritualidade, partimos de uma concep\u00e7\u00e3o dentro da unidade da religi\u00e3o crist\u00e3, refletindo sobre as mudan\u00e7as que a modernidade e p\u00f3s-modernidade trouxeram e que levaram a perceber a distin\u00e7\u00e3o entre religi\u00e3o e religiosidade (espiritualidade) e f\u00e9. Surgindo assim, espiritualidades independentes da religi\u00e3o e da f\u00e9. Diante disso, atento aos apelos do Esp\u00edrito, manifestado nos sinais dos tempos, e como Igreja unida em Cristo, que somos, cabe a n\u00f3s, presb\u00edteros, discernir qual o tipo de espiritualidade se faz coerente com a nossa f\u00e9, sobretudo, na perspectiva, do seguimento de Jesus Cristo e sua pr\u00e1tica narrada nos evangelhos.<br \/>\nO I Nort\u00e3o foi um conjunto de grandes momentos: momentos de intensa ora\u00e7\u00e3o individual e comunit\u00e1ria, de celebra\u00e7\u00e3o e viv\u00eancia da Eucaristia, de partilha de dons e ricas experi\u00eancias, de descobertas e redescobertas da identidade do presb\u00edtero.<\/p>\n<p style=\"text-align: justify\">Portanto, irm\u00e3os, conscientes de que nossa identidade de presb\u00edtero est\u00e1 em constante movimento, permitamos que ela se aperfei\u00e7oe, descubra-se nos desafios da vida, no modelo de identidade que \u00e9 Jesus. Isto se far\u00e1 no embate entre a consci\u00eancia cr\u00edtica da nossa pr\u00f3pria identidade e espiritualidade, diante de tantas tend\u00eancias que nos interpelam e tentam nos afastar da miss\u00e3o para a qual fomos chamados: evangelizar a partir de Jesus Cristo, como disc\u00edpulos mission\u00e1rios na Amaz\u00f4nia e fazer brotar riquezas ainda maiores nesta terra que tanto amamos.<\/p>\n<p style=\"text-align: right\"><em><strong>Manaus (AM), 11\/11\/11<\/strong><\/em><\/p>\n","protected":false},"excerpt":{"rendered":"<p>Os participantes do 1\u00ba Encontro de Presb\u00edteros da Amaz\u00f4nia, o chamado Nort\u00e3o, aconteceu de 07 a 11 de novembro, em Manaus (AM), no Centro de Treinamento Maromba, com o seguinte tema: \u201cA identidade e a espiritualidade do Presb\u00edtero no processo de mudan\u00e7a de \u00e9poca\u201d , e tendo como lema: \u201cEscolhidos entre os homens e constitu\u00eddos &hellip;<\/p>\n<p class=\"read-more\"> <a class=\"\" href=\"https:\/\/www.cnbb.org.br\/mensagem-final-do-1o-encontro-de-presbiteros-da-amazonia-2\/\"> <span class=\"screen-reader-text\">Mensagem final do 1\u00ba Encontro de Presb\u00edteros da Amaz\u00f4nia<\/span> Leia mais &raquo;<\/a><\/p>\n","protected":false},"author":83,"featured_media":0,"comment_status":"open","ping_status":"open","sticky":false,"template":"","format":"standard","meta":{"site-sidebar-layout":"default","site-content-layout":"default","ast-global-header-display":"","ast-banner-title-visibility":"","ast-main-header-display":"","ast-hfb-above-header-display":"","ast-hfb-below-header-display":"","ast-hfb-mobile-header-display":"","site-post-title":"","ast-breadcrumbs-content":"","ast-featured-img":"","footer-sml-layout":"","theme-transparent-header-meta":"","adv-header-id-meta":"","stick-header-meta":"","header-above-stick-meta":"","header-main-stick-meta":"","header-below-stick-meta":""},"categories":[925],"tags":[],"acf":[],"_links":{"self":[{"href":"https:\/\/www.cnbb.org.br\/cnbb-app\/wp\/v2\/posts\/14421"}],"collection":[{"href":"https:\/\/www.cnbb.org.br\/cnbb-app\/wp\/v2\/posts"}],"about":[{"href":"https:\/\/www.cnbb.org.br\/cnbb-app\/wp\/v2\/types\/post"}],"author":[{"embeddable":true,"href":"https:\/\/www.cnbb.org.br\/cnbb-app\/wp\/v2\/users\/83"}],"replies":[{"embeddable":true,"href":"https:\/\/www.cnbb.org.br\/cnbb-app\/wp\/v2\/comments?post=14421"}],"version-history":[{"count":0,"href":"https:\/\/www.cnbb.org.br\/cnbb-app\/wp\/v2\/posts\/14421\/revisions"}],"wp:attachment":[{"href":"https:\/\/www.cnbb.org.br\/cnbb-app\/wp\/v2\/media?parent=14421"}],"wp:term":[{"taxonomy":"category","embeddable":true,"href":"https:\/\/www.cnbb.org.br\/cnbb-app\/wp\/v2\/categories?post=14421"},{"taxonomy":"post_tag","embeddable":true,"href":"https:\/\/www.cnbb.org.br\/cnbb-app\/wp\/v2\/tags?post=14421"}],"curies":[{"name":"wp","href":"https:\/\/api.w.org\/{rel}","templated":true}]}}