{"id":14425,"date":"2012-04-21T00:00:00","date_gmt":"2012-04-21T03:00:00","guid":{"rendered":"https:\/\/www.cnbb.org.br\/comissao-para-a-amazonia-apresenta-trabalho-na-50o-ag-2\/"},"modified":"2020-03-11T16:17:01","modified_gmt":"2020-03-11T19:17:01","slug":"comissao-para-a-amazonia-apresenta-trabalho-na-50o-ag-2","status":"publish","type":"post","link":"https:\/\/www.cnbb.org.br\/comissao-para-a-amazonia-apresenta-trabalho-na-50o-ag-2\/","title":{"rendered":"Comiss\u00e3o para a Amaz\u00f4nia apresenta trabalho na 50\u00aa AG"},"content":{"rendered":"<div style=\"text-align: justify\">Na segunda sess\u00e3o de trabalho deste s\u00e1bado, 21\/04, os bispos reunidos na 50\u00aa Assembleia Geral em Aparecida (SP) acompanharam o relato da Comiss\u00e3o Episcopal Pastoral para a Amaz\u00f4nia. O presidente da comiss\u00e3o, Cardeal Cl\u00e1udio Hummes, relatou a visita que realizou \u00e0 regi\u00e3o, no \u00faltimo m\u00eas de mar\u00e7o.<\/div>\n<div style=\"text-align: justify\"><\/div>\n<p><!--more--><\/p>\n<div style=\"text-align: justify\">\n\u201cA nossa Igreja precisa conhecer mais essa regi\u00e3o, para inclusive suscitar mais voca\u00e7\u00f5es mission\u00e1rias\u201d, disse o cardeal, destacando a import\u00e2ncia de crescer no conhecimento na regi\u00e3o. Citou a quest\u00e3o ind\u00edgena. \u201cAs dist\u00e2ncias s\u00e3o enormes, e trata-se de um desafio, por exemplo, a venda da produ\u00e7\u00e3o agr\u00edcola deles. O governo n\u00e3o compra esta produ\u00e7\u00e3o\u201d, relatou o Cardeal Hummes.<\/p>\n<p>Recordou a urg\u00eancia de envio de mission\u00e1rios para ajudar a Igreja na regi\u00e3o. \u201cOs bispos na regi\u00e3o amaz\u00f4nica tem dificuldade at\u00e9 de sustentar seminaristas na regi\u00e3o\u201d, disse dom Cl\u00e1udio, que tamb\u00e9m relatou a import\u00e2ncia da coopera\u00e7\u00e3o econ\u00f4mica.<\/p>\n<p>Tamb\u00e9m fazem parte da Comiss\u00e3o Episcopal para a Amaz\u00f4nia os seguintes bispos: dom Erwin Krautler, da Prelazia de Xingu (PA); dom Jaime Vieira Rocha, de Natal (RN); dom Moacy Grechi, em\u00e9rito de Porto Velho (RO); e dom S\u00e9rgio Eduardo Castriani, de Tef\u00e9 (AM).<\/p><\/div>\n<div style=\"text-align: justify\"><\/div>\n<div style=\"text-align: justify\"><\/div>\n<div style=\"text-align: justify\">A segunda sess\u00e3o deste s\u00e1bado ter\u00e1 ainda a apresenta\u00e7\u00e3o da Comiss\u00e3o dos Minist\u00e9rios Ordenados. Os bispos iniciam a tarde um retiro, que ser\u00e1 conclu\u00eddo na manh\u00e3 de domingo.<\/div>\n","protected":false},"excerpt":{"rendered":"<p>Na segunda sess\u00e3o de trabalho deste s\u00e1bado, 21\/04, os bispos reunidos na 50\u00aa Assembleia Geral em Aparecida (SP) acompanharam o relato da Comiss\u00e3o Episcopal Pastoral para a Amaz\u00f4nia. O presidente da comiss\u00e3o, Cardeal Cl\u00e1udio Hummes, relatou a visita que realizou \u00e0 regi\u00e3o, no \u00faltimo m\u00eas de mar\u00e7o.<\/p>\n","protected":false},"author":83,"featured_media":10221,"comment_status":"open","ping_status":"open","sticky":false,"template":"","format":"standard","meta":{"site-sidebar-layout":"default","site-content-layout":"default","ast-global-header-display":"","ast-banner-title-visibility":"","ast-main-header-display":"","ast-hfb-above-header-display":"","ast-hfb-below-header-display":"","ast-hfb-mobile-header-display":"","site-post-title":"","ast-breadcrumbs-content":"","ast-featured-img":"","footer-sml-layout":"","theme-transparent-header-meta":"","adv-header-id-meta":"","stick-header-meta":"","header-above-stick-meta":"","header-main-stick-meta":"","header-below-stick-meta":""},"categories":[925],"tags":[],"acf":[],"_links":{"self":[{"href":"https:\/\/www.cnbb.org.br\/cnbb-app\/wp\/v2\/posts\/14425"}],"collection":[{"href":"https:\/\/www.cnbb.org.br\/cnbb-app\/wp\/v2\/posts"}],"about":[{"href":"https:\/\/www.cnbb.org.br\/cnbb-app\/wp\/v2\/types\/post"}],"author":[{"embeddable":true,"href":"https:\/\/www.cnbb.org.br\/cnbb-app\/wp\/v2\/users\/83"}],"replies":[{"embeddable":true,"href":"https:\/\/www.cnbb.org.br\/cnbb-app\/wp\/v2\/comments?post=14425"}],"version-history":[{"count":0,"href":"https:\/\/www.cnbb.org.br\/cnbb-app\/wp\/v2\/posts\/14425\/revisions"}],"wp:featuredmedia":[{"embeddable":true,"href":"https:\/\/www.cnbb.org.br\/cnbb-app\/wp\/v2\/media\/10221"}],"wp:attachment":[{"href":"https:\/\/www.cnbb.org.br\/cnbb-app\/wp\/v2\/media?parent=14425"}],"wp:term":[{"taxonomy":"category","embeddable":true,"href":"https:\/\/www.cnbb.org.br\/cnbb-app\/wp\/v2\/categories?post=14425"},{"taxonomy":"post_tag","embeddable":true,"href":"https:\/\/www.cnbb.org.br\/cnbb-app\/wp\/v2\/tags?post=14425"}],"curies":[{"name":"wp","href":"https:\/\/api.w.org\/{rel}","templated":true}]}}