{"id":14426,"date":"2012-04-24T00:00:00","date_gmt":"2012-04-24T03:00:00","guid":{"rendered":"https:\/\/www.cnbb.org.br\/cardeal-claudio-hummes-fala-sobre-os-desafios-de-inculturar-a-fe-nos-povos-da-amazonia-2\/"},"modified":"2020-03-11T16:17:00","modified_gmt":"2020-03-11T19:17:00","slug":"cardeal-claudio-hummes-fala-sobre-os-desafios-de-inculturar-a-fe-nos-povos-da-amazonia-2","status":"publish","type":"post","link":"https:\/\/www.cnbb.org.br\/cardeal-claudio-hummes-fala-sobre-os-desafios-de-inculturar-a-fe-nos-povos-da-amazonia-2\/","title":{"rendered":"Cardeal Cl\u00e1udio Hummes fala sobre os desafios de inculturar a f\u00e9 nos povos da Amaz\u00f4nia"},"content":{"rendered":"<p style=\"text-align: justify\">Hoje, 24, na coletiva de imprensa da 50\u00aa AG dos bispos da CNBB, esteve presente o arcebispo em\u00e9rito de S\u00e3o Paulo e Presidente da Comiss\u00e3o Episcopal para a Amaz\u00f4nia da CNBB, Cardeal Cl\u00e1udio Hummes. Na ocasi\u00e3o, o arcebispo afirmou que \u201ca f\u00e9 tem um car\u00e1ter mission\u00e1rio\u201d, e falou sobre os desafios de levar a evangeliza\u00e7\u00e3o a povos long\u00ednquos da Amaz\u00f4nia como ribeirinhos, povos da floresta e ind\u00edgenas.<\/p>\n<p><!--more--><\/p>\n<p style=\"text-align: justify\">Durante sua declara\u00e7\u00e3o, o cardeal ressaltou que um dos desafios da miss\u00e3o evangelizadora, \u00e9 a falta de uma constante forma\u00e7\u00e3o de clero local nessas comunidades da floresta. \u201cExiste uma dificuldade cultural de se formar padres nessas localidades\u201d, disse dom Cl\u00e1udio Hummes.\u00a0 De acordo com o cardeal, mesmo entre os \u00edndios cat\u00f3licos, que fazem parte da igreja h\u00e1 tr\u00eas ou quatro gera\u00e7\u00f5es, \u00e9 complexa a tarefa de forma\u00e7\u00e3o de sacerdotes.<\/p>\n<p style=\"text-align: justify\">\u201cNa igreja, a cultura europeia tem uma preponder\u00e2ncia muito grande, ent\u00e3o como um \u00edndio, por exemplo, se sente em um semin\u00e1rio, onde a grande maioria s\u00e3o brancos, e poucos \u00edndios? Obviamente eles n\u00e3o se sentem em casa\u201d, explica. Al\u00e9m da quest\u00e3o cultural, para ele, h\u00e1 a necessidade de se destinar mais verbas para os povos da Amaz\u00f4nia. \u201cComo acolher as voca\u00e7\u00f5es se os recursos s\u00e3o escassos?\u201d, questiona o cardeal.<\/p>\n<p style=\"text-align: justify\">Para dom Cl\u00e1udio, \u00e9 sempre um desafio quando duas culturas distintas t\u00eam que coexistir. Com os \u00edndios, por exemplo, ele explica que a forma ideal de conviver e de evangelizar, \u00e9 a partir do di\u00e1logo. \u201cTemos que ouvir os povos ind\u00edgenas. Eles t\u00eam uma forma pr\u00f3pria de entender a vida, tem sua religiosidade. \u00c9 preciso dialogar com esses elementos verdadeiros que eles possuem\u201d, disse.<\/p>\n<p style=\"text-align: justify\">O Cardeal acredita que \u00e9 necess\u00e1rio fazer com que a f\u00e9 no evangelho amadure\u00e7a nas localidades crist\u00e3s. \u201cA igreja mission\u00e1ria deve inculturar a f\u00e9 nas culturas onde se prega o evangelho. Uma f\u00e9 n\u00e3o inculturada, n\u00e3o \u00e9 uma f\u00e9 vivida e madura\u201d, alega.<\/p>\n<p style=\"text-align: justify\">O arcebispo finalizou dizendo que um dos grandes desafios \u00e9 fazer cm que a Amaz\u00f4nia avance sem perder sua identidade. \u201cTemos que atender aos pedidos dos povos, ouvir suas necessidades. Eles precisam ser ouvidos para serem sujeitos de sua pr\u00f3pria hist\u00f3ria. Temos que fazer com que a Amaz\u00f4nia progrida, por\u00e9m mantendo sua particularidade\u201d, disse.<\/p>\n","protected":false},"excerpt":{"rendered":"<p>Hoje, 24, na coletiva de imprensa da 50\u00aa AG dos bispos da CNBB, esteve presente o arcebispo em\u00e9rito de S\u00e3o Paulo e Presidente da Comiss\u00e3o Episcopal para a Amaz\u00f4nia da CNBB, Cardeal Cl\u00e1udio Hummes. Na ocasi\u00e3o, o arcebispo afirmou que \u201ca f\u00e9 tem um car\u00e1ter mission\u00e1rio\u201d, e falou sobre os desafios de levar a evangeliza\u00e7\u00e3o &hellip;<\/p>\n<p class=\"read-more\"> <a class=\"\" href=\"https:\/\/www.cnbb.org.br\/cardeal-claudio-hummes-fala-sobre-os-desafios-de-inculturar-a-fe-nos-povos-da-amazonia-2\/\"> <span class=\"screen-reader-text\">Cardeal Cl\u00e1udio Hummes fala sobre os desafios de inculturar a f\u00e9 nos povos da Amaz\u00f4nia<\/span> Leia mais &raquo;<\/a><\/p>\n","protected":false},"author":83,"featured_media":10223,"comment_status":"open","ping_status":"open","sticky":false,"template":"","format":"standard","meta":{"site-sidebar-layout":"default","site-content-layout":"default","ast-global-header-display":"","ast-banner-title-visibility":"","ast-main-header-display":"","ast-hfb-above-header-display":"","ast-hfb-below-header-display":"","ast-hfb-mobile-header-display":"","site-post-title":"","ast-breadcrumbs-content":"","ast-featured-img":"","footer-sml-layout":"","theme-transparent-header-meta":"","adv-header-id-meta":"","stick-header-meta":"","header-above-stick-meta":"","header-main-stick-meta":"","header-below-stick-meta":""},"categories":[925],"tags":[],"acf":[],"_links":{"self":[{"href":"https:\/\/www.cnbb.org.br\/cnbb-app\/wp\/v2\/posts\/14426"}],"collection":[{"href":"https:\/\/www.cnbb.org.br\/cnbb-app\/wp\/v2\/posts"}],"about":[{"href":"https:\/\/www.cnbb.org.br\/cnbb-app\/wp\/v2\/types\/post"}],"author":[{"embeddable":true,"href":"https:\/\/www.cnbb.org.br\/cnbb-app\/wp\/v2\/users\/83"}],"replies":[{"embeddable":true,"href":"https:\/\/www.cnbb.org.br\/cnbb-app\/wp\/v2\/comments?post=14426"}],"version-history":[{"count":0,"href":"https:\/\/www.cnbb.org.br\/cnbb-app\/wp\/v2\/posts\/14426\/revisions"}],"wp:featuredmedia":[{"embeddable":true,"href":"https:\/\/www.cnbb.org.br\/cnbb-app\/wp\/v2\/media\/10223"}],"wp:attachment":[{"href":"https:\/\/www.cnbb.org.br\/cnbb-app\/wp\/v2\/media?parent=14426"}],"wp:term":[{"taxonomy":"category","embeddable":true,"href":"https:\/\/www.cnbb.org.br\/cnbb-app\/wp\/v2\/categories?post=14426"},{"taxonomy":"post_tag","embeddable":true,"href":"https:\/\/www.cnbb.org.br\/cnbb-app\/wp\/v2\/tags?post=14426"}],"curies":[{"name":"wp","href":"https:\/\/api.w.org\/{rel}","templated":true}]}}