{"id":14428,"date":"2012-06-26T00:00:00","date_gmt":"2012-06-26T03:00:00","guid":{"rendered":"https:\/\/www.cnbb.org.br\/bispos-da-amazonia-celebram-40-anos-do-documento-de-santarem-2\/"},"modified":"2020-03-11T16:16:59","modified_gmt":"2020-03-11T19:16:59","slug":"bispos-da-amazonia-celebram-40-anos-do-documento-de-santarem-2","status":"publish","type":"post","link":"https:\/\/www.cnbb.org.br\/bispos-da-amazonia-celebram-40-anos-do-documento-de-santarem-2\/","title":{"rendered":"Bispos da Amaz\u00f4nia celebram 40 anos do documento de Santar\u00e9m"},"content":{"rendered":"<div style=\"text-align: justify\"><\/div>\n<div style=\"text-align: justify\"><\/div>\n<div style=\"text-align: justify\">Est\u00e1 tudo pronto para o encontro que vai reunir os bispos da Amaz\u00f4nia em Santar\u00e9m (PA), entre os dias 2 e 6 de julho. O 10\u00aa Encontro da Igreja na Amaz\u00f4nia ser\u00e1 realizado no Semin\u00e1rio S\u00e3o Pio D\u00e9cimo e destacar\u00e1 o tema: Cristo Aponta para a Amaz\u00f4nia. Est\u00e3o confirmadas as presen\u00e7as do Secret\u00e1rio Geral da CNBB, dom Leonardo Steiner, al\u00e9m do presidente da Comiss\u00e3o Episcopal para a Amaz\u00f4nia, cardeal Cl\u00e1udio Hummes.<\/div>\n<div style=\"text-align: justify\"><\/div>\n<p><!--more--><\/p>\n<div style=\"text-align: justify\">\nParticipam do encontro os bispos das dioceses dos tr\u00eas regionais da CNBB na regi\u00e3o da Amaz\u00f4nia: Norte I (norte do Amazonas e Roraima); Norte 2 (Par\u00e1 e Amap\u00e1) e Noroeste (Rond\u00f4nia, Acre e sul do Amazonas).<\/p>\n<p>O ponto central \u00e9 a reflex\u00e3o da a\u00e7\u00e3o evangelizadora da Igreja na Amaz\u00f4nia nos \u00faltimos 40 anos, que tem como base o \u201cDocumento de Santar\u00e9m\u201d, elaborado em 1972. Tamb\u00e9m ser\u00e3o apresentadas sugest\u00f5es para uma Evangeliza\u00e7\u00e3o Encarnada, Mission\u00e1ria e Prof\u00e9tica na Amaz\u00f4nia para os pr\u00f3ximos cinco anos.<\/p>\n<p>Est\u00e1 prevista a elabora\u00e7\u00e3o de uma carta ao Povo e aos Governadores dos Estados da regi\u00e3o amaz\u00f4nica, e outra ao Papa Bento XVI, com os resultados do evento.<\/p>\n<p>A cobertura das atividades do evento vai estar dispon\u00edvel atrav\u00e9s do endere\u00e7o <a href=\"http:\/\/www.encontrodosbisposdaamazonia.blogspot.com.br\" target=\"_blank\" rel=\"noopener\">www.encontrodosbisposdaamazonia.blogspot.com.br<\/a>.<\/p>\n<p><em><strong>Com informa\u00e7\u00f5es de Ercio Santos (Pascom \/ Diocese de Santar\u00e9m)<\/strong><\/em><\/div>\n","protected":false},"excerpt":{"rendered":"<p>Est\u00e1 tudo pronto para o encontro que vai reunir os bispos da Amaz\u00f4nia em Santar\u00e9m (PA), entre os dias 2 e 6 de julho. O 10\u00aa Encontro da Igreja na Amaz\u00f4nia ser\u00e1 realizado no Semin\u00e1rio S\u00e3o Pio D\u00e9cimo e destacar\u00e1 o tema: Cristo Aponta para a Amaz\u00f4nia. Est\u00e3o confirmadas as presen\u00e7as do Secret\u00e1rio Geral da &hellip;<\/p>\n<p class=\"read-more\"> <a class=\"\" href=\"https:\/\/www.cnbb.org.br\/bispos-da-amazonia-celebram-40-anos-do-documento-de-santarem-2\/\"> <span class=\"screen-reader-text\">Bispos da Amaz\u00f4nia celebram 40 anos do documento de Santar\u00e9m<\/span> Leia mais &raquo;<\/a><\/p>\n","protected":false},"author":83,"featured_media":10227,"comment_status":"open","ping_status":"open","sticky":false,"template":"","format":"standard","meta":{"site-sidebar-layout":"default","site-content-layout":"default","ast-global-header-display":"","ast-banner-title-visibility":"","ast-main-header-display":"","ast-hfb-above-header-display":"","ast-hfb-below-header-display":"","ast-hfb-mobile-header-display":"","site-post-title":"","ast-breadcrumbs-content":"","ast-featured-img":"","footer-sml-layout":"","theme-transparent-header-meta":"","adv-header-id-meta":"","stick-header-meta":"","header-above-stick-meta":"","header-main-stick-meta":"","header-below-stick-meta":""},"categories":[925],"tags":[],"acf":[],"_links":{"self":[{"href":"https:\/\/www.cnbb.org.br\/cnbb-app\/wp\/v2\/posts\/14428"}],"collection":[{"href":"https:\/\/www.cnbb.org.br\/cnbb-app\/wp\/v2\/posts"}],"about":[{"href":"https:\/\/www.cnbb.org.br\/cnbb-app\/wp\/v2\/types\/post"}],"author":[{"embeddable":true,"href":"https:\/\/www.cnbb.org.br\/cnbb-app\/wp\/v2\/users\/83"}],"replies":[{"embeddable":true,"href":"https:\/\/www.cnbb.org.br\/cnbb-app\/wp\/v2\/comments?post=14428"}],"version-history":[{"count":0,"href":"https:\/\/www.cnbb.org.br\/cnbb-app\/wp\/v2\/posts\/14428\/revisions"}],"wp:featuredmedia":[{"embeddable":true,"href":"https:\/\/www.cnbb.org.br\/cnbb-app\/wp\/v2\/media\/10227"}],"wp:attachment":[{"href":"https:\/\/www.cnbb.org.br\/cnbb-app\/wp\/v2\/media?parent=14428"}],"wp:term":[{"taxonomy":"category","embeddable":true,"href":"https:\/\/www.cnbb.org.br\/cnbb-app\/wp\/v2\/categories?post=14428"},{"taxonomy":"post_tag","embeddable":true,"href":"https:\/\/www.cnbb.org.br\/cnbb-app\/wp\/v2\/tags?post=14428"}],"curies":[{"name":"wp","href":"https:\/\/api.w.org\/{rel}","templated":true}]}}