{"id":14435,"date":"2012-07-06T00:00:00","date_gmt":"2012-07-06T03:00:00","guid":{"rendered":"https:\/\/www.cnbb.org.br\/qprecisa-ser-ainda-mais-considerada-por-pessoas-do-brasil-inteiroq-diz-arcebispo-de-porto-velho-2\/"},"modified":"2020-03-11T16:16:56","modified_gmt":"2020-03-11T19:16:56","slug":"qprecisa-ser-ainda-mais-considerada-por-pessoas-do-brasil-inteiroq-diz-arcebispo-de-porto-velho-2","status":"publish","type":"post","link":"https:\/\/www.cnbb.org.br\/qprecisa-ser-ainda-mais-considerada-por-pessoas-do-brasil-inteiroq-diz-arcebispo-de-porto-velho-2\/","title":{"rendered":"&#8220;A Amaz\u00f4nia precisa ser ainda mais considerada por pessoas do Brasil inteiro&#8221;, diz arcebispo de Porto Velho"},"content":{"rendered":"<p style=\"text-align: justify\">Dom Esmeraldo Barreto de Farias, arcebispo de Porto Velho (RO), participante do encontro de Santar\u00e9m (PA) que reune os regionais da CNBB que abrange a Amaz\u00f4nia, concedeu entrevista \u00e0 R\u00e1dio Vaticano e lembrou que a &#8220;Amaz\u00f4nia precisa estar no cora\u00e7\u00e3o de todos n\u00f3s&#8221;.<\/p>\n<p><!--more--><\/p>\n<p style=\"text-align: justify\">Para ele, a Amaz\u00f4nia deve estar no cora\u00e7\u00e3o das pessoas de todo o mundo. Em entrevista \u00e0 RV. Dom Esmeraldo declarou: \u201c<em>Eu diria que a Amaz\u00f4nia, assim como lembrava o Papa Paulo VI naquele encontro de 1972, precisa ser ainda mais considerada por pessoas do Brasil inteiro, por mission\u00e1rios, para que venham para c\u00e1 para ajudar a formar estas lideran\u00e7as locais, o clero local. Isto \u00e9 muito importante: a Amaz\u00f4nia precisa estar no cora\u00e7\u00e3o de todos n\u00f3s. Cristo aponta para a Amaz\u00f4nia, como disse Paulo VI. Ainda agora, na recep\u00e7\u00e3o do P\u00e1lio, as duas vezes que pude falar pessoalmente com o Papa Bento XVI, quando lhe disse que era da Amaz\u00f4nia, ele ficou muito feliz e disse: \u00b4sei que voc\u00eas t\u00eam muito trabalho, mas tenham perseveran\u00e7a, o povo precisa de voc\u00eas. E que voc\u00eas possam estar sempre ao lado e no meio desse povo\u00b4.Achei aquilo muito bonito. Que o nosso cora\u00e7\u00e3o, e o cora\u00e7\u00e3o de todas as pessoas possam se voltar tamb\u00e9m para a Amaz\u00f4nia<\/em>\u201d.<\/p>\n","protected":false},"excerpt":{"rendered":"<p>Dom Esmeraldo Barreto de Farias, arcebispo de Porto Velho (RO), participante do encontro de Santar\u00e9m (PA) que reune os regionais da CNBB que abrange a Amaz\u00f4nia, concedeu entrevista \u00e0 R\u00e1dio Vaticano e lembrou que a &#8220;Amaz\u00f4nia precisa estar no cora\u00e7\u00e3o de todos n\u00f3s&#8221;.<\/p>\n","protected":false},"author":83,"featured_media":10241,"comment_status":"open","ping_status":"open","sticky":false,"template":"","format":"standard","meta":{"site-sidebar-layout":"default","site-content-layout":"default","ast-global-header-display":"","ast-banner-title-visibility":"","ast-main-header-display":"","ast-hfb-above-header-display":"","ast-hfb-below-header-display":"","ast-hfb-mobile-header-display":"","site-post-title":"","ast-breadcrumbs-content":"","ast-featured-img":"","footer-sml-layout":"","theme-transparent-header-meta":"","adv-header-id-meta":"","stick-header-meta":"","header-above-stick-meta":"","header-main-stick-meta":"","header-below-stick-meta":""},"categories":[925],"tags":[],"acf":[],"_links":{"self":[{"href":"https:\/\/www.cnbb.org.br\/cnbb-app\/wp\/v2\/posts\/14435"}],"collection":[{"href":"https:\/\/www.cnbb.org.br\/cnbb-app\/wp\/v2\/posts"}],"about":[{"href":"https:\/\/www.cnbb.org.br\/cnbb-app\/wp\/v2\/types\/post"}],"author":[{"embeddable":true,"href":"https:\/\/www.cnbb.org.br\/cnbb-app\/wp\/v2\/users\/83"}],"replies":[{"embeddable":true,"href":"https:\/\/www.cnbb.org.br\/cnbb-app\/wp\/v2\/comments?post=14435"}],"version-history":[{"count":0,"href":"https:\/\/www.cnbb.org.br\/cnbb-app\/wp\/v2\/posts\/14435\/revisions"}],"wp:featuredmedia":[{"embeddable":true,"href":"https:\/\/www.cnbb.org.br\/cnbb-app\/wp\/v2\/media\/10241"}],"wp:attachment":[{"href":"https:\/\/www.cnbb.org.br\/cnbb-app\/wp\/v2\/media?parent=14435"}],"wp:term":[{"taxonomy":"category","embeddable":true,"href":"https:\/\/www.cnbb.org.br\/cnbb-app\/wp\/v2\/categories?post=14435"},{"taxonomy":"post_tag","embeddable":true,"href":"https:\/\/www.cnbb.org.br\/cnbb-app\/wp\/v2\/tags?post=14435"}],"curies":[{"name":"wp","href":"https:\/\/api.w.org\/{rel}","templated":true}]}}