{"id":14466,"date":"2014-06-05T00:00:00","date_gmt":"2014-06-05T03:00:00","guid":{"rendered":"https:\/\/www.cnbb.org.br\/cardeal-hummes-faz-visita-pastoral-a-regiao-amazonica-2\/"},"modified":"2020-03-11T16:16:38","modified_gmt":"2020-03-11T19:16:38","slug":"cardeal-hummes-faz-visita-pastoral-a-regiao-amazonica-2","status":"publish","type":"post","link":"https:\/\/www.cnbb.org.br\/cardeal-hummes-faz-visita-pastoral-a-regiao-amazonica-2\/","title":{"rendered":"Cardeal Cl\u00e1udio Hummes faz visita pastoral \u00e0 regi\u00e3o amaz\u00f4nica"},"content":{"rendered":"<p style=\"text-align: justify\"><span style=\"line-height: 1.3em\">Durante dezoito dias, o arcebispo em\u00e9rito de S\u00e3o Paulo (SP) e presidente da Comiss\u00e3o Episcopal para a Amaz\u00f4nia da CNBB, cardeal Claudio Hummes, estar\u00e1 em visita pastoral nas dioceses e prelazias da regi\u00e3o amaz\u00f4nica. Na oportunidade, ele se encontrar\u00e1 com bispos e comunidades locais para conhecer a realidade dos povos e as atividades mission\u00e1rias de evangeliza\u00e7\u00e3o desenvolvidas.<\/span><\/p>\n<p><!--more--><\/p>\n<p style=\"text-align: justify\"><span style=\"line-height: 1.3em\">Dom Claudio chegou a Porto Velho no dia 1\u00ba de junho e seguiu para a diocese de Humait\u00e1, munic\u00edpio brasileiro localizado no interior do estado do Amazonas, onde permaneceu at\u00e9 \u00a0quarta-feira, 4. Nesta semana, o arcebispo visita a diocese de Cruzeiro do Sul e, no s\u00e1bado, 7, viaja para Rio Branco, que pertence \u00e0 arquidiocese de Porto Velho.<\/span><\/p>\n<p style=\"text-align: justify\">Na pr\u00f3xima semana, 10 de junho, o cardeal Hummes segue para Manaus e, na sequ\u00eancia, tem encontro com as comunidades da prelazia de Borba, onde \u00e9 recebido pelo bispo local, dom El\u00f3i R\u00f3ggia. No dia 15, tem in\u00edcio a \u00faltima etapa da visita pastoral, quando dom Cl\u00e1udio passa por Parintins e volta a Manaus, na quarta-feira, 18. No mesmo dia, o cardeal retorna \u00e0 S\u00e3o Paulo.<\/p>\n<p style=\"text-align: justify\"><strong>Miss\u00e3o na Amaz\u00f4nia <\/strong><\/p>\n<p style=\"text-align: justify\">Para dom Claudio, a miss\u00e3o da Igreja na Amaz\u00f4nia tem uma caminhada de muitos anos, com a presen\u00e7a dos primeiros mission\u00e1rios. O bispo destaca, tamb\u00e9m, a forma\u00e7\u00e3o de comunidades e prelazias que, com o passar do tempo, foram sendo constitu\u00eddas dioceses, com bispos e clero local e, aponta os desafios. \u201cPrecisamos investir na prepara\u00e7\u00e3o dos agentes e mission\u00e1rios, como a forma\u00e7\u00e3o de um clero para esta regi\u00e3o, inclusive um clero ind\u00edgena. Os povos ind\u00edgenas n\u00e3o s\u00e3o a maioria, por\u00e9m caracterizam a nossa miss\u00e3o na Amaz\u00f4nia\u201d, explicou.<\/p>\n<p style=\"text-align: justify\">\u201cEu gostaria que a Amaz\u00f4nia estivesse no cora\u00e7\u00e3o dos brasileiros, com toda as suas caracter\u00edsticas e desafios. A Igreja na Amaz\u00f4nia tem uma hist\u00f3ria bonita, mas que precisa muito da nossa ajuda, solidariedade e aten\u00e7\u00e3o\u201d, disse dom Claudio.<\/p>\n","protected":false},"excerpt":{"rendered":"<p>Durante dezoito dias, o arcebispo em\u00e9rito de S\u00e3o Paulo (SP) e presidente da Comiss\u00e3o Episcopal para a Amaz\u00f4nia da CNBB, cardeal Claudio Hummes, estar\u00e1 em visita pastoral nas dioceses e prelazias da regi\u00e3o amaz\u00f4nica. Na oportunidade, ele se encontrar\u00e1 com bispos e comunidades locais para conhecer a realidade dos povos e as atividades mission\u00e1rias de &hellip;<\/p>\n<p class=\"read-more\"> <a class=\"\" href=\"https:\/\/www.cnbb.org.br\/cardeal-hummes-faz-visita-pastoral-a-regiao-amazonica-2\/\"> <span class=\"screen-reader-text\">Cardeal Cl\u00e1udio Hummes faz visita pastoral \u00e0 regi\u00e3o amaz\u00f4nica<\/span> Leia mais &raquo;<\/a><\/p>\n","protected":false},"author":83,"featured_media":10298,"comment_status":"open","ping_status":"open","sticky":false,"template":"","format":"standard","meta":{"site-sidebar-layout":"default","site-content-layout":"default","ast-global-header-display":"","ast-banner-title-visibility":"","ast-main-header-display":"","ast-hfb-above-header-display":"","ast-hfb-below-header-display":"","ast-hfb-mobile-header-display":"","site-post-title":"","ast-breadcrumbs-content":"","ast-featured-img":"","footer-sml-layout":"","theme-transparent-header-meta":"","adv-header-id-meta":"","stick-header-meta":"","header-above-stick-meta":"","header-main-stick-meta":"","header-below-stick-meta":""},"categories":[925],"tags":[],"acf":[],"_links":{"self":[{"href":"https:\/\/www.cnbb.org.br\/cnbb-app\/wp\/v2\/posts\/14466"}],"collection":[{"href":"https:\/\/www.cnbb.org.br\/cnbb-app\/wp\/v2\/posts"}],"about":[{"href":"https:\/\/www.cnbb.org.br\/cnbb-app\/wp\/v2\/types\/post"}],"author":[{"embeddable":true,"href":"https:\/\/www.cnbb.org.br\/cnbb-app\/wp\/v2\/users\/83"}],"replies":[{"embeddable":true,"href":"https:\/\/www.cnbb.org.br\/cnbb-app\/wp\/v2\/comments?post=14466"}],"version-history":[{"count":0,"href":"https:\/\/www.cnbb.org.br\/cnbb-app\/wp\/v2\/posts\/14466\/revisions"}],"wp:featuredmedia":[{"embeddable":true,"href":"https:\/\/www.cnbb.org.br\/cnbb-app\/wp\/v2\/media\/10298"}],"wp:attachment":[{"href":"https:\/\/www.cnbb.org.br\/cnbb-app\/wp\/v2\/media?parent=14466"}],"wp:term":[{"taxonomy":"category","embeddable":true,"href":"https:\/\/www.cnbb.org.br\/cnbb-app\/wp\/v2\/categories?post=14466"},{"taxonomy":"post_tag","embeddable":true,"href":"https:\/\/www.cnbb.org.br\/cnbb-app\/wp\/v2\/tags?post=14466"}],"curies":[{"name":"wp","href":"https:\/\/api.w.org\/{rel}","templated":true}]}}