{"id":14473,"date":"2014-09-09T00:00:00","date_gmt":"2014-09-09T03:00:00","guid":{"rendered":"https:\/\/www.cnbb.org.br\/escutem-os-clamores-da-amazonia-deseja-dom-belisario-2\/"},"modified":"2020-03-11T16:16:35","modified_gmt":"2020-03-11T19:16:35","slug":"escutem-os-clamores-da-amazonia-deseja-dom-belisario-2","status":"publish","type":"post","link":"https:\/\/www.cnbb.org.br\/escutem-os-clamores-da-amazonia-deseja-dom-belisario-2\/","title":{"rendered":"\u201cEscutem os clamores da Amaz\u00f4nia\u201d, pede dom Belis\u00e1rio"},"content":{"rendered":"<p style=\"text-align: justify\"><span style=\"line-height: 1.3em\">O encontro de cria\u00e7\u00e3o da Rede Eclesial Pan-Amaz\u00f4nica teve in\u00edcio na tarde desta ter\u00e7a-feira, dia 9, em Bras\u00edlia (DF). Bispos, padres, religiosos e leigos ligados aos trabalhos de evangeliza\u00e7\u00e3o na regi\u00e3o buscam tra\u00e7ar metas e estrat\u00e9gias comuns em vista da consolida\u00e7\u00e3o da Rede Eclesial Pan-Amaz\u00f4nica. Na celebra\u00e7\u00e3o de abertura, o arcebispo de S\u00e3o Lu\u00eds (MA) e vice-presidente da Confer\u00eancia Nacional dos Bispos do Brasil (CNBB), dom Jos\u00e9 Belis\u00e1rio da Silva, recordou o Documento 101 da Confer\u00eancia, \u201cA Igreja e a quest\u00e3o agr\u00e1ria brasileira no in\u00edcio do s\u00e9culo XXI\u201d, e pediu aos participantes do evento para que \u201cescutem os clamores dos povos da Amaz\u00f4nia\u201d.<\/span><\/p>\n<p><!--more--><\/p>\n<p style=\"text-align: justify\">\u00a0<span style=\"line-height: 1.3em\">Dom Jos\u00e9 Belis\u00e1rio comp\u00f4s a mesa de abertura ao lado do n\u00fancio apost\u00f3lico no Brasil, dom Giovanni d\u2019Aniello; do arcebispo de Bras\u00edlia e presidente da Comiss\u00e3o Episcopal Pastoral para a Doutrina da F\u00e9 da CNBB, dom Sergio da Rocha; do representante do Conselho Pontif\u00edcio Justi\u00e7a e Paz do Vaticano, Tebaldo Vinciguerra; da presidente da Confer\u00eancia Latino-Americana e Caribenha de Religiosos (Clar), irm\u00e3 Mecedes Casas; do presidente do Departamento Justi\u00e7a e Solidariedade do Conselho Epsicopal Latino-Americano (Celam), dom Pedro Barreto; e do secret\u00e1rio executivo do SELACC, Francisco Hern\u00e1ndez.<\/span><\/p>\n<p style=\"text-align: justify\">Em sua fala, o vice-presidente da CNBB citou o primeiro cap\u00edtulo do documento 101 da entidade. \u201cNa primeira parte ele fala dos clamores, dos gritos, dos povos da terra, das \u00e1guas, da floresta, de toda a estrutura agr\u00e1ria atual e pormenoriza os clamores dos povos ind\u00edgenas, os primeiros habitantes desta terra\u201d, explicou. Em nome da CNBB, dom Belis\u00e1rio desejou que sejam escutados os \u201cclamores dos povos da Amaz\u00f4nia, os clamores do pulm\u00e3o do planeta\u201d.<\/p>\n<p style=\"text-align: justify\">O n\u00fancio apost\u00f3lico no Brasil, dom Giovanni D\u2019Aniello, expressou alegria pelo trabalho de mission\u00e1rios que, como lembra o papa, \u201cbuscam consolidar o rosto Amaz\u00f4nico da Igreja\u201d. \u201cQuero expressar minha sincera e profunda gratid\u00e3o pelo trabalho t\u00e3o precioso que a Comiss\u00e3o Episcopal para a Amaz\u00f4nia da CNBB, sob a dire\u00e7\u00e3o de seu presidente, cardeal Cl\u00e1udio Hummes, j\u00e1 est\u00e1 desenvolvendo e que j\u00e1 est\u00e1 dando muitos frutos, gra\u00e7as tamb\u00e9m \u00e0 resposta pronta e generosa de todas as dioceses\u201d, ressaltou o n\u00fancio.<\/p>\n<p style=\"text-align: justify\"><img decoding=\"async\" loading=\"lazy\" class=\" alignright size-full wp-image-23390\" src=\"https:\/\/www.cnbb.org.br\/wp-content\/uploads\/2020\/03\/ABERTURA_Enc_PanAmaznica-59.jpg\" alt=\"\" width=\"297\" height=\"198\" align=\"right\" border=\"0\" \/>Entre membros de pastorais e organismos ligados \u00e0 CNBB, estiveram os bispos de Santar\u00e9m (PA) e presidente da C\u00e1ritas Brasileira, dom Fl\u00e1vio Giovenal; de Roraima (RR) e presidente do Regional Norte 1 da CNBB, dom Roque Paloschi; de S\u00e3o F\u00e9lix (MT) e presidente da Comiss\u00e3o Episcopal para a Miss\u00e3o Continental, dom Adriano Ciocca Vasino; e membros da Comiss\u00e3o Episcopal para a Amaz\u00f4nia, os bispos de Natal (RN), dom Jaime Vieira Rocha, e o em\u00e9rito de Porto Velho (RO), dom Moacyr Grechi.<\/p>\n<p style=\"text-align: justify\"><strong>Programa\u00e7\u00e3o<\/strong><\/p>\n<p style=\"text-align: justify\">O encontro segue at\u00e9 o dia 12 de setembro. Amanh\u00e3, acontecer\u00e3o duas mesas redondas e trabalhos em grupos. O primeiro debate abordar\u00e1 o tema: &#8220;Vis\u00e3o panor\u00e2mica da Pan-Amaz\u00f4nia&#8221;. J\u00e1 a segunda mesa redonda ser\u00e1 sobre &#8220;A realidade da Pan-Amaz\u00f4nia desde a perspectiva das mudan\u00e7as clim\u00e1ticas&#8221;.<\/p>\n<p style=\"text-align: justify\">No dia seguinte, haver\u00e1 debate sobre &#8220;O papel e a miss\u00e3o da Igreja na ecologia e na Pan-Amaz\u00f4nia&#8221;, com continua\u00e7\u00e3o dos trabalhos em grupos. No \u00faltimo dia do encontro ser\u00e1 apresentada uma proposta preliminar de estrutura para a Rede Eclesial Pan-Amaz\u00f4nica.<\/p>\n<p>&nbsp;<\/p>\n<p>&nbsp;<\/p>\n<p>&nbsp;<\/p>\n","protected":false},"excerpt":{"rendered":"<p>O encontro de cria\u00e7\u00e3o da Rede Eclesial Pan-Amaz\u00f4nica teve in\u00edcio na tarde desta ter\u00e7a-feira, dia 9, em Bras\u00edlia (DF). Bispos, padres, religiosos e leigos ligados aos trabalhos de evangeliza\u00e7\u00e3o na regi\u00e3o buscam tra\u00e7ar metas e estrat\u00e9gias comuns em vista da consolida\u00e7\u00e3o da Rede Eclesial Pan-Amaz\u00f4nica. Na celebra\u00e7\u00e3o de abertura, o arcebispo de S\u00e3o Lu\u00eds (MA) &hellip;<\/p>\n<p class=\"read-more\"> <a class=\"\" href=\"https:\/\/www.cnbb.org.br\/escutem-os-clamores-da-amazonia-deseja-dom-belisario-2\/\"> <span class=\"screen-reader-text\">\u201cEscutem os clamores da Amaz\u00f4nia\u201d, pede dom Belis\u00e1rio<\/span> Leia mais &raquo;<\/a><\/p>\n","protected":false},"author":83,"featured_media":10310,"comment_status":"open","ping_status":"open","sticky":false,"template":"","format":"standard","meta":{"site-sidebar-layout":"default","site-content-layout":"default","ast-global-header-display":"","ast-banner-title-visibility":"","ast-main-header-display":"","ast-hfb-above-header-display":"","ast-hfb-below-header-display":"","ast-hfb-mobile-header-display":"","site-post-title":"","ast-breadcrumbs-content":"","ast-featured-img":"","footer-sml-layout":"","theme-transparent-header-meta":"","adv-header-id-meta":"","stick-header-meta":"","header-above-stick-meta":"","header-main-stick-meta":"","header-below-stick-meta":""},"categories":[925],"tags":[],"acf":[],"_links":{"self":[{"href":"https:\/\/www.cnbb.org.br\/cnbb-app\/wp\/v2\/posts\/14473"}],"collection":[{"href":"https:\/\/www.cnbb.org.br\/cnbb-app\/wp\/v2\/posts"}],"about":[{"href":"https:\/\/www.cnbb.org.br\/cnbb-app\/wp\/v2\/types\/post"}],"author":[{"embeddable":true,"href":"https:\/\/www.cnbb.org.br\/cnbb-app\/wp\/v2\/users\/83"}],"replies":[{"embeddable":true,"href":"https:\/\/www.cnbb.org.br\/cnbb-app\/wp\/v2\/comments?post=14473"}],"version-history":[{"count":0,"href":"https:\/\/www.cnbb.org.br\/cnbb-app\/wp\/v2\/posts\/14473\/revisions"}],"wp:featuredmedia":[{"embeddable":true,"href":"https:\/\/www.cnbb.org.br\/cnbb-app\/wp\/v2\/media\/10310"}],"wp:attachment":[{"href":"https:\/\/www.cnbb.org.br\/cnbb-app\/wp\/v2\/media?parent=14473"}],"wp:term":[{"taxonomy":"category","embeddable":true,"href":"https:\/\/www.cnbb.org.br\/cnbb-app\/wp\/v2\/categories?post=14473"},{"taxonomy":"post_tag","embeddable":true,"href":"https:\/\/www.cnbb.org.br\/cnbb-app\/wp\/v2\/tags?post=14473"}],"curies":[{"name":"wp","href":"https:\/\/api.w.org\/{rel}","templated":true}]}}