{"id":14507,"date":"2017-03-29T00:00:00","date_gmt":"2017-03-29T03:00:00","guid":{"rendered":"https:\/\/www.cnbb.org.br\/seminario-aponta-desafios-e-compromissos-a-serem-assumidos-pela-populacao-do-acre-2\/"},"modified":"2020-03-11T16:16:16","modified_gmt":"2020-03-11T19:16:16","slug":"seminario-aponta-desafios-e-compromissos-a-serem-assumidos-pela-populacao-do-acre-2","status":"publish","type":"post","link":"https:\/\/www.cnbb.org.br\/seminario-aponta-desafios-e-compromissos-a-serem-assumidos-pela-populacao-do-acre-2\/","title":{"rendered":"Semin\u00e1rio aponta desafios e compromissos a serem assumidos pela popula\u00e7\u00e3o do Acre"},"content":{"rendered":"<p style=\"text-align: justify\">Debates foram sobre problem\u00e1ticas dos projetos desenvolvimentistas, narcotr\u00e1fico, viol\u00eancia dom\u00e9stica e saneamento<\/p>\n<p><!--more--><\/p>\n<p style=\"text-align: justify\">A Rede Eclesial Pan-Amaz\u00f4nica (Repam) reuniu ind\u00edgenas, ribeirinhos, agentes de pastoral, sociedade civil, pesquisadores, religiosas\/os, seminaristas, padres e bispos no Semin\u00e1rio Laudato Si\u2019, realizado no dia 26 de mar\u00e7o, na diocese de Cruzeiro do Sul (AC). No total, foram 126 participantes que olharam para sua realidade, ouviram e trocaram experi\u00eancias. Ao final do encontro, foi divulgada uma carta compromisso na qual os presentes apontaram os \u201cproblemas graves que afetam a regi\u00e3o do Juru\u00e1 e de toda a Pan-Amaz\u00f4nia\u201d e assumiram compromissos relacionados a estes desafios, como os grandes projetos desenvolvimentistas e terra; o narcotr\u00e1fico; a viol\u00eancia dom\u00e9stica e o saneamento b\u00e1sico.<\/p>\n<p style=\"text-align: justify\">Leia a carta na \u00edntegra:<\/p>\n<p style=\"text-align: justify\">\n<p style=\"text-align: right\"><em>Cruzeiro do Sul, 26 de mar\u00e7o de 2017<\/em><\/p>\n<p style=\"text-align: justify\">\n<h2 style=\"text-align: center\"><strong>Carta compromisso dos participantes do Semin\u00e1rio Laudato S\u00ec e Rede Eclesial Pan-Amaz\u00f4nica (Repam) <\/strong><br \/>\n<strong>da Diocese de Cruzeiro do Sul, Acre e Amazonas<\/strong><\/h2>\n<p style=\"text-align: justify\">\n<p style=\"text-align: justify\">Reunidos em Cruzeiro do Sul (AC), n\u00f3s participantes do Semin\u00e1rio Laudato S\u00ec, promovido pela Rede Eclesial Pan-Amaz\u00f4nica\u201d (REPAM): ind\u00edgenas, ribeirinhos, agentes de pastoral, sociedade civil, pesquisadores, religiosas\/os, seminaristas, padres e bispos, totalizando 126 participantes, mergulhamos em nossa realidade, ouvimos e trocamos experi\u00eancias.<\/p>\n<p style=\"text-align: justify\">A par dos problemas graves que afetam a regi\u00e3o do Juru\u00e1 e de toda a Pan-Amaz\u00f4nia, discutimos: os grandes projetos desenvolvimentistas e terra (1); o narcotr\u00e1fico (2); a viol\u00eancia dom\u00e9stica (3) e o saneamento b\u00e1sico (4):<\/p>\n<p style=\"text-align: justify\">\n<p style=\"text-align: justify\"><strong>1) Grandes projetos para a Pan-Amaz\u00f4nia e terra\u00a0<\/strong><\/p>\n<p style=\"text-align: justify\">A. Referente aos projetos do tipo Redu\u00e7\u00e3o de Emiss\u00f5es por Desmatamento e Degrada\u00e7\u00e3o Florestal (REDD) que vem se instalando em nossa regi\u00e3o, nos perguntamos: Como podemos tirar o sustento sem poder ro\u00e7ar, ca\u00e7ar ou pescar? Ainda apontamos a aus\u00eancia de clareza nesses projetos, os quais nos causam inseguran\u00e7a pela falta de regulariza\u00e7\u00e3o fundi\u00e1ria.<\/p>\n<p style=\"text-align: justify\">B. No que tange \u00e0 quest\u00e3o da terra, estamos preocupados com as vendas indevidas das mesmas, muitas vezes griladas, com a crescente expans\u00e3o do agroneg\u00f3cio que gera conflitos entre posseiros e fazendeiros, viol\u00eancia e morte. A morosidade dos processos de regulariza\u00e7\u00e3o fundi\u00e1ria favorece o n\u00e3o cumprimento do direito \u00e0 terra das comunidades tradicionais. O direito constitucional da demarca\u00e7\u00e3o das terras ind\u00edgenas no prazo de cinco anos a partir da Constitui\u00e7\u00e3o Federal de 1988, at\u00e9 hoje n\u00e3o foi cumprido. Ao contr\u00e1rio, est\u00e1 amea\u00e7ado com a tramita\u00e7\u00e3o da PEC 215.<\/p>\n<p style=\"text-align: justify\">C. Em rela\u00e7\u00e3o \u00e0 explora\u00e7\u00e3o de petr\u00f3leo e g\u00e1s no Vale do Juru\u00e1, a venda do Bloco AC-T8 para a Petrobras em 2013 constitui-se como verdadeira amea\u00e7a. Esta atividade, e principalmente a extra\u00e7\u00e3o de g\u00e1s ou petr\u00f3leo n\u00e3o convencionais (fracking), podem contaminar o solo e a \u00e1gua e afetar a vida das comunidades, assim como as demais formas de vida da floresta.<\/p>\n<p style=\"text-align: justify\">\n<p style=\"text-align: justify\"><strong>2) Viol\u00eancia dom\u00e9stica<\/strong><\/p>\n<p style=\"text-align: justify\">Constatamos o aumento da viol\u00eancia dom\u00e9stica, de explora\u00e7\u00e3o e abuso sexual. Os atendimentos nas delegacias s\u00e3o falhos. Falta um atendimento humanizado.<\/p>\n<p style=\"text-align: justify\">\n<p style=\"text-align: justify\"><strong>\u00a03) Narcotr\u00e1fico<\/strong><\/p>\n<p style=\"text-align: justify\">Preocupa-nos ainda o aumento de crimes violentos e a destrui\u00e7\u00e3o de fam\u00edlias em nossa regi\u00e3o por causa do narcotr\u00e1fico. A aus\u00eancia de prote\u00e7\u00e3o e a corrup\u00e7\u00e3o facilitam a entrada de traficantes pela tr\u00edplice fronteira, em v\u00e1rios casos atravessando as terras ind\u00edgenas. A regi\u00e3o fronteiri\u00e7a n\u00e3o suficientemente vigiada torna-se tamb\u00e9m o palco prop\u00edcio para a explora\u00e7\u00e3o e o tr\u00e1fico de pessoas.<\/p>\n<p style=\"text-align: justify\">N\u00e3o podemos deixar de manifestar-nos sobre a atual proposta de reforma previdenci\u00e1ria e terceiriza\u00e7\u00e3o que vulnerabiliza, particularmente, os mais pobres e agrava ainda mais a situa\u00e7\u00e3o de exclus\u00e3o e perda de direitos na Amaz\u00f4nia.<\/p>\n<p style=\"text-align: justify\">\n<p style=\"text-align: justify\"><strong>4) Saneamento b\u00e1sico<\/strong><\/p>\n<p style=\"text-align: justify\">Grandes problemas referentes ao saneamento b\u00e1sico s\u00e3o a inexist\u00eancia de uma esta\u00e7\u00e3o de tratamento de \u00e1gua e esgoto em toda regi\u00e3o do Vale do Juru\u00e1 e a aus\u00eancia de aterros sanit\u00e1rios. N\u00e3o se cumpre um calend\u00e1rio de coleta de lixo e n\u00e3o h\u00e1 programas de educa\u00e7\u00e3o para que as pessoas mantenham a nossa Casa Comum limpa.<\/p>\n<p style=\"text-align: justify\">\n<p style=\"text-align: justify\">O papa Francisco expressa um carinho especial aos povos ind\u00edgenas. O maior n\u00famero de povos abor\u00edgenes no Brasil se encontra na Amaz\u00f4nia. O Papa afirma: \u201c\u00c9 indispens\u00e1vel prestar uma aten\u00e7\u00e3o especial \u00e0s comunidades abor\u00edgenes com as suas tradi\u00e7\u00f5es culturais. N\u00e3o s\u00e3o apenas uma minoria entre outras, mas devem tornar-se os principais interlocutores, especialmente quando se avan\u00e7a com grandes projetos que afetam os seus espa\u00e7os (LS 145). A defesa que o Papa assume em rela\u00e7\u00e3o aos povos ind\u00edgenas se estende tamb\u00e9m aos quilombolas com suas culturas ancestrais.<\/p>\n<p style=\"text-align: justify\">A Carta Enc\u00edclica Laudato S\u00ed nos deu esperan\u00e7a e iluminou na reflex\u00e3o sobre essa situa\u00e7\u00e3o prec\u00e1ria. \u201cVivemos j\u00e1 muito tempo na degrada\u00e7\u00e3o moral, descartando a \u00e9tica, a bondade, a f\u00e9, a honestidade; chegou o momento de reconhecer, que essa alegre superficialidade de pouco nos serviu\u201d, (LS 229).<\/p>\n<p style=\"text-align: justify\">Reconhecemos, a partir da Laudato S\u00ec, que \u00e9 imprescind\u00edvel a tarefa de organismos internacionais e a organiza\u00e7\u00e3o e de n\u00f3s sociedade civil e Igreja, \u201cna sensibiliza\u00e7\u00e3o das pessoas, na colabora\u00e7\u00e3o de forma cr\u00edtica, inclusive utilizando leg\u00edtimos mecanismos de press\u00e3o, para que cada governo cumpra o dever pr\u00f3prio e n\u00e3o-deleg\u00e1vel de preservar o meio ambiente e os recursos naturais do seu pa\u00eds, sem se vender a esp\u00farios interesses locais ou internacionais\u201d (LS 38).<\/p>\n<p style=\"text-align: justify\">Comprometidos\/as com a defesa da vida na Amaz\u00f4nia e a promo\u00e7\u00e3o da paz e a harmonia na Casa Comum, o Lar de todos, assumimos:<\/p>\n<p style=\"text-align: justify\">\n<p style=\"text-align: justify\"><strong>1. Grandes projetos e regulariza\u00e7\u00e3o fundi\u00e1ria\u00a0<\/strong><\/p>\n<p style=\"text-align: justify\">Exigimos que sejam realizadas reuni\u00f5es para consulta livre, pr\u00e9via e informada junto com organiza\u00e7\u00f5es de apoio de \u00f3rg\u00e3os competentes como: MPF, com base na Conven\u00e7\u00e3o 169 da OIT Art. 6\u00ba e na Constitui\u00e7\u00e3o Federal, Art. 231 e 232. Insistimos na conscientiza\u00e7\u00e3o dos riscos da explora\u00e7\u00e3o de g\u00e1s e petr\u00f3leo e nas den\u00fancias em n\u00edvel internacional em rela\u00e7\u00e3o a viola\u00e7\u00e3o dos direitos \u00e0 terra.<\/p>\n<p style=\"text-align: justify\">\n<p style=\"text-align: justify\"><strong>2. Viol\u00eancia dom\u00e9stica\u00a0<\/strong><\/p>\n<p style=\"text-align: justify\">Fortaleceremos e criaremos grupos de fam\u00edlias vulnerabilizadas pela viol\u00eancia dom\u00e9stica (ex.: Alco\u00f3licos An\u00f4nimos, Grupo Esperan\u00e7a Viva, etc.:), com ajuda da Pastoral Familiar, organiza\u00e7\u00f5es e especialistas no assunto.<\/p>\n<p style=\"text-align: justify\">\n<p style=\"text-align: justify\"><strong>3. Narcotr\u00e1fico\u00a0<\/strong><\/p>\n<p style=\"text-align: justify\">Desenvolveremos um trabalho integrado entre igrejas, sociedade e os \u00f3rg\u00e3os governamentais (federais, estaduais, municipais) a n\u00edvel de fronteira (Peru e Bol\u00edvia) no combate a viol\u00eancia e explora\u00e7\u00e3o sexual, tr\u00e1fico de pessoas e ao narcotr\u00e1fico.<\/p>\n<p style=\"text-align: justify\">\n<p style=\"text-align: justify\"><strong>4. Saneamento b\u00e1sico<\/strong><\/p>\n<p style=\"text-align: justify\">Exigimos do poder p\u00fablico um plano de saneamento b\u00e1sico e efetiva\u00e7\u00e3o onde j\u00e1 existe.<\/p>\n<p style=\"text-align: justify\">Firmaremos parcerias com institui\u00e7\u00f5es para realizar campanhas de educa\u00e7\u00e3o ambiental, no cuidado com a Casa Comum.<\/p>\n<p style=\"text-align: justify\">Assumimos esses compromissos porque acreditamos na mensagem do papa Francisco: \u201cA esperan\u00e7a convida-nos a reconhecer que sempre h\u00e1 uma sa\u00edda, sempre podemos mudar de rumo, sempre podemos fazer alguma coisa para resolver os problemas\u201d, (LS 61).<\/p>\n<p>&nbsp;<\/p>\n","protected":false},"excerpt":{"rendered":"<p>Debates foram sobre problem\u00e1ticas dos projetos desenvolvimentistas, narcotr\u00e1fico, viol\u00eancia dom\u00e9stica e saneamento<\/p>\n","protected":false},"author":83,"featured_media":10375,"comment_status":"open","ping_status":"open","sticky":false,"template":"","format":"standard","meta":{"site-sidebar-layout":"default","site-content-layout":"default","ast-global-header-display":"","ast-banner-title-visibility":"","ast-main-header-display":"","ast-hfb-above-header-display":"","ast-hfb-below-header-display":"","ast-hfb-mobile-header-display":"","site-post-title":"","ast-breadcrumbs-content":"","ast-featured-img":"","footer-sml-layout":"","theme-transparent-header-meta":"","adv-header-id-meta":"","stick-header-meta":"","header-above-stick-meta":"","header-main-stick-meta":"","header-below-stick-meta":""},"categories":[925],"tags":[],"acf":[],"_links":{"self":[{"href":"https:\/\/www.cnbb.org.br\/cnbb-app\/wp\/v2\/posts\/14507"}],"collection":[{"href":"https:\/\/www.cnbb.org.br\/cnbb-app\/wp\/v2\/posts"}],"about":[{"href":"https:\/\/www.cnbb.org.br\/cnbb-app\/wp\/v2\/types\/post"}],"author":[{"embeddable":true,"href":"https:\/\/www.cnbb.org.br\/cnbb-app\/wp\/v2\/users\/83"}],"replies":[{"embeddable":true,"href":"https:\/\/www.cnbb.org.br\/cnbb-app\/wp\/v2\/comments?post=14507"}],"version-history":[{"count":0,"href":"https:\/\/www.cnbb.org.br\/cnbb-app\/wp\/v2\/posts\/14507\/revisions"}],"wp:featuredmedia":[{"embeddable":true,"href":"https:\/\/www.cnbb.org.br\/cnbb-app\/wp\/v2\/media\/10375"}],"wp:attachment":[{"href":"https:\/\/www.cnbb.org.br\/cnbb-app\/wp\/v2\/media?parent=14507"}],"wp:term":[{"taxonomy":"category","embeddable":true,"href":"https:\/\/www.cnbb.org.br\/cnbb-app\/wp\/v2\/categories?post=14507"},{"taxonomy":"post_tag","embeddable":true,"href":"https:\/\/www.cnbb.org.br\/cnbb-app\/wp\/v2\/tags?post=14507"}],"curies":[{"name":"wp","href":"https:\/\/api.w.org\/{rel}","templated":true}]}}