{"id":14540,"date":"2011-03-16T00:00:00","date_gmt":"2011-03-16T03:00:00","guid":{"rendered":"https:\/\/www.cnbb.org.br\/comissao-biblico-catequetica-da-cnbb-realiza-5o-seminario-nacional-de-catequese-junto-a-pessoa-com-deficiencia\/"},"modified":"2011-03-16T00:00:00","modified_gmt":"2011-03-16T03:00:00","slug":"comissao-biblico-catequetica-da-cnbb-realiza-5o-seminario-nacional-de-catequese-junto-a-pessoa-com-deficiencia","status":"publish","type":"post","link":"https:\/\/www.cnbb.org.br\/comissao-biblico-catequetica-da-cnbb-realiza-5o-seminario-nacional-de-catequese-junto-a-pessoa-com-deficiencia\/","title":{"rendered":"Comiss\u00e3o B\u00edblico-Catequ\u00e9tica realiza 5\u00ba Semin\u00e1rio Nacional de Catequese junto \u00e0 Pessoa com Defici\u00eancia"},"content":{"rendered":"<p style=\"text-align: justify\">Com o tema \u201cA Igreja e a Pessoa com Defici\u00eancia\u201d, a Comiss\u00e3o Episcopal Pastoral para Anima\u00e7\u00e3o B\u00edblico-Catequ\u00e9tica da Confer\u00eancia Nacional dos Bispos do Brasil (CNBB) vai realizar no pr\u00f3ximo fim de semana, dias 25 e 27 de mar\u00e7o, o 5\u00ba Semin\u00e1rio Nacional de Catequese junto \u00e0 Pessoa com Defici\u00eancia. O evento acontece no Centro de Pastoral Santa F\u00e9, em S\u00e3o Paulo (SP).<\/p>\n<p>  <!--more-->  <\/p>\n<p style=\"text-align: justify\">Participar\u00e3o do evento, catequistas, e profissionais que trabalham com pessoas deficientes: psic\u00f3logos, pedagogos, psicopedagogos; como tamb\u00e9m religiosos, padres e leigos. A assessora do Setor B\u00edblico-Catequ\u00e9tico da CNBB, irm\u00e3 Z\u00e9lia Maria Batista, afirmou que um dos objetivos do Semin\u00e1rio \u00e9 resgatar a reflex\u00e3o e propostas da Campanha da Fraternidade 2006, \u201cFraternidade e a Pessoa com Defici\u00eancia\u201d.<\/p>\n<p style=\"text-align: justify\">\u201cQueremos, a partir deste V Semin\u00e1rio, resgatar as propostas da CF-2006 que tratou das pessoas com defici\u00eancia. Vamos discutir os avan\u00e7os da Igreja junto a essas pessoas e em quais pontos falta avan\u00e7ar, pois n\u00f3s percebemos que existe ainda falta de forma\u00e7\u00e3o de catequistas para acolher as diversas defici\u00eancias\u201d, antecipou irm\u00e3 Z\u00e9lia.<\/p>\n<p style=\"text-align: justify\">A assessora afirmou ainda que o Semin\u00e1rio se prop\u00f5e a animar, orientar e articular as a\u00e7\u00f5es b\u00edblico-catequ\u00e9ticas desenvolvidas junto \u00e0s pessoas com defici\u00eancia nos regionais da CNBB. Ter\u00e1 seus desdobramentos\u00a0 com a publica\u00e7\u00e3o de um DVD com um roteiro pastoral sobre como trabalhar com pessoas com defici\u00eancia. \u201cO Semin\u00e1rio vai ser desdobrado nas bases da Igreja por meio das comunidades, par\u00f3quias e dioceses espalhadas pelo Brasil. Um DVD com orienta\u00e7\u00f5es pastorais est\u00e1 sendo pensado para dar continuidade ao projeto\u201d, garantiu a assessora.<\/p>\n<p style=\"text-align: justify\">O primeiro passo a ser conquistado para evangelizar os deficientes, segundo irm\u00e3 Z\u00e9lia, \u00e9 saber acolh\u00ea-lo na comunidade. \u201cAs pessoas ainda n\u00e3o sabem o que fazer com a pessoa com defici\u00eancia e, \u00e0s vezes, \u00e9 preciso atitudes muito simples: o gesto de uma acolhida faz a diferen\u00e7a, mas \u00e9 preciso, mais do que isso, prepara\u00e7\u00e3o dos catequistas. \u00c9 para isso que estamos organizando este Semin\u00e1rio, para que depois ele tenha seus desdobramentos nas comunidades e dioceses do Brasil\u201d, frisou a religiosa.<\/p>\n<p style=\"text-align: justify\"><strong>Catequese para pessoas com defici\u00eancia<\/strong><\/p>\n<p style=\"text-align: justify\">\u201cLevanta-te e anda\u201d (At, 3,6). O lema do Semin\u00e1rio \u00e9 tirado do livro dos Atos dos Ap\u00f3stolos e tem por objetivo mudar a situa\u00e7\u00e3o das pessoas com defici\u00eancia a partir do convite \u00e0 participa\u00e7\u00e3o e o agir.\u00a0 O lema convida a sociedade a n\u00e3o fazer dos deficientes \u201ccoitadinhos\u201d, mas ultrapassar as barreiras do preconceito e transformar essas pessoas em protagonistas. Para isso, o Semin\u00e1rio contar\u00e1 com palestras proferidas por pessoas com defici\u00eancia que vivem no dia a dia as dificuldades e obst\u00e1culos impostos pelos afazeres di\u00e1rios como tamb\u00e9m pelo preconceito instaurado na sociedade moderna. O lema do evento \u00e9 um \u201cimperativo com muitos significados: sair do conforto, curar a dor e agir, mudar a situa\u00e7\u00e3o\u201d.<\/p>\n","protected":false},"excerpt":{"rendered":"<p>Com o tema \u201cA Igreja e a Pessoa com Defici\u00eancia\u201d, a Comiss\u00e3o Episcopal Pastoral para Anima\u00e7\u00e3o B\u00edblico-Catequ\u00e9tica da Confer\u00eancia Nacional dos Bispos do Brasil (CNBB) vai realizar no pr\u00f3ximo fim de semana, dias 25 e 27 de mar\u00e7o, o 5\u00ba Semin\u00e1rio Nacional de Catequese junto \u00e0 Pessoa com Defici\u00eancia. O evento acontece no Centro de &hellip;<\/p>\n<p class=\"read-more\"> <a class=\"\" href=\"https:\/\/www.cnbb.org.br\/comissao-biblico-catequetica-da-cnbb-realiza-5o-seminario-nacional-de-catequese-junto-a-pessoa-com-deficiencia\/\"> <span class=\"screen-reader-text\">Comiss\u00e3o B\u00edblico-Catequ\u00e9tica realiza 5\u00ba Semin\u00e1rio Nacional de Catequese junto \u00e0 Pessoa com Defici\u00eancia<\/span> Leia mais &raquo;<\/a><\/p>\n","protected":false},"author":83,"featured_media":13955,"comment_status":"open","ping_status":"open","sticky":false,"template":"","format":"standard","meta":{"site-sidebar-layout":"default","site-content-layout":"default","ast-global-header-display":"","ast-banner-title-visibility":"","ast-main-header-display":"","ast-hfb-above-header-display":"","ast-hfb-below-header-display":"","ast-hfb-mobile-header-display":"","site-post-title":"","ast-breadcrumbs-content":"","ast-featured-img":"","footer-sml-layout":"","theme-transparent-header-meta":"","adv-header-id-meta":"","stick-header-meta":"","header-above-stick-meta":"","header-main-stick-meta":"","header-below-stick-meta":""},"categories":[800,748],"tags":[],"acf":[],"_links":{"self":[{"href":"https:\/\/www.cnbb.org.br\/cnbb-app\/wp\/v2\/posts\/14540"}],"collection":[{"href":"https:\/\/www.cnbb.org.br\/cnbb-app\/wp\/v2\/posts"}],"about":[{"href":"https:\/\/www.cnbb.org.br\/cnbb-app\/wp\/v2\/types\/post"}],"author":[{"embeddable":true,"href":"https:\/\/www.cnbb.org.br\/cnbb-app\/wp\/v2\/users\/83"}],"replies":[{"embeddable":true,"href":"https:\/\/www.cnbb.org.br\/cnbb-app\/wp\/v2\/comments?post=14540"}],"version-history":[{"count":0,"href":"https:\/\/www.cnbb.org.br\/cnbb-app\/wp\/v2\/posts\/14540\/revisions"}],"wp:featuredmedia":[{"embeddable":true,"href":"https:\/\/www.cnbb.org.br\/cnbb-app\/wp\/v2\/media\/13955"}],"wp:attachment":[{"href":"https:\/\/www.cnbb.org.br\/cnbb-app\/wp\/v2\/media?parent=14540"}],"wp:term":[{"taxonomy":"category","embeddable":true,"href":"https:\/\/www.cnbb.org.br\/cnbb-app\/wp\/v2\/categories?post=14540"},{"taxonomy":"post_tag","embeddable":true,"href":"https:\/\/www.cnbb.org.br\/cnbb-app\/wp\/v2\/tags?post=14540"}],"curies":[{"name":"wp","href":"https:\/\/api.w.org\/{rel}","templated":true}]}}