{"id":14556,"date":"2011-09-01T00:00:00","date_gmt":"2011-09-01T03:00:00","guid":{"rendered":"https:\/\/www.cnbb.org.br\/igreja-no-brasil-celebra-o-mes-da-biblia-2011-com-o-estudo-do-livro-do-exodo\/"},"modified":"2011-09-01T00:00:00","modified_gmt":"2011-09-01T03:00:00","slug":"igreja-no-brasil-celebra-o-mes-da-biblia-2011-com-o-estudo-do-livro-do-exodo","status":"publish","type":"post","link":"https:\/\/www.cnbb.org.br\/igreja-no-brasil-celebra-o-mes-da-biblia-2011-com-o-estudo-do-livro-do-exodo\/","title":{"rendered":"Igreja no Brasil celebra o M\u00eas da B\u00edblia 2011 com o estudo do Livro do \u00caxodo"},"content":{"rendered":"<p style=\"text-align: justify\">\u201cDesconhecer as Escrituras \u00e9 desconhecer o Cristo\u201d, com essa frase, de S\u00e3o Jer\u00f4nimo, que a Igreja celebra, nesse m\u00eas de setembro, o M\u00eas da B\u00edblia. Neste ano, o estudo proposto pela Comiss\u00e3o Episcopal Pastoral para a Anima\u00e7\u00e3o B\u00edblico-catequ\u00e9tica, da Confer\u00eancia Nacional dos Bispos do Brasil (CNBB), ser\u00e1 o Livro do \u00caxodo, cap\u00edtulos 15,22 a 18,27, que \u00e9 conhecido como o \u201cLivro da Travessia\u201d.<\/p>\n<p><!--more--><\/p>\n<p style=\"text-align: justify\">O M\u00eas da B\u00edblia tem como tema \u201cTravessia, passo a passo, o caminho se faz\u201d, e o lema \u201cAproximai-vos do Senhor\u201d.<\/p>\n<p style=\"text-align: justify\">O presidente da Comiss\u00e3o para a Anima\u00e7\u00e3o B\u00edblico-catequ\u00e9tica e arcebispo de Pelotas (RS), dom Jacinto Bergmann, escreveu uma mensagem para toda a comunidade crist\u00e3 que celebra o M\u00eas da B\u00edblia.<\/p>\n<p style=\"text-align: justify\">Dom Jacinto pede que todos procurem viver intensamente o esse m\u00eas, em todas as comunidades crist\u00e3s espalhadas pelo territ\u00f3rio nacional. \u201cQue bom que temos um Subs\u00eddio elaborado pela Comiss\u00e3o para a Anima\u00e7\u00e3o B\u00edblico-catequ\u00e9tica, que, usado em nossos Grupos B\u00edblicos, nos ajudar\u00e1 a conhecer e interpretar, a comungar e orar, a evangelizar e proclamar a Palavra de Deus e assim caminharmos sempre mais para uma verdadeira anima\u00e7\u00e3o b\u00edblica da pastoral, formando entusiastas disc\u00edpulos mission\u00e1rios de Jesus Cristo\u201d, destacou.<\/p>\n<p style=\"text-align: justify\"><strong>O Subs\u00eddio<\/strong><\/p>\n<p style=\"text-align: justify\">O Subs\u00eddio apresenta v\u00e1rios textos para estudo, reflex\u00e3o, ora\u00e7\u00e3o e pr\u00e1tica para o M\u00eas da B\u00edblia de 2011. N\u00e3o pretende dizer tudo, mas apontar pistas para o trabalho individual e comunit\u00e1rio. Foi pensado como material de apoio, isto \u00e9, traz elementos informativos a serem desenvolvidos posteriormente e indica tamb\u00e9m roteiros pr\u00e1ticos, que podem orientar grupos de reflex\u00e3o e leitura orante sobre o assunto.<\/p>\n<p style=\"text-align: justify\">Leia abaixo a \u00edntegra da mensagem de dom Jacinto Bergmann, presidente da Comiss\u00e3o Episcopal Pastoral para a Anima\u00e7\u00e3o B\u00edblico-catequ\u00e9tica da CNBB.<\/p>\n<p style=\"text-align: center\"><strong>M\u00eas da B\u00edblia<\/strong><\/p>\n<p style=\"text-align: justify\">M\u00eas de Setembro para a nossa Igreja no Brasil j\u00e1 \u00e9, por uma bonita tradi\u00e7\u00e3o, sin\u00f4nimo de M\u00caS DA B\u00cdBLIA. O grande S\u00e3o Jer\u00f4nimo, presb\u00edtero e doutor, cuja mem\u00f3ria celebramos no final do m\u00eas de setembro, dia 30, nos motivou desde o in\u00edcio e motiva ainda hoje para a dedica\u00e7\u00e3o do m\u00eas de setembro inteiro para ser o da B\u00edblia. Sabemos da import\u00e2ncia do trabalho b\u00edblico de S\u00e3o Jer\u00f4nimo realizando a tradu\u00e7\u00e3o da Vulgata; e sua frase \u00e9 emblem\u00e1tica: \u201cDesconhecer as Escrituras \u00e9 desconhecer o Cristo\u201d.<\/p>\n<p style=\"text-align: justify\">Tamb\u00e9m j\u00e1 \u00e9 uma bonita tradi\u00e7\u00e3o, a CNBB, atrav\u00e9s da Comiss\u00e3o Episcopal Pastoral para a Anima\u00e7\u00e3o B\u00edblico-Catequ\u00e9tica, oferecer um tema para o M\u00eas da B\u00edblia para o estudo, a reflex\u00e3o, a ora\u00e7\u00e3o e a viv\u00eancia da Palavra de Deus. O tema pode girar ou em torno de trechos b\u00edblicos, ou de um Livro b\u00edblico, ou at\u00e9 de um conjunto de Livros b\u00edblicos. A escolha do tema para o M\u00eas da B\u00edblia deste ano de 2011, concentrou-se no trecho do Livro do \u00caxodo, cap\u00edtulos 15,22 a 18,27, que \u00e9 conhecido como o \u201cLivro da Travessia\u201d. \u00c9 necess\u00e1rio olharmos as etapas da travessia des\u00e9rtica do Povo de Deus, saindo do Egito e buscando a Terra Prometida: as dificuldades enfrentadas pelo Povo de Deus, tanto os problemas da natureza, quanto os desafios oriundos pela conviv\u00eancia humana, criaram a necesidade de enraizar e vivenciar a f\u00e9, a esperan\u00e7a e o amor em Deus. Queremos aprender com o Povo de Deus a realizarmos a nossa travessia de discipulado e miss\u00e3o. Eis, pois, o tema t\u00e3o prop\u00edcio para o M\u00eas da B\u00edblia de 2011: \u201cTravessia, passo a passo, o caminho se faz\u201d. Mas, o fundamental em tudo isso, \u00e9 estar pr\u00f3ximo ao Senhor Deus. Assim, do cap\u00edtulo 16, vers\u00edculo 9, \u00e9 tirado tamb\u00e9m o lema: \u201cAproximai-vos do Senhor\u201d.<\/p>\n<p style=\"text-align: justify\">Vamos viver intensamente o M\u00eas da B\u00edblia em todas as nossas comunidades crist\u00e3s espalhadas pelo territ\u00f3rio nacional. Que bom que temos um Subs\u00eddio elaborado pela Comiss\u00e3o Episcopal Pastoral para a Anima\u00e7\u00e3o B\u00edblico-Catequ\u00e9tica, que, usado em nossos Grupos B\u00edblicos, nos ajudar\u00e1 a conhecer e interpretar, a comungar e orar, a evangelizar e proclamar a Palavra de Deus e assim caminharmos sempre mais para uma verdadeira ANIMA\u00c7\u00c3O B\u00cdBLICA DA PASTORAL, formando entusiastas disc\u00edpulos mission\u00e1rios de Jesus Cristo.<\/p>\n<p style=\"text-align: center\"><strong>Dom Jacinto Bergmann,<br \/>\nArcebispo de Pelotas e Presidente da Comiss\u00e3o Episcopal Pastoral para a Anima\u00e7\u00e3o B\u00edblico-catequ\u00e9tica<\/strong><\/p>\n","protected":false},"excerpt":{"rendered":"<p>\u201cDesconhecer as Escrituras \u00e9 desconhecer o Cristo\u201d, com essa frase, de S\u00e3o Jer\u00f4nimo, que a Igreja celebra, nesse m\u00eas de setembro, o M\u00eas da B\u00edblia. Neste ano, o estudo proposto pela Comiss\u00e3o Episcopal Pastoral para a Anima\u00e7\u00e3o B\u00edblico-catequ\u00e9tica, da Confer\u00eancia Nacional dos Bispos do Brasil (CNBB), ser\u00e1 o Livro do \u00caxodo, cap\u00edtulos 15,22 a 18,27, &hellip;<\/p>\n<p class=\"read-more\"> <a class=\"\" href=\"https:\/\/www.cnbb.org.br\/igreja-no-brasil-celebra-o-mes-da-biblia-2011-com-o-estudo-do-livro-do-exodo\/\"> <span class=\"screen-reader-text\">Igreja no Brasil celebra o M\u00eas da B\u00edblia 2011 com o estudo do Livro do \u00caxodo<\/span> Leia mais &raquo;<\/a><\/p>\n","protected":false},"author":83,"featured_media":14557,"comment_status":"open","ping_status":"open","sticky":false,"template":"","format":"standard","meta":{"site-sidebar-layout":"default","site-content-layout":"default","ast-global-header-display":"","ast-banner-title-visibility":"","ast-main-header-display":"","ast-hfb-above-header-display":"","ast-hfb-below-header-display":"","ast-hfb-mobile-header-display":"","site-post-title":"","ast-breadcrumbs-content":"","ast-featured-img":"","footer-sml-layout":"","theme-transparent-header-meta":"","adv-header-id-meta":"","stick-header-meta":"","header-above-stick-meta":"","header-main-stick-meta":"","header-below-stick-meta":""},"categories":[800,748],"tags":[],"acf":[],"_links":{"self":[{"href":"https:\/\/www.cnbb.org.br\/cnbb-app\/wp\/v2\/posts\/14556"}],"collection":[{"href":"https:\/\/www.cnbb.org.br\/cnbb-app\/wp\/v2\/posts"}],"about":[{"href":"https:\/\/www.cnbb.org.br\/cnbb-app\/wp\/v2\/types\/post"}],"author":[{"embeddable":true,"href":"https:\/\/www.cnbb.org.br\/cnbb-app\/wp\/v2\/users\/83"}],"replies":[{"embeddable":true,"href":"https:\/\/www.cnbb.org.br\/cnbb-app\/wp\/v2\/comments?post=14556"}],"version-history":[{"count":0,"href":"https:\/\/www.cnbb.org.br\/cnbb-app\/wp\/v2\/posts\/14556\/revisions"}],"wp:featuredmedia":[{"embeddable":true,"href":"https:\/\/www.cnbb.org.br\/cnbb-app\/wp\/v2\/media\/14557"}],"wp:attachment":[{"href":"https:\/\/www.cnbb.org.br\/cnbb-app\/wp\/v2\/media?parent=14556"}],"wp:term":[{"taxonomy":"category","embeddable":true,"href":"https:\/\/www.cnbb.org.br\/cnbb-app\/wp\/v2\/categories?post=14556"},{"taxonomy":"post_tag","embeddable":true,"href":"https:\/\/www.cnbb.org.br\/cnbb-app\/wp\/v2\/tags?post=14556"}],"curies":[{"name":"wp","href":"https:\/\/api.w.org\/{rel}","templated":true}]}}