{"id":14560,"date":"2011-10-08T00:00:00","date_gmt":"2011-10-08T03:00:00","guid":{"rendered":"https:\/\/www.cnbb.org.br\/comeca-o-congresso-de-animacao-biblica-da-pastoral-em-goiania\/"},"modified":"2011-10-08T00:00:00","modified_gmt":"2011-10-08T03:00:00","slug":"comeca-o-congresso-de-animacao-biblica-da-pastoral-em-goiania","status":"publish","type":"post","link":"https:\/\/www.cnbb.org.br\/comeca-o-congresso-de-animacao-biblica-da-pastoral-em-goiania\/","title":{"rendered":"Come\u00e7a o Congresso de Anima\u00e7\u00e3o B\u00edblica da Pastoral em Goi\u00e2nia"},"content":{"rendered":"<p style=\"text-align: justify\">Catequistas, agentes das mais variadas pastorais, religiosas, religiosos, padres, bispos de todas as regi\u00f5es do Brasil come\u00e7aram na manh\u00e3 deste s\u00e1bado, em Goi\u00e2nia, o I Congresso Brasileiro de Anima\u00e7\u00e3o B\u00edblica da Pastoral. Realizado pela Confer\u00eancia Nacional dos Bispos do Brasil (CNBB), atrav\u00e9s da Comiss\u00e3o Episcopal Pastoral para Anima\u00e7\u00e3o B\u00edblico-pastoral, e pela Sociedade de Catequetas Latino-americanos (SCALA), o Congresso re\u00fane 500 pessoas e tem o apoio da Pontif\u00edcia Universidade Cat\u00f3lica de Goi\u00e1s (PUC-GO) e das Irm\u00e3s Agostinianas Mission\u00e1rias de Assist\u00eancia e educa\u00e7\u00e3o.<\/p>\n<p><!--more--><\/p>\n<p style=\"text-align: justify\"><img decoding=\"async\" loading=\"lazy\" class=\" alignleft size-full wp-image-12089\" style=\"float: left\" title=\"Dom Jacinto Bergmann declara aberto o Congresso\" src=\"https:\/\/www.cnbb.org.br\/wp-content\/uploads\/2020\/03\/CongressoBiblia-domjacinto.jpg\" alt=\"CongressoBiblia-domjacinto\" width=\"188\" height=\"207\" \/>\u00c0s 8h30, o presidente da Comiss\u00e3o B\u00edblico-catequ\u00e9tica da CNBB, dom Jacinto Bergmann, declarou aberto o Congresso. A primeira confer\u00eancia do Congresso com o tema \u201cA Igreja num mundo em mudan\u00e7a\u201d ser\u00e1 feita pelo te\u00f3logo, padre Joel Portella, \u00e0s 11h15. \u00c0 tarde, os biblistas Frei Carlos Mesters e Francisco Orofino desenvolvem o tema \u201cA Palavra encarnada- Palavra Anunciada\u201d.<\/p>\n<p>Confira a programa\u00e7\u00e3o de hoje<br \/>\n8h: Acolhida e anima\u00e7\u00e3o (apresenta\u00e7\u00e3o dos regionais)<br \/>\n9h: Celebra\u00e7\u00e3o\/entroniza\u00e7\u00e3o da Palavra<br \/>\n9h45: Sauda\u00e7\u00f5es<br \/>\n10h30: Intervalo<br \/>\n11h: Objetivos e organiza\u00e7\u00e3o do Encontro: D. Jacinto Bergmann<br \/>\n11h15: Confer\u00eancia: A Igreja num mundo em mudan\u00e7a: Pe. Joel Portela<br \/>\n12h30: Almo\u00e7o<br \/>\n14h30: Anima\u00e7\u00e3o<br \/>\n14h45: Grupos: rea\u00e7\u00e3o \u00e0 Confer\u00eancia de Pe. Joel<br \/>\n15h45 Intervalo<br \/>\n16h15: A Palavra encarnada- Palavra Anunciada: Frei Carlos Mesters e Francisco Orofino<br \/>\n17h30: Celebra\u00e7\u00e3o Eucar\u00edstica de abertura<br \/>\n19h00: Jantar<\/p>\n<p style=\"text-align: justify\">\n","protected":false},"excerpt":{"rendered":"<p>Catequistas, agentes das mais variadas pastorais, religiosas, religiosos, padres, bispos de todas as regi\u00f5es do Brasil come\u00e7aram na manh\u00e3 deste s\u00e1bado, em Goi\u00e2nia, o I Congresso Brasileiro de Anima\u00e7\u00e3o B\u00edblica da Pastoral. Realizado pela Confer\u00eancia Nacional dos Bispos do Brasil (CNBB), atrav\u00e9s da Comiss\u00e3o Episcopal Pastoral para Anima\u00e7\u00e3o B\u00edblico-pastoral, e pela Sociedade de Catequetas Latino-americanos &hellip;<\/p>\n<p class=\"read-more\"> <a class=\"\" href=\"https:\/\/www.cnbb.org.br\/comeca-o-congresso-de-animacao-biblica-da-pastoral-em-goiania\/\"> <span class=\"screen-reader-text\">Come\u00e7a o Congresso de Anima\u00e7\u00e3o B\u00edblica da Pastoral em Goi\u00e2nia<\/span> Leia mais &raquo;<\/a><\/p>\n","protected":false},"author":83,"featured_media":14562,"comment_status":"open","ping_status":"open","sticky":false,"template":"","format":"standard","meta":{"site-sidebar-layout":"default","site-content-layout":"default","ast-global-header-display":"","ast-banner-title-visibility":"","ast-main-header-display":"","ast-hfb-above-header-display":"","ast-hfb-below-header-display":"","ast-hfb-mobile-header-display":"","site-post-title":"","ast-breadcrumbs-content":"","ast-featured-img":"","footer-sml-layout":"","theme-transparent-header-meta":"","adv-header-id-meta":"","stick-header-meta":"","header-above-stick-meta":"","header-main-stick-meta":"","header-below-stick-meta":""},"categories":[800,748],"tags":[],"acf":[],"_links":{"self":[{"href":"https:\/\/www.cnbb.org.br\/cnbb-app\/wp\/v2\/posts\/14560"}],"collection":[{"href":"https:\/\/www.cnbb.org.br\/cnbb-app\/wp\/v2\/posts"}],"about":[{"href":"https:\/\/www.cnbb.org.br\/cnbb-app\/wp\/v2\/types\/post"}],"author":[{"embeddable":true,"href":"https:\/\/www.cnbb.org.br\/cnbb-app\/wp\/v2\/users\/83"}],"replies":[{"embeddable":true,"href":"https:\/\/www.cnbb.org.br\/cnbb-app\/wp\/v2\/comments?post=14560"}],"version-history":[{"count":0,"href":"https:\/\/www.cnbb.org.br\/cnbb-app\/wp\/v2\/posts\/14560\/revisions"}],"wp:featuredmedia":[{"embeddable":true,"href":"https:\/\/www.cnbb.org.br\/cnbb-app\/wp\/v2\/media\/14562"}],"wp:attachment":[{"href":"https:\/\/www.cnbb.org.br\/cnbb-app\/wp\/v2\/media?parent=14560"}],"wp:term":[{"taxonomy":"category","embeddable":true,"href":"https:\/\/www.cnbb.org.br\/cnbb-app\/wp\/v2\/categories?post=14560"},{"taxonomy":"post_tag","embeddable":true,"href":"https:\/\/www.cnbb.org.br\/cnbb-app\/wp\/v2\/tags?post=14560"}],"curies":[{"name":"wp","href":"https:\/\/api.w.org\/{rel}","templated":true}]}}