{"id":14563,"date":"2011-10-08T00:00:00","date_gmt":"2011-10-08T03:00:00","guid":{"rendered":"https:\/\/www.cnbb.org.br\/a-palavra-de-deus-e-a-alma-da-igreja-diz-dom-jacinto\/"},"modified":"2011-10-08T00:00:00","modified_gmt":"2011-10-08T03:00:00","slug":"a-palavra-de-deus-e-a-alma-da-igreja-diz-dom-jacinto","status":"publish","type":"post","link":"https:\/\/www.cnbb.org.br\/a-palavra-de-deus-e-a-alma-da-igreja-diz-dom-jacinto\/","title":{"rendered":"\u201cA Palavra de Deus \u00e9 a alma da Igreja\u201d, diz dom Jacinto"},"content":{"rendered":"<p style=\"text-align: justify\">O presidente da Comiss\u00e3o Episcopal Pastoral para Anima\u00e7\u00e3o B\u00edblico-catequ\u00e9tica da CNBB e arcebispo de Pelotas (RS), dom Jacinto Bergmann abriu o I Congresso Brasileiro de Anima\u00e7\u00e3o B\u00edblica da Pastoral destacando a import\u00e2ncia da Palavra de Deus na vida da Igreja.<\/p>\n<p><!--more--><\/p>\n<p style=\"text-align: justify\">Segundo o arcebispo, a b\u00edblia deve nutrir a voca\u00e7\u00e3o e a miss\u00e3o de todo disc\u00edpulo mission\u00e1rio. \u201cTrata-se de compreender que a Palavra de Deus \u00e9 a alma, o cora\u00e7\u00e3o de toda pastoral, de toda a\u00e7\u00e3o evangelizadora da Igreja\u201d, disse.<\/p>\n<p><img decoding=\"async\" loading=\"lazy\" class=\" alignleft size-full wp-image-12095\" style=\"float: left\" title=\"Dom Jacinto destacou os objetivos do Congresso ao acolher os participantes\" src=\"https:\/\/www.cnbb.org.br\/wp-content\/uploads\/2020\/03\/CongressoBiblia-domjacinto2.jpg\" alt=\"CongressoBiblia-domjacinto2\" width=\"355\" height=\"238\" \/>Dom Jacinto recordou os objetivos do Congresso, que re\u00fane 500 pessoas de todo o pa\u00eds at\u00e9 ter\u00e7a-feira, 11, no teatro Madre Esperan\u00e7a Garrido, do Col\u00e9gio Santo Agostinho, em Goi\u00e2nia (GO).<\/p>\n<p style=\"text-align: justify\">\u201cPrecisamos com coragem entender, construir e assumir uma viva e eficaz anima\u00e7\u00e3o b\u00edblica da pastoral. Isto \u00e9, tornar a palavra de Deus a alma da Igreja\u201d, acentuou dom Jacinto.<\/p>\n<p>Para dom Jacinto, a Igreja realiza muitos trabalhos e servi\u00e7os, mas \u00e9 necess\u00e1rio crescer na unidade destes trabalhos. \u201cTemos muita coisa e aprendemos a faz\u00ea-las muito bem, mas temos que aprender a fazer juntos\u201d, destacou.<\/p>\n<p>De acordo com dom Jacinto, a Igreja, nos cinco continentes, \u201crespira a grande inspira\u00e7\u00e3o de uma anima\u00e7\u00e3o b\u00edblica da pastoral\u201d.<\/p>\n<p>\u201cA Federa\u00e7\u00e3o B\u00edblica Cat\u00f3lica (FEBIC), com 200 pa\u00edses membros, insiste h\u00e1 muito tempo nessa inspira\u00e7\u00e3o; o s\u00ednodo dos bispos a assume e a exorta\u00e7\u00e3o p\u00f3s-sinodal a ratifica\u201d, afirma dom Jacinto. \u201cAs atuais Diretrizes Gerais da A\u00e7\u00e3o Evangelizadora da Igreja no Brasil colocam entre como uma de suas cinco urg\u00eancias a da \u201cIgreja: lugar de anima\u00e7\u00e3o b\u00edblica da vida e da pastoral\u201d, acrescenta.<\/p>\n<p><img decoding=\"async\" loading=\"lazy\" class=\" alignleft size-full wp-image-12096\" style=\"float: left\" title=\"Katiusca, representante do Cebipal\" src=\"https:\/\/www.cnbb.org.br\/wp-content\/uploads\/2020\/03\/CongressoBiblia-katiusca-rotated.jpg\" alt=\"CongressoBiblia-katiusca\" width=\"241\" height=\"333\" \/>A mesa de abertura dos trabalhos foi composta, al\u00e9m de dom Jacinto, do presidente da Sociedade dos Catequetas Latino-americanos, Irm\u00e3o Israel Jos\u00e9 Nery; do reitor da PUC-Goi\u00e1s, Wolmir Terezio Amado; do secret\u00e1rio executivo do Regional Centro-Oeste, padre Eduardo Lu\u00eds de Resende; da chilena Katiusca Caceres, do Centro B\u00edblico para Am\u00e9rica Latina (Cebipal), e do bispo auxiliar de Goi\u00e2nia, dom Waldemar Passini Dalbello.<\/p>\n<p>Katiusca destacou a necessidade da Am\u00e9rica Latina fortalecer esta experi\u00eancia que a Igreja no Brasil est\u00e1 vivendo com o Congresso. \u201cSentimo-nos plenamente unidos a voc\u00eas e vamos comunicar isso a outros pa\u00edses para que a palavra de Deus fortale\u00e7a na vida e na miss\u00e3o de todas as comunidades\u201d, disse.<\/p>\n<p>J\u00e1 o irm\u00e3o Nery refor\u00e7ou a necessidade de uma pastoral org\u00e2nica mais que uma pastoral de conjunto, superando os conflitos e a falta de unidade nos trabalhos. \u201cO dever de casa de todos que est\u00e3o aqui \u00e9 ajudar para que n\u00e3o exista mais pastoral de conjunto, mas uma pastoral org\u00e2nica com a palavra de Deus perpassando tudo o que a gente faz\u201d, sublinhou.<\/p>\n","protected":false},"excerpt":{"rendered":"<p>O presidente da Comiss\u00e3o Episcopal Pastoral para Anima\u00e7\u00e3o B\u00edblico-catequ\u00e9tica da CNBB e arcebispo de Pelotas (RS), dom Jacinto Bergmann abriu o I Congresso Brasileiro de Anima\u00e7\u00e3o B\u00edblica da Pastoral destacando a import\u00e2ncia da Palavra de Deus na vida da Igreja.<\/p>\n","protected":false},"author":83,"featured_media":14564,"comment_status":"open","ping_status":"open","sticky":false,"template":"","format":"standard","meta":{"site-sidebar-layout":"default","site-content-layout":"default","ast-global-header-display":"","ast-banner-title-visibility":"","ast-main-header-display":"","ast-hfb-above-header-display":"","ast-hfb-below-header-display":"","ast-hfb-mobile-header-display":"","site-post-title":"","ast-breadcrumbs-content":"","ast-featured-img":"","footer-sml-layout":"","theme-transparent-header-meta":"","adv-header-id-meta":"","stick-header-meta":"","header-above-stick-meta":"","header-main-stick-meta":"","header-below-stick-meta":""},"categories":[800,748],"tags":[],"acf":[],"_links":{"self":[{"href":"https:\/\/www.cnbb.org.br\/cnbb-app\/wp\/v2\/posts\/14563"}],"collection":[{"href":"https:\/\/www.cnbb.org.br\/cnbb-app\/wp\/v2\/posts"}],"about":[{"href":"https:\/\/www.cnbb.org.br\/cnbb-app\/wp\/v2\/types\/post"}],"author":[{"embeddable":true,"href":"https:\/\/www.cnbb.org.br\/cnbb-app\/wp\/v2\/users\/83"}],"replies":[{"embeddable":true,"href":"https:\/\/www.cnbb.org.br\/cnbb-app\/wp\/v2\/comments?post=14563"}],"version-history":[{"count":0,"href":"https:\/\/www.cnbb.org.br\/cnbb-app\/wp\/v2\/posts\/14563\/revisions"}],"wp:featuredmedia":[{"embeddable":true,"href":"https:\/\/www.cnbb.org.br\/cnbb-app\/wp\/v2\/media\/14564"}],"wp:attachment":[{"href":"https:\/\/www.cnbb.org.br\/cnbb-app\/wp\/v2\/media?parent=14563"}],"wp:term":[{"taxonomy":"category","embeddable":true,"href":"https:\/\/www.cnbb.org.br\/cnbb-app\/wp\/v2\/categories?post=14563"},{"taxonomy":"post_tag","embeddable":true,"href":"https:\/\/www.cnbb.org.br\/cnbb-app\/wp\/v2\/tags?post=14563"}],"curies":[{"name":"wp","href":"https:\/\/api.w.org\/{rel}","templated":true}]}}