{"id":14566,"date":"2011-10-08T00:00:00","date_gmt":"2011-10-08T03:00:00","guid":{"rendered":"https:\/\/www.cnbb.org.br\/congresso-de-animacao-biblica-discute-qmudanca-de-epocaq\/"},"modified":"2011-10-08T00:00:00","modified_gmt":"2011-10-08T03:00:00","slug":"congresso-de-animacao-biblica-discute-qmudanca-de-epocaq","status":"publish","type":"post","link":"https:\/\/www.cnbb.org.br\/congresso-de-animacao-biblica-discute-qmudanca-de-epocaq\/","title":{"rendered":"Congresso de anima\u00e7\u00e3o b\u00edblica discute &#8220;mudan\u00e7a de \u00e9poca&#8221;"},"content":{"rendered":"<p style=\"text-align: justify\">&#8220;A Igreja num mundo em mudan\u00e7a&#8221;. Este foi o tema que abriu o ciclo de debates do I Congresso Brasileiro de Anima\u00e7\u00e3o B\u00edblica da Pastoral, promovido pela Confer\u00eancia Nacional dos Bispos do Brasil (CNBB) e que come\u00e7ou hoje, no teatro Madre Esperan\u00e7a Garrido, do Col\u00e9gio Santo Agostinho, em Goi\u00e2nia.<\/p>\n<p><!--more--><\/p>\n<p style=\"text-align: justify\">O tema foi apresentado pelo te\u00f3logo, padre Joel Portella, professor na Pontif\u00edcia Universidade Cat\u00f3lica do Rio de Janeiro. Segundo padre Joel, o fen\u00f4meno da mudan\u00e7a de \u00e9poca, que caracteriza os tempos atuais, n\u00e3o espec\u00edfico da Igreja Cat\u00f3lica, nem de uma regi\u00e3o do planeta.<\/p>\n<p style=\"text-align: justify\"><img decoding=\"async\" loading=\"lazy\" class=\" alignright size-full wp-image-12103\" style=\"float: right\" title=\"Pe. Joel explicou que o fen\u00f4meno da mudan\u00e7a atinge todas as Igrejas e \u00e9 plant\u00e1rio\" src=\"https:\/\/www.cnbb.org.br\/wp-content\/uploads\/2020\/03\/CongressoBiblia-pe.Joel1_.jpg\" alt=\"CongressoBiblia-pe.Joel1\" width=\"322\" height=\"239\" \/>\u201cA realidade sobre a qual estamos falando diz respeito ao mundo todo, ainda que sob diversos graus de afeta\u00e7\u00e3o. \u00c9 por isso que um dos termos mais usados para descrev\u00ea-lo \u00e9 exatamente globaliza\u00e7\u00e3o\u201d, disse o te\u00f3logo.<\/p>\n<p style=\"text-align: justify\">Para padre Joel, a mobilidade e a provisoriedade s\u00e3o caracter\u00edsticas dos novos tempos. \u201cO car\u00e1ter desconcertante da atual mudan\u00e7a de \u00e9poca decorre da radicalidade com que os crit\u00e9rios se transformaram e est\u00e3o se transformando.<\/p>\n<p style=\"text-align: justify\">Uma destas transforma\u00e7\u00f5es consiste na passagem do que podemos chamar de perene ou eterno para o moment\u00e2neo ou passageiro. As diversas situa\u00e7\u00f5es que vivemos tendem a n\u00e3o serem mais vistas como duradouras, eternas. Ao contr\u00e1rio, como bem conhecemos da poesia, elas s\u00e3o \u201ceternas enquanto duram\u201d, observou.<\/p>\n<p>O te\u00f3logo aponta algumas atitudes que reagem a esta mudan\u00e7a de \u00e9poca. \u201cA primeira e mais comum \u00e9 a que se agarra ao passado, confundindo, no caso da F\u00e9, o que, de fato, \u00e9 um dado de F\u00e9 com aquilo que \u00e9 marca cultural e hist\u00f3rica. Em geral, s\u00e3o chamados de fundamentalistas\u201d, explica. \u201cO outro extremo, sem um nome espec\u00edfico que o identifique, se caracteriza pela ruptura, em alguns casos praticamente total, entre os dados centrais da F\u00e9 e as marcas hist\u00f3rico-culturais\u201d, acrescenta.<\/p>\n<p>De acordo com padre Joel, os fundamentalistas, que n\u00e3o permitem que se fa\u00e7a a passagem para o novo momento hist\u00f3rico, \u201cos outros fazem uma passagem t\u00e3o extrema que acabam por perder at\u00e9 mesmo a identidade\u201d.<\/p>\n<p>E<img decoding=\"async\" loading=\"lazy\" class=\" alignleft size-full wp-image-12104\" style=\"float: left\" title=\"Pe. Joel lembrou queo cristianismo \u00e9 marcado pela mobilidade\" src=\"https:\/\/www.cnbb.org.br\/wp-content\/uploads\/2020\/03\/CongressoBiblia-pe.Joel2_.jpg\" alt=\"CongressoBiblia-pe.Joel2\" width=\"300\" height=\"365\" \/>le defende que estas mudan\u00e7as n\u00e3o s\u00e3o \u201cde todo negativas\u201d, mas tamb\u00e9m \u201cmomentos muito prop\u00edcios para o crescimento pessoal e comunit\u00e1rio\u201d. \u201cIsto acontece porque, ao retirar o ch\u00e3o das garantias hist\u00f3rico-culturais, as mudan\u00e7as de \u00e9poca nos empurram para aquilo que \u00e9 essencial em nossas vidas. Pedem uma revis\u00e3o em nossa identidade\u201d, diz.<\/p>\n<p>Padre Joel destacou, ainda, que o cristianismo \u00e9 marcado pela mobilidade. \u201cQuando nos voltamos, de modo orante, para a Escritura Sagrada, encontramos um fio condutor de mobilidade\u201d, esclarece, lembrando o Novo Testamento onde se diz que o \u201cFilho do Homem n\u00e3o tendo onde reclinar a cabe\u00e7a (Mt 8,20), andando de cidade em cidade (Lc 4,43) enviando os disc\u00edpulos na mesma situa\u00e7\u00e3o, sem muitos apoios ou condi\u00e7\u00f5es de estagna\u00e7\u00e3o (Lc 10,4)\u201d.<\/p>\n<p>O te\u00f3logo alerta, no entanto, que a mobilidade n\u00e3o significa a perda de identidade. \u201cQuando falamos em mobilidade, n\u00e3o estamos nos referindo ao que n\u00e3o se enra\u00edza. O paradoxo do Reino de Deus \u00e9 que a mobilidade, quando vivida no compromisso com este Reino, no discipulado-mission\u00e1rio de Jesus Cristo, cria ra\u00edzes, n\u00e3o aqui ou acol\u00e1, mas exatamente onde o Reino acontece:\u00a0 no interior de cada pessoa e no conjunto de valores que comp\u00f5em uma cultura\u201d, explicou.<\/p>\n<p>Clique <a href=\"http:\/\/cnbbjoomla.sitesparresia.com\/wp-content\/uploads\/sites\/85\/2011\/10\/A_Igreja_num_mundo_em_mudana_-_Pe._Joel_Portella.pdf\" target=\"_blank\" rel=\"noopener\">aqui para ler a \u00edntegra da confer\u00eancia<\/a>.<\/p>\n","protected":false},"excerpt":{"rendered":"<p>&#8220;A Igreja num mundo em mudan\u00e7a&#8221;. Este foi o tema que abriu o ciclo de debates do I Congresso Brasileiro de Anima\u00e7\u00e3o B\u00edblica da Pastoral, promovido pela Confer\u00eancia Nacional dos Bispos do Brasil (CNBB) e que come\u00e7ou hoje, no teatro Madre Esperan\u00e7a Garrido, do Col\u00e9gio Santo Agostinho, em Goi\u00e2nia.<\/p>\n","protected":false},"author":83,"featured_media":14567,"comment_status":"open","ping_status":"open","sticky":false,"template":"","format":"standard","meta":{"site-sidebar-layout":"default","site-content-layout":"default","ast-global-header-display":"","ast-banner-title-visibility":"","ast-main-header-display":"","ast-hfb-above-header-display":"","ast-hfb-below-header-display":"","ast-hfb-mobile-header-display":"","site-post-title":"","ast-breadcrumbs-content":"","ast-featured-img":"","footer-sml-layout":"","theme-transparent-header-meta":"","adv-header-id-meta":"","stick-header-meta":"","header-above-stick-meta":"","header-main-stick-meta":"","header-below-stick-meta":""},"categories":[800,748],"tags":[],"acf":[],"_links":{"self":[{"href":"https:\/\/www.cnbb.org.br\/cnbb-app\/wp\/v2\/posts\/14566"}],"collection":[{"href":"https:\/\/www.cnbb.org.br\/cnbb-app\/wp\/v2\/posts"}],"about":[{"href":"https:\/\/www.cnbb.org.br\/cnbb-app\/wp\/v2\/types\/post"}],"author":[{"embeddable":true,"href":"https:\/\/www.cnbb.org.br\/cnbb-app\/wp\/v2\/users\/83"}],"replies":[{"embeddable":true,"href":"https:\/\/www.cnbb.org.br\/cnbb-app\/wp\/v2\/comments?post=14566"}],"version-history":[{"count":0,"href":"https:\/\/www.cnbb.org.br\/cnbb-app\/wp\/v2\/posts\/14566\/revisions"}],"wp:featuredmedia":[{"embeddable":true,"href":"https:\/\/www.cnbb.org.br\/cnbb-app\/wp\/v2\/media\/14567"}],"wp:attachment":[{"href":"https:\/\/www.cnbb.org.br\/cnbb-app\/wp\/v2\/media?parent=14566"}],"wp:term":[{"taxonomy":"category","embeddable":true,"href":"https:\/\/www.cnbb.org.br\/cnbb-app\/wp\/v2\/categories?post=14566"},{"taxonomy":"post_tag","embeddable":true,"href":"https:\/\/www.cnbb.org.br\/cnbb-app\/wp\/v2\/tags?post=14566"}],"curies":[{"name":"wp","href":"https:\/\/api.w.org\/{rel}","templated":true}]}}