{"id":14588,"date":"2011-11-17T00:00:00","date_gmt":"2011-11-17T02:00:00","guid":{"rendered":"https:\/\/www.cnbb.org.br\/reuniao-da-comissao-biblico-catequetica-define-acoes-para-2012\/"},"modified":"2011-11-17T00:00:00","modified_gmt":"2011-11-17T02:00:00","slug":"reuniao-da-comissao-biblico-catequetica-define-acoes-para-2012","status":"publish","type":"post","link":"https:\/\/www.cnbb.org.br\/reuniao-da-comissao-biblico-catequetica-define-acoes-para-2012\/","title":{"rendered":"Reuni\u00e3o da Comiss\u00e3o B\u00edblico-catequ\u00e9tica define a\u00e7\u00f5es para 2012"},"content":{"rendered":"<p style=\"text-align: justify\">A sede das Pontif\u00edcias Obras Mission\u00e1rias (POM), em Bras\u00edlia, foi palco da primeira reuni\u00e3o da nova presid\u00eancia da Comiss\u00e3o Episcopal Pastoral para a Anima\u00e7\u00e3o B\u00edblico-catequ\u00e9tica, da Confer\u00eancia Nacional dos Bispos do Brasil (CNBB). Al\u00e9m dos bispos, padres e assessores, estiveram reunidos os integrantes do Grupo de Reflex\u00e3o Catequ\u00e9tica (Grecat) e do Grupo de Reflex\u00e3o B\u00edblica (Grebin), que integram a Comiss\u00e3o Episcopal.<\/p>\n<p>  <!--more-->  <\/p>\n<p style=\"text-align: justify\">Dos dias 15 a 19, todos os participantes aprofundar\u00e3o os estudos das Diretrizes Gerais da A\u00e7\u00e3o Evangelizadora da Igreja no Brasil (DGAE), elaboraram os planos de a\u00e7\u00f5es, tanto do Grecat, quanto do Grebin, para os pr\u00f3ximos anos, como definiram o tema e o lema do M\u00eas da B\u00edblia de 2012, que ser\u00e1, respectivamente, \u201cDisc\u00edpulos Mission\u00e1rios a partir do Evangelho de Marcos\u201d, e \u201cLevanta-te e vem, o senhor te chama\u201d. Al\u00e9m disso, o padre Luiz Alves de Lima detalhou a Carta Apost\u00f3lica Porta Fidei, em que o papa Bento XVI proclama o pr\u00f3ximo ano como sendo o \u201cAno da F\u00e9\u201d.<\/p>\n<p style=\"text-align: justify\"><img decoding=\"async\" loading=\"lazy\" class=\" alignleft size-full wp-image-12682\" style=\"float: left\" alt=\"grecategrebin1\" src=\"https:\/\/www.cnbb.org.br\/wp-content\/uploads\/2020\/03\/grecategrebin1.jpg\" width=\"300\" height=\"199\" \/>Houve ainda um momento, dentro das v\u00e1rias reuni\u00f5es que aconteciam nas POM, para que a Comiss\u00e3o B\u00edblico-catequ\u00e9tica avaliasse o 1\u00ba Congresso de Anima\u00e7\u00e3o B\u00edblico de Pastoral, que aconteceu em Goi\u00e2nia, de 8 a 12 de outubro passados. Segundo o presidente da Comiss\u00e3o, dom Jacinto Bergmann, que \u00e9 arcebispo de Pelotas (RS), o Congresso foi aprovado, tanto pelos participantes, quanto pela equipe promotora do evento.<\/p>\n<p style=\"text-align: justify\">Uma das assessoras da Comiss\u00e3o, Cec\u00edlia Rover, disse que a s\u00e9rie de reuni\u00f5es \u00e9 muito significativa para o trabalho da Comiss\u00e3o e no bom desempenho das atividades cotidianas.<\/p>\n<p style=\"text-align: justify\">J\u00e1 o padre D\u00e9cio Jos\u00e9 Walker, tamb\u00e9m assessor da Comiss\u00e3o, definiu como rica a sua primeira participa\u00e7\u00e3o como assessor da CNBB. \u201cEsta \u00e9 minha primeira reuni\u00e3o e estou muito satisfeito pela riqueza de conhecimento que cada participante traz. Aqui podemos sentir um verdadeiro esp\u00edrito de colabora\u00e7\u00e3o com a Igreja no Brasil\u201d, disse.<\/p>\n<p style=\"text-align: justify\">A coordenadora de Catequese do Regional Sul 2 da CNBB (Paran\u00e1), Regina Helena Mantovani, integrante do Grecat, tamb\u00e9m destacou o conhecimento dos participantes, que, segundo ela, faz com que as reuni\u00e3o sejam sempre muito produtivas, com aprofundamento de temas e assuntos que s\u00e3o fundamentais para os catequistas de todo o pa\u00eds.<\/p>\n<p style=\"text-align: justify\"><strong>Lan\u00e7amento<\/strong><\/p>\n<p style=\"text-align: justify\"><img decoding=\"async\" loading=\"lazy\" class=\" alignleft size-full wp-image-12683\" style=\"float: left\" alt=\"padreportugues2\" src=\"https:\/\/www.cnbb.org.br\/wp-content\/uploads\/2020\/03\/padreportugues2.jpg\" width=\"555\" height=\"368\" \/>Convidado especial da reuni\u00e3o, o padre portugu\u00eas, Jos\u00e9 Belinquete, lan\u00e7ou oficialmente no Brasil o seu livro \u201cHist\u00f3ria da Catequese em Portugal, Brasil, Angola, Cabo Verde, Guin\u00e9-Bissau, Mo\u00e7ambique, S\u00e3o Tom\u00e9 e Pr\u00edncipe e Timor Leste\u201d. O padre fez um trabalho minucioso de pesquisa, ao longo de 15 anos, que abrangeu todas as bibliotecas p\u00fablicas de Portugal e outras do exterior.\u00a0 Tamb\u00e9m s\u00e3o autores do trabalho o Pe. Luiz Alves de Lima, SDB, na parte da hist\u00f3ria da catequese do Brasil e a Sra.\u00a0 An\u00edsia de Paulo Figueiredo que fez a hist\u00f3ria do ensino religioso na escola. O livro conta com 1600 p\u00e1ginas e \u00e9 dividido em dois volumes.<\/p>\n<p style=\"text-align: justify\"><img decoding=\"async\" loading=\"lazy\" class=\" alignright size-full wp-image-12684\" style=\"float: right\" alt=\"padreportugues1\" src=\"https:\/\/www.cnbb.org.br\/wp-content\/uploads\/2020\/03\/padreportugues1.jpg\" width=\"300\" height=\"350\" \/>\u201cHist\u00f3ria da Catequese pretende revelar os catecismos elaborados em diversas l\u00ednguas pelos mission\u00e1rios portugueses. Ao longo das p\u00e1ginas do livro, o leitor encontrar\u00e1 temas importantes como a hist\u00f3ria da catequese desde Jesus e dos Ap\u00f3stolos, passando pelos primeiros s\u00e9culos da Igreja e pela parte relativa a Portugal, at\u00e9 \u00e0 impress\u00e3o do primeiro catecismo em 1489 e ao conc\u00edlio de Trento\u201d, disse o autor e coordenador do livro, padre Jos\u00e9 Belinquete.<\/p>\n<p style=\"text-align: justify\">Al\u00e9m disso, o livro conta ainda a hist\u00f3ria da catequese junto dos povos que os portugueses foram encontrando nas suas andan\u00e7as pelo mundo: \u00cdndia\/Goa, Costa do Malabar, Malaca e Singapura, Ceil\u00e3o, Jap\u00e3o, China, Camboja, Cor\u00e9ia, Vietn\u00e3, Tibete, Eti\u00f3pia ou Abiss\u00ednia, Macau, Timor, Cabo Verde, Guin\u00e9, Benim, Angola, Mo\u00e7ambique e Brasil.<\/p>\n","protected":false},"excerpt":{"rendered":"<p>A sede das Pontif\u00edcias Obras Mission\u00e1rias (POM), em Bras\u00edlia, foi palco da primeira reuni\u00e3o da nova presid\u00eancia da Comiss\u00e3o Episcopal Pastoral para a Anima\u00e7\u00e3o B\u00edblico-catequ\u00e9tica, da Confer\u00eancia Nacional dos Bispos do Brasil (CNBB). Al\u00e9m dos bispos, padres e assessores, estiveram reunidos os integrantes do Grupo de Reflex\u00e3o Catequ\u00e9tica (Grecat) e do Grupo de Reflex\u00e3o B\u00edblica &hellip;<\/p>\n<p class=\"read-more\"> <a class=\"\" href=\"https:\/\/www.cnbb.org.br\/reuniao-da-comissao-biblico-catequetica-define-acoes-para-2012\/\"> <span class=\"screen-reader-text\">Reuni\u00e3o da Comiss\u00e3o B\u00edblico-catequ\u00e9tica define a\u00e7\u00f5es para 2012<\/span> Leia mais &raquo;<\/a><\/p>\n","protected":false},"author":83,"featured_media":14589,"comment_status":"open","ping_status":"open","sticky":false,"template":"","format":"standard","meta":{"site-sidebar-layout":"default","site-content-layout":"default","ast-global-header-display":"","ast-banner-title-visibility":"","ast-main-header-display":"","ast-hfb-above-header-display":"","ast-hfb-below-header-display":"","ast-hfb-mobile-header-display":"","site-post-title":"","ast-breadcrumbs-content":"","ast-featured-img":"","footer-sml-layout":"","theme-transparent-header-meta":"","adv-header-id-meta":"","stick-header-meta":"","header-above-stick-meta":"","header-main-stick-meta":"","header-below-stick-meta":""},"categories":[800,748],"tags":[],"acf":[],"_links":{"self":[{"href":"https:\/\/www.cnbb.org.br\/cnbb-app\/wp\/v2\/posts\/14588"}],"collection":[{"href":"https:\/\/www.cnbb.org.br\/cnbb-app\/wp\/v2\/posts"}],"about":[{"href":"https:\/\/www.cnbb.org.br\/cnbb-app\/wp\/v2\/types\/post"}],"author":[{"embeddable":true,"href":"https:\/\/www.cnbb.org.br\/cnbb-app\/wp\/v2\/users\/83"}],"replies":[{"embeddable":true,"href":"https:\/\/www.cnbb.org.br\/cnbb-app\/wp\/v2\/comments?post=14588"}],"version-history":[{"count":0,"href":"https:\/\/www.cnbb.org.br\/cnbb-app\/wp\/v2\/posts\/14588\/revisions"}],"wp:featuredmedia":[{"embeddable":true,"href":"https:\/\/www.cnbb.org.br\/cnbb-app\/wp\/v2\/media\/14589"}],"wp:attachment":[{"href":"https:\/\/www.cnbb.org.br\/cnbb-app\/wp\/v2\/media?parent=14588"}],"wp:term":[{"taxonomy":"category","embeddable":true,"href":"https:\/\/www.cnbb.org.br\/cnbb-app\/wp\/v2\/categories?post=14588"},{"taxonomy":"post_tag","embeddable":true,"href":"https:\/\/www.cnbb.org.br\/cnbb-app\/wp\/v2\/tags?post=14588"}],"curies":[{"name":"wp","href":"https:\/\/api.w.org\/{rel}","templated":true}]}}