{"id":14615,"date":"2012-09-06T00:00:00","date_gmt":"2012-09-06T03:00:00","guid":{"rendered":"https:\/\/www.cnbb.org.br\/congresso-celebra-20-anos-do-catecismo-no-brasil-e-o-ano-da-fe\/"},"modified":"2012-09-06T00:00:00","modified_gmt":"2012-09-06T03:00:00","slug":"congresso-celebra-20-anos-do-catecismo-no-brasil-e-o-ano-da-fe","status":"publish","type":"post","link":"https:\/\/www.cnbb.org.br\/congresso-celebra-20-anos-do-catecismo-no-brasil-e-o-ano-da-fe\/","title":{"rendered":"Congresso celebra 20 anos do Catecismo no Brasil e o Ano da F\u00e9"},"content":{"rendered":"<div id=\"_mcePaste\" style=\"width: 1px;height: 1px;overflow: hidden\">Congresso celebra 20 anos do Catecismo no Brasil e o Ano da F\u00e9<\/div>\n<div id=\"_mcePaste\" style=\"width: 1px;height: 1px;overflow: hidden\">Com o objetivo de prestar um servi\u00e7o \u00e0 igreja na Brasil, tr\u00eas Comiss\u00f5es Episcopais Pastorais da Confer\u00eancia nacional dos Bispos do Brasil est\u00e3o organizando em conjunto um Congresso sobre os 20 anos do Catecismo da Igreja Cat\u00f3lica e o Ano da F\u00e9. O evento ser\u00e1 realizado entre os dias 7 e 9 de setembro na Pontif\u00edcia Universidade cat\u00f3lica do Paran\u00e1 (PUC-PR), em Curitiba.<\/div>\n<div id=\"_mcePaste\" style=\"width: 1px;height: 1px;overflow: hidden\">O congresso \u00e9 uma iniciativa da Comiss\u00e3o Episcopal Pastoral para a Doutrina da F\u00e9, Comiss\u00e3o Episcopal Pastoral para a Anima\u00e7\u00e3o B\u00edblico-Catequ\u00e9tica, e Comiss\u00e3o Episcopal Pastoral para a Cultura e a Educa\u00e7\u00e3o. O evento ser\u00e1 assessorado por um grupo expressivo de te\u00f3logos e te\u00f3logas brasileiros.<\/div>\n<div id=\"_mcePaste\" style=\"width: 1px;height: 1px;overflow: hidden\">O evento ainda contar\u00e1 com a presen\u00e7a do arcebispo secret\u00e1rio da Congrega\u00e7\u00e3o para Doutrina da F\u00e9, dom Luis Francisco Ladaria, que, junto ao Vaticano, tamb\u00e9m atua como consultor de dois importantes dicast\u00e9rios: a Congrega\u00e7\u00e3o para os Bispos e o Pontif\u00edcio Conselho para a Promo\u00e7\u00e3o da Unidade dos Crist\u00e3os.<\/div>\n<div id=\"_mcePaste\" style=\"width: 1px;height: 1px;overflow: hidden\">O secret\u00e1rio dar\u00e1 tr\u00eas confer\u00eancias: O Catecismo da Igreja Cat\u00f3lica hist\u00f3ria, atualidade e perspectivas; Ano da F\u00e9: motiva\u00e7\u00f5es, proposta e perspectiva; e far\u00e1 uma \u00faltima confer\u00eancia final, onde far\u00e1 considera\u00e7\u00f5es finais. Al\u00e9m de dom Ladaria, outros conferencistas tamb\u00e9m far\u00e3o exposi\u00e7\u00f5es sobre o Catecismo e o Ano da F\u00e9.<\/div>\n<div id=\"_mcePaste\" style=\"width: 1px;height: 1px;overflow: hidden\">As conferencias ser\u00e3o realizadas durante as manh\u00e3s, em um audit\u00f3rio da PUC-PR que funcionara como plen\u00e1rio do Congresso. Nas tardes dos dias 07 e 08, haver\u00e1 quatro blocos tem\u00e1ticos, com duas confer\u00eancias em cada um e, em seguida, haver\u00e1 um tempo para interven\u00e7\u00f5es e questionamentos.<\/div>\n<div id=\"_mcePaste\" style=\"width: 1px;height: 1px;overflow: hidden\">O Ano da F\u00e9<\/div>\n<div id=\"_mcePaste\" style=\"width: 1px;height: 1px;overflow: hidden\">Por meio da carta Porta Fidei, o papa Bento XVI proclamou o Ano Da f\u00e9 para o per\u00edodo de 11 de outubro de 2012 a 24 de novembro de 2013. Na data que marca o in\u00edcio do Ano da F\u00e9, comemora-se 50 anos de abertura do Conc\u00edlio Ecum\u00eanico Vaticano II e 20 anos da publica\u00e7\u00e3o do Catecismo da Igreja Cat\u00f3lica. Nessa ocasi\u00e3o estar\u00e1 sendo realizada a 13\u00aa Assembleia Geral Ordin\u00e1ria do S\u00ednodo dos Bispos, cujo tema \u00e9: A nova evangeliza\u00e7\u00e3o para a transmiss\u00e3o da f\u00e9 crist\u00e3.<\/div>\n<div id=\"_mcePaste\" style=\"width: 1px;height: 1px;overflow: hidden\">O Ano da F\u00e9 tem por objetivo intensificar a reflex\u00e3o sobre a f\u00e9, sua celebra\u00e7\u00e3o e testemunho, aumentando a alegria de crer e o compromisso de evangelizar (cf. PF, 9). \u201c\u00c9 precisamente nesta linha que o Ano da F\u00e9 dever\u00e1 exprimir um esfor\u00e7o generalizado em prol da redescoberta e do estudo dos conte\u00fados fundamentais da F\u00e9, que t\u00eam no Catecismo da Igreja Cat\u00f3lica a sua s\u00edntese sistem\u00e1tica e org\u00e2nica\u201d (PF, 11).<\/div>\n<div><\/div>\n<div style=\"text-align: justify\">Com o objetivo de prestar um servi\u00e7o \u00e0 igreja na Brasil, tr\u00eas Comiss\u00f5es Episcopais Pastorais da Confer\u00eancia nacional dos Bispos do Brasil est\u00e3o organizando em conjunto um Congresso sobre os 20 anos do Catecismo da Igreja Cat\u00f3lica e o Ano da F\u00e9. O evento ser\u00e1 realizado entre os dias 7 e 9 de setembro na Pontif\u00edcia Universidade cat\u00f3lica do Paran\u00e1 (PUC-PR), em Curitiba.<\/div>\n<p><!--more--><\/p>\n<div style=\"text-align: justify\">O congresso \u00e9 uma iniciativa da Comiss\u00e3o Episcopal Pastoral para a Doutrina da F\u00e9, Comiss\u00e3o Episcopal Pastoral para a Anima\u00e7\u00e3o B\u00edblico-Catequ\u00e9tica, e Comiss\u00e3o Episcopal Pastoral para a Cultura e a Educa\u00e7\u00e3o. O evento ser\u00e1 assessorado por um grupo expressivo de te\u00f3logos e te\u00f3logas brasileiros.<\/div>\n<div style=\"text-align: justify\">O evento ainda contar\u00e1 com a presen\u00e7a do arcebispo secret\u00e1rio da Congrega\u00e7\u00e3o para Doutrina da F\u00e9, dom Luis Francisco Ladaria, que, junto ao Vaticano, tamb\u00e9m atua como consultor de dois importantes dicast\u00e9rios: a Congrega\u00e7\u00e3o para os Bispos e o Pontif\u00edcio Conselho para a Promo\u00e7\u00e3o da Unidade dos Crist\u00e3os.<\/div>\n<div style=\"text-align: justify\">O secret\u00e1rio dar\u00e1 tr\u00eas confer\u00eancias: O Catecismo da Igreja Cat\u00f3lica hist\u00f3ria, atualidade e perspectivas; Ano da F\u00e9: motiva\u00e7\u00f5es, proposta e perspectiva; e far\u00e1 uma \u00faltima confer\u00eancia final, onde far\u00e1 considera\u00e7\u00f5es finais. Al\u00e9m de dom Ladaria, outros conferencistas tamb\u00e9m far\u00e3o exposi\u00e7\u00f5es sobre o Catecismo e o Ano da F\u00e9.<\/div>\n<div style=\"text-align: justify\">As conferencias ser\u00e3o realizadas durante as manh\u00e3s, em um audit\u00f3rio da PUC-PR que funcionara como plen\u00e1rio do Congresso. Nas tardes dos dias 07 e 08, haver\u00e1 quatro blocos tem\u00e1ticos, com duas confer\u00eancias em cada um e, em seguida, haver\u00e1 um tempo para interven\u00e7\u00f5es e questionamentos.<\/div>\n<div style=\"text-align: justify\"><strong>O Ano da F\u00e9<\/strong><\/div>\n<div style=\"text-align: justify\">Por meio da carta Porta Fidei, o papa Bento XVI proclamou o Ano Da f\u00e9 para o per\u00edodo de 11 de outubro de 2012 a 24 de novembro de 2013. Na data que marca o in\u00edcio do Ano da F\u00e9, comemora-se 50 anos de abertura do Conc\u00edlio Ecum\u00eanico Vaticano II e 20 anos da publica\u00e7\u00e3o do Catecismo da Igreja Cat\u00f3lica. Nessa ocasi\u00e3o estar\u00e1 sendo realizada a 13\u00aa Assembleia Geral Ordin\u00e1ria do S\u00ednodo dos Bispos, cujo tema \u00e9: A nova evangeliza\u00e7\u00e3o para a transmiss\u00e3o da f\u00e9 crist\u00e3.<\/div>\n<div style=\"text-align: justify\">O Ano da F\u00e9 tem por objetivo intensificar a reflex\u00e3o sobre a f\u00e9, sua celebra\u00e7\u00e3o e testemunho, aumentando a alegria de crer e o compromisso de evangelizar (cf. PF, 9). \u201c\u00c9 precisamente nesta linha que o Ano da F\u00e9 dever\u00e1 exprimir um esfor\u00e7o generalizado em prol da redescoberta e do estudo dos conte\u00fados fundamentais da F\u00e9, que t\u00eam no Catecismo da Igreja Cat\u00f3lica a sua s\u00edntese sistem\u00e1tica e org\u00e2nica\u201d (PF, 11).<\/div>\n","protected":false},"excerpt":{"rendered":"<p>Congresso celebra 20 anos do Catecismo no Brasil e o Ano da F\u00e9 Com o objetivo de prestar um servi\u00e7o \u00e0 igreja na Brasil, tr\u00eas Comiss\u00f5es Episcopais Pastorais da Confer\u00eancia nacional dos Bispos do Brasil est\u00e3o organizando em conjunto um Congresso sobre os 20 anos do Catecismo da Igreja Cat\u00f3lica e o Ano da F\u00e9. &hellip;<\/p>\n<p class=\"read-more\"> <a class=\"\" href=\"https:\/\/www.cnbb.org.br\/congresso-celebra-20-anos-do-catecismo-no-brasil-e-o-ano-da-fe\/\"> <span class=\"screen-reader-text\">Congresso celebra 20 anos do Catecismo no Brasil e o Ano da F\u00e9<\/span> Leia mais &raquo;<\/a><\/p>\n","protected":false},"author":83,"featured_media":14616,"comment_status":"open","ping_status":"open","sticky":false,"template":"","format":"standard","meta":{"site-sidebar-layout":"default","site-content-layout":"default","ast-global-header-display":"","ast-banner-title-visibility":"","ast-main-header-display":"","ast-hfb-above-header-display":"","ast-hfb-below-header-display":"","ast-hfb-mobile-header-display":"","site-post-title":"","ast-breadcrumbs-content":"","ast-featured-img":"","footer-sml-layout":"","theme-transparent-header-meta":"","adv-header-id-meta":"","stick-header-meta":"","header-above-stick-meta":"","header-main-stick-meta":"","header-below-stick-meta":""},"categories":[800,748],"tags":[],"acf":[],"_links":{"self":[{"href":"https:\/\/www.cnbb.org.br\/cnbb-app\/wp\/v2\/posts\/14615"}],"collection":[{"href":"https:\/\/www.cnbb.org.br\/cnbb-app\/wp\/v2\/posts"}],"about":[{"href":"https:\/\/www.cnbb.org.br\/cnbb-app\/wp\/v2\/types\/post"}],"author":[{"embeddable":true,"href":"https:\/\/www.cnbb.org.br\/cnbb-app\/wp\/v2\/users\/83"}],"replies":[{"embeddable":true,"href":"https:\/\/www.cnbb.org.br\/cnbb-app\/wp\/v2\/comments?post=14615"}],"version-history":[{"count":0,"href":"https:\/\/www.cnbb.org.br\/cnbb-app\/wp\/v2\/posts\/14615\/revisions"}],"wp:featuredmedia":[{"embeddable":true,"href":"https:\/\/www.cnbb.org.br\/cnbb-app\/wp\/v2\/media\/14616"}],"wp:attachment":[{"href":"https:\/\/www.cnbb.org.br\/cnbb-app\/wp\/v2\/media?parent=14615"}],"wp:term":[{"taxonomy":"category","embeddable":true,"href":"https:\/\/www.cnbb.org.br\/cnbb-app\/wp\/v2\/categories?post=14615"},{"taxonomy":"post_tag","embeddable":true,"href":"https:\/\/www.cnbb.org.br\/cnbb-app\/wp\/v2\/tags?post=14615"}],"curies":[{"name":"wp","href":"https:\/\/api.w.org\/{rel}","templated":true}]}}