{"id":14626,"date":"2013-02-17T00:00:00","date_gmt":"2013-02-17T03:00:00","guid":{"rendered":"https:\/\/www.cnbb.org.br\/coordenadores-de-animacao-biblico-catequetica-dos-regionais-da-cnbb-se-reunem-em-brasilia-df\/"},"modified":"2013-02-17T00:00:00","modified_gmt":"2013-02-17T03:00:00","slug":"coordenadores-de-animacao-biblico-catequetica-dos-regionais-da-cnbb-se-reunem-em-brasilia-df","status":"publish","type":"post","link":"https:\/\/www.cnbb.org.br\/coordenadores-de-animacao-biblico-catequetica-dos-regionais-da-cnbb-se-reunem-em-brasilia-df\/","title":{"rendered":"Coordenadores de anima\u00e7\u00e3o b\u00edblico-catequ\u00e9tica dos Regionais da CNBB se re\u00fanem em Bras\u00edlia (DF)"},"content":{"rendered":"<p style=\"text-align: justify\">Encerra neste domingo, 17 de fevereiro, o Encontro dos coordenadores de anima\u00e7\u00e3o b\u00edblico-catequ\u00e9tica dos Regionais da CNBB de 2013. Promovido pela Comiss\u00e3o Episcopal Pastoral para a Anima\u00e7\u00e3o B\u00edblico-Catequ\u00e9tica da CNBB, o Encontro foi realizado nas depend\u00eancias das Pontif\u00edcias Obras Mission\u00e1rias (POM) em Bras\u00edlia (DF) e teve in\u00edcio na sexta-feira, 15 de fevereiro.<\/p>\n<p>  <!--more-->  <\/p>\n<p style=\"text-align: justify\">Ao longo dos tr\u00eas dias de encontro, os coordenadores puderam dividir experi\u00eancias acerca da catequese de Inicia\u00e7\u00e3o \u00e0 Vida Crist\u00e3 que est\u00e1 sendo realizada em todos os Regionais.&nbsp; De acordo com o assessor da Comiss\u00e3o, padre D\u00e9cio Walker, as experi\u00eancias divididas permitiram a elabora\u00e7\u00e3o de um itiner\u00e1rio de Inicia\u00e7\u00e3o \u00e0 Vida Crist\u00e3 como orienta\u00e7\u00e3o para toda a Igreja do Brasil.<\/p>\n<p style=\"text-align: justify\">\u201cOs objetivos tra\u00e7ados para o Encontro se realizaram plenamente, houve um clima muito fraterno e as partilhas de cada Regional foram muito enriquecedoras. As celebra\u00e7\u00f5es imprimiram uma m\u00edstica muito forte que produz \u00e2nimo e coragem para continuar a caminhada em todo ano de 2013\u201d, destacou padre D\u00e9cio.<\/p>\n<p style=\"text-align: justify\">O Encontro dos coordenadores de anima\u00e7\u00e3o b\u00edblico-catequ\u00e9tica dos Regionais da CNBB \u00e9 realizado anualmente. Em 2014 o Encontro tamb\u00e9m ser\u00e1 no m\u00eas de fevereiro.<\/p>\n","protected":false},"excerpt":{"rendered":"<p>Encerra neste domingo, 17 de fevereiro, o Encontro dos coordenadores de anima\u00e7\u00e3o b\u00edblico-catequ\u00e9tica dos Regionais da CNBB de 2013. Promovido pela Comiss\u00e3o Episcopal Pastoral para a Anima\u00e7\u00e3o B\u00edblico-Catequ\u00e9tica da CNBB, o Encontro foi realizado nas depend\u00eancias das Pontif\u00edcias Obras Mission\u00e1rias (POM) em Bras\u00edlia (DF) e teve in\u00edcio na sexta-feira, 15 de fevereiro.<\/p>\n","protected":false},"author":83,"featured_media":14627,"comment_status":"open","ping_status":"open","sticky":false,"template":"","format":"standard","meta":{"site-sidebar-layout":"default","site-content-layout":"default","ast-global-header-display":"","ast-banner-title-visibility":"","ast-main-header-display":"","ast-hfb-above-header-display":"","ast-hfb-below-header-display":"","ast-hfb-mobile-header-display":"","site-post-title":"","ast-breadcrumbs-content":"","ast-featured-img":"","footer-sml-layout":"","theme-transparent-header-meta":"","adv-header-id-meta":"","stick-header-meta":"","header-above-stick-meta":"","header-main-stick-meta":"","header-below-stick-meta":""},"categories":[800,748],"tags":[],"acf":[],"_links":{"self":[{"href":"https:\/\/www.cnbb.org.br\/cnbb-app\/wp\/v2\/posts\/14626"}],"collection":[{"href":"https:\/\/www.cnbb.org.br\/cnbb-app\/wp\/v2\/posts"}],"about":[{"href":"https:\/\/www.cnbb.org.br\/cnbb-app\/wp\/v2\/types\/post"}],"author":[{"embeddable":true,"href":"https:\/\/www.cnbb.org.br\/cnbb-app\/wp\/v2\/users\/83"}],"replies":[{"embeddable":true,"href":"https:\/\/www.cnbb.org.br\/cnbb-app\/wp\/v2\/comments?post=14626"}],"version-history":[{"count":0,"href":"https:\/\/www.cnbb.org.br\/cnbb-app\/wp\/v2\/posts\/14626\/revisions"}],"wp:featuredmedia":[{"embeddable":true,"href":"https:\/\/www.cnbb.org.br\/cnbb-app\/wp\/v2\/media\/14627"}],"wp:attachment":[{"href":"https:\/\/www.cnbb.org.br\/cnbb-app\/wp\/v2\/media?parent=14626"}],"wp:term":[{"taxonomy":"category","embeddable":true,"href":"https:\/\/www.cnbb.org.br\/cnbb-app\/wp\/v2\/categories?post=14626"},{"taxonomy":"post_tag","embeddable":true,"href":"https:\/\/www.cnbb.org.br\/cnbb-app\/wp\/v2\/tags?post=14626"}],"curies":[{"name":"wp","href":"https:\/\/api.w.org\/{rel}","templated":true}]}}