{"id":14649,"date":"2014-08-25T00:00:00","date_gmt":"2014-08-25T03:00:00","guid":{"rendered":"https:\/\/www.cnbb.org.br\/equipe-prepara-orientacoes-para-dinamizar-animacao-biblica\/"},"modified":"2014-08-25T00:00:00","modified_gmt":"2014-08-25T03:00:00","slug":"equipe-prepara-orientacoes-para-dinamizar-animacao-biblica","status":"publish","type":"post","link":"https:\/\/www.cnbb.org.br\/equipe-prepara-orientacoes-para-dinamizar-animacao-biblica\/","title":{"rendered":"Equipe prepara orienta\u00e7\u00f5es para dinamizar anima\u00e7\u00e3o b\u00edblica"},"content":{"rendered":"<p style=\"text-align: justify\"><span style=\"line-height: 1.3em\">Representantes de 12 pa\u00edses latino-americanos e caribenhos reuniram-se para debates e aprofundamentos com o objetivo de elaborar um conjunto de \u201corienta\u00e7\u00f5es para dinamizar a anima\u00e7\u00e3o b\u00edblica da pastoral nas Igrejas\u201d. O encontro aconteceu na sede do Conselho Episcopal Latino-Americano (Celam), em Bogot\u00e1, Col\u00f4mbia, entre os dias 18 e 22 de agosto.<\/span><\/p>\n<p><!--more--><\/p>\n<p style=\"text-align: justify\">\u00a0<span style=\"line-height: 1.3em\">As discuss\u00f5es realizadas tratavam de assuntos relacionados \u00e0s exorta\u00e7\u00f5es apost\u00f3licas <\/span><em style=\"line-height: 1.3em\">Verbum Domini<\/em><span style=\"line-height: 1.3em\"> e <\/span><em style=\"line-height: 1.3em\">Evangelii Gaudim<\/em><span style=\"line-height: 1.3em\">, respectivamente dos papas Bento XVI e Francisco. Os participantes ressaltaram a necessidade de um \u201clongo trabalho\u201d com a colabora\u00e7\u00e3o do grupo e de especialistas para a constru\u00e7\u00e3o das orienta\u00e7\u00f5es.<\/span><\/p>\n<p style=\"text-align: justify\">O assessor da Comiss\u00e3o Episcopal Pastoral para a Anima\u00e7\u00e3o B\u00edblico-Catequ\u00e9tica da Confer\u00eancia Nacional dos Bispos do Brasil (CXNBB), padre D\u00e9cio Jos\u00e9 Walker, representou a entidade.<\/p>\n","protected":false},"excerpt":{"rendered":"<p>Representantes de 12 pa\u00edses latino-americanos e caribenhos reuniram-se para debates e aprofundamentos com o objetivo de elaborar um conjunto de \u201corienta\u00e7\u00f5es para dinamizar a anima\u00e7\u00e3o b\u00edblica da pastoral nas Igrejas\u201d. O encontro aconteceu na sede do Conselho Episcopal Latino-Americano (Celam), em Bogot\u00e1, Col\u00f4mbia, entre os dias 18 e 22 de agosto.<\/p>\n","protected":false},"author":83,"featured_media":14650,"comment_status":"open","ping_status":"open","sticky":false,"template":"","format":"standard","meta":{"site-sidebar-layout":"default","site-content-layout":"default","ast-global-header-display":"","ast-banner-title-visibility":"","ast-main-header-display":"","ast-hfb-above-header-display":"","ast-hfb-below-header-display":"","ast-hfb-mobile-header-display":"","site-post-title":"","ast-breadcrumbs-content":"","ast-featured-img":"","footer-sml-layout":"","theme-transparent-header-meta":"","adv-header-id-meta":"","stick-header-meta":"","header-above-stick-meta":"","header-main-stick-meta":"","header-below-stick-meta":""},"categories":[800,748],"tags":[],"acf":[],"_links":{"self":[{"href":"https:\/\/www.cnbb.org.br\/cnbb-app\/wp\/v2\/posts\/14649"}],"collection":[{"href":"https:\/\/www.cnbb.org.br\/cnbb-app\/wp\/v2\/posts"}],"about":[{"href":"https:\/\/www.cnbb.org.br\/cnbb-app\/wp\/v2\/types\/post"}],"author":[{"embeddable":true,"href":"https:\/\/www.cnbb.org.br\/cnbb-app\/wp\/v2\/users\/83"}],"replies":[{"embeddable":true,"href":"https:\/\/www.cnbb.org.br\/cnbb-app\/wp\/v2\/comments?post=14649"}],"version-history":[{"count":0,"href":"https:\/\/www.cnbb.org.br\/cnbb-app\/wp\/v2\/posts\/14649\/revisions"}],"wp:featuredmedia":[{"embeddable":true,"href":"https:\/\/www.cnbb.org.br\/cnbb-app\/wp\/v2\/media\/14650"}],"wp:attachment":[{"href":"https:\/\/www.cnbb.org.br\/cnbb-app\/wp\/v2\/media?parent=14649"}],"wp:term":[{"taxonomy":"category","embeddable":true,"href":"https:\/\/www.cnbb.org.br\/cnbb-app\/wp\/v2\/categories?post=14649"},{"taxonomy":"post_tag","embeddable":true,"href":"https:\/\/www.cnbb.org.br\/cnbb-app\/wp\/v2\/tags?post=14649"}],"curies":[{"name":"wp","href":"https:\/\/api.w.org\/{rel}","templated":true}]}}