{"id":14653,"date":"2014-10-13T00:00:00","date_gmt":"2014-10-13T03:00:00","guid":{"rendered":"https:\/\/www.cnbb.org.br\/comissao-prepara-seminario-sobre-iniciacao-a-vida-crista\/"},"modified":"2014-10-13T00:00:00","modified_gmt":"2014-10-13T03:00:00","slug":"comissao-prepara-seminario-sobre-iniciacao-a-vida-crista","status":"publish","type":"post","link":"https:\/\/www.cnbb.org.br\/comissao-prepara-seminario-sobre-iniciacao-a-vida-crista\/","title":{"rendered":"Comiss\u00e3o prepara semin\u00e1rio sobre inicia\u00e7\u00e3o \u00e0 vida crist\u00e3"},"content":{"rendered":"<p style=\"text-align: justify\">Equipes de anima\u00e7\u00e3o b\u00edblico-catequ\u00e9tica dos 18 Regionais da Confer\u00eancia Nacional dos Bispos do Brasil (CNBB), \u00a0 equipe executiva da Catequese Junto \u00e0s Pessoas com Defici\u00eancia e o Grupo de Reflex\u00e3o B\u00edblico-Catequ\u00e9tica (Grebicat) participar\u00e3o do Semin\u00e1rio Nacional de Inicia\u00e7\u00e3o \u00e0 Vida Crist\u00e3, que ocorrer\u00e1 de <span>\u00a06 a 9 de novembro, em S\u00e3o Caetano do Sul (SP).\u00a0<\/span>\u00a0A Comiss\u00e3o Episcopal Pastoral para a Anima\u00e7\u00e3o B\u00edblico-Catequ\u00e9tica da CNBB \u00e9 a organizadora do encontro, que tem como lema \u201cQuanto a n\u00f3s, n\u00e3o podemos deixar de falar sobre o que vimos e ouvimos\u201d (Atos 4, 20).<\/p>\n<p>  <!--more-->  <\/p>\n<p style=\"text-align: justify\"><span style=\"line-height: 1.3em\">Os grupos conhecer\u00e3o experi\u00eancias concretas de inicia\u00e7\u00e3o \u00e0 vida crist\u00e3, como a realidade de Abaetetuba (PA), onde o trabalho \u00e9 realizado com as comunidades ribeirinhas, e a atua\u00e7\u00e3o do regional Sul 1 da CNBB, que promove catequese junto \u00e0 Pessoa com Defici\u00eancia. A partir dessas iniciativas, haver\u00e1 a reflex\u00e3o sobre a pr\u00e1tica catequ\u00e9tica, com objetivo de motivar novos processos.<\/span><\/p>\n<p style=\"text-align: justify\">O Semin\u00e1rio Nacional sobre Inicia\u00e7\u00e3o \u00e0 Vida Crist\u00e3 est\u00e1 previsto no 21\u00ba Plano Quadrienal (2012 \u2013 2015) das lideran\u00e7as de catequese ligadas \u00e0 Comiss\u00e3o.\u00a0<\/p>\n<p style=\"text-align: justify\"><strong><img decoding=\"async\" loading=\"lazy\" class=\" alignright size-full wp-image-23718\" src=\"https:\/\/www.cnbb.org.br\/wp-content\/uploads\/2020\/03\/Livro_Itinerrio-Catequtico-223x350-1.jpg\" border=\"0\" alt=\"Divulga\u00e7\u00e3o Edi\u00e7\u00f5es CNBB\" title=\"Divulga\u00e7\u00e3o Edi\u00e7\u00f5es CNBB\" width=\"122\" height=\"190\" style=\"float: right\" \/>Livro<\/strong><\/p>\n<p style=\"text-align: justify\">Durante o evento, ser\u00e1 lan\u00e7ado o livro \u201cItiner\u00e1rio Catequ\u00e9tico: inicia\u00e7\u00e3o \u00e0 vida crist\u00e3 \u2013 um Processo de Inspira\u00e7\u00e3o Catecumenal\u201d. A publica\u00e7\u00e3o apresenta orienta\u00e7\u00f5es para a Pastoral B\u00edblico-Catequ\u00e9tica, a fim de concretizar, nas diversas realidades do Brasil, a verdadeira inicia\u00e7\u00e3o \u00e0 vida crist\u00e3. \u201cRecuperando a m\u00edstica que vem da experi\u00eancia catecumental da Igreja primitiva, tornando-a inspira\u00e7\u00e3o para desencadear um verdadeiro processo de educa\u00e7\u00e3o da f\u00e9 nos tempos de mudan\u00e7a de \u00e9poca\u201d, sugere o texto.<\/p>\n<p style=\"text-align: justify\">Apesar de o lan\u00e7amento estar marcado para novembro, o livro j\u00e1 est\u00e1 dispon\u00edvel nas Edi\u00e7\u00f5es CNBB, pelo televendas (61) 2193-3019 ou no site www.edicoescnbb.com.br.<\/p>\n<p>\u00a0<\/p>\n","protected":false},"excerpt":{"rendered":"<p>Equipes de anima\u00e7\u00e3o b\u00edblico-catequ\u00e9tica dos 18 Regionais da Confer\u00eancia Nacional dos Bispos do Brasil (CNBB), \u00a0 equipe executiva da Catequese Junto \u00e0s Pessoas com Defici\u00eancia e o Grupo de Reflex\u00e3o B\u00edblico-Catequ\u00e9tica (Grebicat) participar\u00e3o do Semin\u00e1rio Nacional de Inicia\u00e7\u00e3o \u00e0 Vida Crist\u00e3, que ocorrer\u00e1 de \u00a06 a 9 de novembro, em S\u00e3o Caetano do Sul (SP).\u00a0\u00a0A &hellip;<\/p>\n<p class=\"read-more\"> <a class=\"\" href=\"https:\/\/www.cnbb.org.br\/comissao-prepara-seminario-sobre-iniciacao-a-vida-crista\/\"> <span class=\"screen-reader-text\">Comiss\u00e3o prepara semin\u00e1rio sobre inicia\u00e7\u00e3o \u00e0 vida crist\u00e3<\/span> Leia mais &raquo;<\/a><\/p>\n","protected":false},"author":83,"featured_media":14654,"comment_status":"open","ping_status":"open","sticky":false,"template":"","format":"standard","meta":{"site-sidebar-layout":"default","site-content-layout":"default","ast-global-header-display":"","ast-banner-title-visibility":"","ast-main-header-display":"","ast-hfb-above-header-display":"","ast-hfb-below-header-display":"","ast-hfb-mobile-header-display":"","site-post-title":"","ast-breadcrumbs-content":"","ast-featured-img":"","footer-sml-layout":"","theme-transparent-header-meta":"","adv-header-id-meta":"","stick-header-meta":"","header-above-stick-meta":"","header-main-stick-meta":"","header-below-stick-meta":""},"categories":[800,748],"tags":[],"acf":[],"_links":{"self":[{"href":"https:\/\/www.cnbb.org.br\/cnbb-app\/wp\/v2\/posts\/14653"}],"collection":[{"href":"https:\/\/www.cnbb.org.br\/cnbb-app\/wp\/v2\/posts"}],"about":[{"href":"https:\/\/www.cnbb.org.br\/cnbb-app\/wp\/v2\/types\/post"}],"author":[{"embeddable":true,"href":"https:\/\/www.cnbb.org.br\/cnbb-app\/wp\/v2\/users\/83"}],"replies":[{"embeddable":true,"href":"https:\/\/www.cnbb.org.br\/cnbb-app\/wp\/v2\/comments?post=14653"}],"version-history":[{"count":0,"href":"https:\/\/www.cnbb.org.br\/cnbb-app\/wp\/v2\/posts\/14653\/revisions"}],"wp:featuredmedia":[{"embeddable":true,"href":"https:\/\/www.cnbb.org.br\/cnbb-app\/wp\/v2\/media\/14654"}],"wp:attachment":[{"href":"https:\/\/www.cnbb.org.br\/cnbb-app\/wp\/v2\/media?parent=14653"}],"wp:term":[{"taxonomy":"category","embeddable":true,"href":"https:\/\/www.cnbb.org.br\/cnbb-app\/wp\/v2\/categories?post=14653"},{"taxonomy":"post_tag","embeddable":true,"href":"https:\/\/www.cnbb.org.br\/cnbb-app\/wp\/v2\/tags?post=14653"}],"curies":[{"name":"wp","href":"https:\/\/api.w.org\/{rel}","templated":true}]}}