{"id":14673,"date":"2009-09-30T00:00:00","date_gmt":"2009-09-30T03:00:00","guid":{"rendered":"https:\/\/www.cnbb.org.br\/pascom-regional-discute-leitura-critica-da-comunicacao\/"},"modified":"2009-09-30T00:00:00","modified_gmt":"2009-09-30T03:00:00","slug":"pascom-regional-discute-leitura-critica-da-comunicacao","status":"publish","type":"post","link":"https:\/\/www.cnbb.org.br\/pascom-regional-discute-leitura-critica-da-comunicacao\/","title":{"rendered":"Pascom Regional discute \u201cLeitura Cr\u00edtica da Comunica\u00e7\u00e3o\u201d"},"content":{"rendered":"<p style=\"text-align: justify\">No s\u00e1bado, 27, cerca de 70 agentes da Pastoral da Comunica\u00e7\u00e3o (Pascom) das dioceses do Sub-regional SP2 (dioceses de Santos, Santo Amaro, Santo Andr\u00e9, Campo<\/p>\n<p><!--more--><\/p>\n<p style=\"text-align: justify\">Limpo, S\u00e3o Miguel Paulista, Mogi das Cruzes, Osasco e Guarulhos) participaram do Encontro Ampliado da Pascom, que teve como tema \u201cLeitura Cr\u00edtica da Comunica\u00e7\u00e3o\u201d, apresentada pelo professor doutror, Dirceu Fernandes Lopes, da Escola de Comunica\u00e7\u00e3o e Artes de S\u00e3o Paulo (ECA-SP).<\/p>\n<p style=\"text-align: justify\">Durante o encontro teve destaque a reflex\u00e3o sobre \u201ccomunica\u00e7\u00e3o e miss\u00e3o\u201d, bem como os desafios da miss\u00e3o continental. Sobre a \u201cLeitura Cr\u00edtica da Comunica\u00e7\u00e3o\u201d, o professor Dirceu abordou a hist\u00f3ria da Imprensa, que, no ano passado, celebrou 200 anos de atividade no pa\u00eds.<\/p>\n<p style=\"text-align: justify\">Por meio da hist\u00f3ria, ele mostrou os mecanismos, as rela\u00e7\u00f5es, os jogos de interesses que permeiam a comunica\u00e7\u00e3o no Brasil, e, dessa forma, como desenvolver o senso cr\u00edtico diante da m\u00eddia. \u201cSem conhecer a hist\u00f3ria do pa\u00eds, ou seja, sem conhecer os agentes que dominam essa hist\u00f3ria, n\u00e3o h\u00e1 como ter senso cr\u00edtico, pois a m\u00eddia n\u00e3o \u00e9 neutra, e o que \u00e9 veiculado, seja pela imprensa oficial, seja por outros meios de comunica\u00e7\u00e3o, est\u00e1 sempre envolto pelos interesses dos produtores da informa\u00e7\u00e3o, dos agentes pol\u00edticos, econ\u00f4micos\u201d, destacou.<\/p>\n<p style=\"text-align: justify\">O professor falou ainda dos casos de censura que nestes tempos de democracia afetam a imprensa no Brasil. \u201c\u00c9 inconceb\u00edvel pensar, quanto mais admitir, censura numa democracia. Sem acesso \u00e0 informa\u00e7\u00e3o, a sociedade fica mais fragilizada, desmobilizada, mais f\u00e1cil de ser manipulada. Isso, n\u00e3o podemos aceitar. Lutamos contra a censura em plena ditadura, como vamos permitir que isso esteja em vigor agora?\u201d, questionou.<\/p>\n<p style=\"text-align: justify\">Ainda como parte da programa\u00e7\u00e3o, foram tratadas as quest\u00f5es referentes \u00e0 participa\u00e7\u00e3o do sub-regional no Encontro Estadual da Pascom, em novembro, que acontecer\u00e1 em Barretos (SP), e no Mutir\u00e3o de Comunica\u00e7\u00e3o, que ser\u00e1 realizado em fevereiro de 2010, em Porto Alegre, com o tema \u201cComunica\u00e7\u00e3o e cultura solid\u00e1ria\u201d.<\/p>\n<p style=\"text-align: justify\">O encontro contou tamb\u00e9m com a presen\u00e7a do bispo diocesano de Santos, dom Jacyr Francisco Braido.<\/p>\n","protected":false},"excerpt":{"rendered":"<p>No s\u00e1bado, 27, cerca de 70 agentes da Pastoral da Comunica\u00e7\u00e3o (Pascom) das dioceses do Sub-regional SP2 (dioceses de Santos, Santo Amaro, Santo Andr\u00e9, Campo<\/p>\n","protected":false},"author":83,"featured_media":14674,"comment_status":"open","ping_status":"open","sticky":false,"template":"","format":"standard","meta":{"site-sidebar-layout":"default","site-content-layout":"default","ast-global-header-display":"","ast-banner-title-visibility":"","ast-main-header-display":"","ast-hfb-above-header-display":"","ast-hfb-below-header-display":"","ast-hfb-mobile-header-display":"","site-post-title":"","ast-breadcrumbs-content":"","ast-featured-img":"","footer-sml-layout":"","theme-transparent-header-meta":"","adv-header-id-meta":"","stick-header-meta":"","header-above-stick-meta":"","header-main-stick-meta":"","header-below-stick-meta":""},"categories":[1],"tags":[],"acf":[],"_links":{"self":[{"href":"https:\/\/www.cnbb.org.br\/cnbb-app\/wp\/v2\/posts\/14673"}],"collection":[{"href":"https:\/\/www.cnbb.org.br\/cnbb-app\/wp\/v2\/posts"}],"about":[{"href":"https:\/\/www.cnbb.org.br\/cnbb-app\/wp\/v2\/types\/post"}],"author":[{"embeddable":true,"href":"https:\/\/www.cnbb.org.br\/cnbb-app\/wp\/v2\/users\/83"}],"replies":[{"embeddable":true,"href":"https:\/\/www.cnbb.org.br\/cnbb-app\/wp\/v2\/comments?post=14673"}],"version-history":[{"count":0,"href":"https:\/\/www.cnbb.org.br\/cnbb-app\/wp\/v2\/posts\/14673\/revisions"}],"wp:featuredmedia":[{"embeddable":true,"href":"https:\/\/www.cnbb.org.br\/cnbb-app\/wp\/v2\/media\/14674"}],"wp:attachment":[{"href":"https:\/\/www.cnbb.org.br\/cnbb-app\/wp\/v2\/media?parent=14673"}],"wp:term":[{"taxonomy":"category","embeddable":true,"href":"https:\/\/www.cnbb.org.br\/cnbb-app\/wp\/v2\/categories?post=14673"},{"taxonomy":"post_tag","embeddable":true,"href":"https:\/\/www.cnbb.org.br\/cnbb-app\/wp\/v2\/tags?post=14673"}],"curies":[{"name":"wp","href":"https:\/\/api.w.org\/{rel}","templated":true}]}}