{"id":14678,"date":"2008-08-25T00:00:00","date_gmt":"2008-08-25T03:00:00","guid":{"rendered":"https:\/\/www.cnbb.org.br\/equipe-de-reflexao-da-comunicacao-social-da-cnbb\/"},"modified":"2008-08-25T00:00:00","modified_gmt":"2008-08-25T03:00:00","slug":"equipe-de-reflexao-da-comunicacao-social-da-cnbb","status":"publish","type":"post","link":"https:\/\/www.cnbb.org.br\/equipe-de-reflexao-da-comunicacao-social-da-cnbb\/","title":{"rendered":"Equipe de Reflex\u00e3o da Comunica\u00e7\u00e3o Social da CNBB"},"content":{"rendered":"<p style=\"text-align: justify\">A Equipe de Reflex\u00e3o de Comunica\u00e7\u00e3o da CNBB \u00e9 constitu\u00edda por profissionais e pesquisadores da \u00e1rea, para refletir e apontar novos caminhos para a comunica\u00e7\u00e3o<\/p>\n<p><!--more--><\/p>\n<p>da igreja do Brasil. Contribui, tamb\u00e9m, na produ\u00e7\u00e3o de textos de comunica\u00e7\u00e3o para uma educa\u00e7\u00e3o para a comunica\u00e7\u00e3o, Documentos e Estudos da CNBB sobre comunica\u00e7\u00e3o.<\/p>\n<p style=\"text-align: justify\">Ficou registrada na hist\u00f3ria a \u201cCarta aos Comunicadores\u201d promulgada por ocasi\u00e3o ao Dia Mundial das Comunica\u00e7\u00f5es produzida pela Equipe de Reflex\u00e3o.<\/p>\n<p style=\"text-align: justify\">Atualmente, a Equipe \u00e9 respons\u00e1vel pela produ\u00e7\u00e3o do Diret\u00f3rio de Comunica\u00e7\u00e3o, que vem pautar as estrat\u00e9gias de comunica\u00e7\u00e3o para a Igreja, al\u00e9m de outras contribui\u00e7\u00f5es, como a reflex\u00e3o e o estudo em comemora\u00e7\u00e3o ao Dia Mundial das Comunica\u00e7\u00f5es, a educa\u00e7\u00e3o para a comunica\u00e7\u00e3o enquanto processos e meios de comunica\u00e7\u00e3o na Igreja do Brasil.<\/p>\n<p style=\"text-align: justify\">E Jo\u00e3o Paulo II vem confirmar este anseio da Igreja quando diz que \u201cn\u00e3o \u00e9 suficiente usar os meios de comunica\u00e7\u00e3o para difundir a mensagem crist\u00e3 e o Magist\u00e9rio da Igreja, mas \u00e9 necess\u00e1rio integrar a mensagem nesta \u201cnova cultura\u201d, criada pelas modernas comunica\u00e7\u00f5es&#8230; Com novas linguagens, novas t\u00e9cnicas, novas atitudes psicol\u00f3gicas\u201d. (Redemtoris missio).<\/p>\n<p style=\"text-align: justify\">\u00c9 este o esp\u00edrito que pauta a Igreja para que a comunica\u00e7\u00e3o d\u00ea um novo impulso ao an\u00fancio do Reino de Deus, a exemplo de Cristo, o Mestre Perfeito da comunica\u00e7\u00e3o do Pai que comunicou a todos, a partir da sua cultura a Boa Nova do Reino.<\/p>\n<p style=\"text-align: justify\">\n<h1 style=\"text-align: justify\">Um pouco de Hist\u00f3ria<\/h1>\n<p style=\"text-align: justify\">A comunica\u00e7\u00e3o social foi constitu\u00edda em novembro de 1978, pelo ent\u00e3o Secret\u00e1rio Geral da CNBB, Dom Luciano Mendes de Almeida que, solicitou \u00e0 Pia Sociedade Filhas de S\u00e3o Paulo, (Irm\u00e3s Paulinas) uma irm\u00e3 para prestar assessoria, em tempo integral, na \u00e1rea da Comunica\u00e7\u00e3o Social da CNBB.<\/p>\n<p style=\"text-align: justify\">Foi liberada a Irm\u00e3 Maria da Gl\u00f3ria Bordeghini e nomeado pela CNBB, como Presidente da Comunica\u00e7\u00e3o Social, o Bispo de Piracicaba, SP, Dom Eduardo Koaik.<\/p>\n<p style=\"text-align: justify\">Irm\u00e3 Maria da Gl\u00f3ria Bordeghini, em dezembro de 1978, disse a Dom Koaik que era urgente, convocar um grupo de profissionais, pesquisadores da comunica\u00e7\u00e3o para que pudessem colaborar na reflex\u00e3o, na pesquisa e no estudo da comunica\u00e7\u00e3o na Igreja.<\/p>\n<p style=\"text-align: justify\">No mesmo ano a Equipe de Reflex\u00e3o de Comunica\u00e7\u00e3o da CNBB foi constitu\u00edda, por profissionais e pesquisadores da comunica\u00e7\u00e3o das \u00e1reas de: imprensa, cinema e TV.<\/p>\n<p style=\"text-align: justify\">As reuni\u00f5es aconteciam duas vezes por ano, nas cidades do Rio de Janeiro, S\u00e3o Paulo e Belo Horizonte. Foram produzidos importantes Documentos e Estudos da CNBB sobre comunica\u00e7\u00e3o pela Equipe de Reflex\u00e3o.<\/p>\n<p style=\"text-align: justify\">A CNBB expressa seu reconhecimento a todos \u00e0queles, que de uma forma ou de outra prestaram sua contribui\u00e7\u00e3o na comunica\u00e7\u00e3o e convoca a todos para uma educa\u00e7\u00e3o para a comunica\u00e7\u00e3o em rela\u00e7\u00e3o aos meios e processos para que o an\u00fancio da Boa Nova chegue a todos com a comunica\u00e7\u00e3o.<\/p>\n","protected":false},"excerpt":{"rendered":"<p>A Equipe de Reflex\u00e3o de Comunica\u00e7\u00e3o da CNBB \u00e9 constitu\u00edda por profissionais e pesquisadores da \u00e1rea, para refletir e apontar novos caminhos para a comunica\u00e7\u00e3o<\/p>\n","protected":false},"author":83,"featured_media":0,"comment_status":"open","ping_status":"open","sticky":false,"template":"","format":"standard","meta":{"site-sidebar-layout":"default","site-content-layout":"default","ast-global-header-display":"","ast-banner-title-visibility":"","ast-main-header-display":"","ast-hfb-above-header-display":"","ast-hfb-below-header-display":"","ast-hfb-mobile-header-display":"","site-post-title":"","ast-breadcrumbs-content":"","ast-featured-img":"","footer-sml-layout":"","theme-transparent-header-meta":"","adv-header-id-meta":"","stick-header-meta":"","header-above-stick-meta":"","header-main-stick-meta":"","header-below-stick-meta":""},"categories":[1],"tags":[],"acf":[],"_links":{"self":[{"href":"https:\/\/www.cnbb.org.br\/cnbb-app\/wp\/v2\/posts\/14678"}],"collection":[{"href":"https:\/\/www.cnbb.org.br\/cnbb-app\/wp\/v2\/posts"}],"about":[{"href":"https:\/\/www.cnbb.org.br\/cnbb-app\/wp\/v2\/types\/post"}],"author":[{"embeddable":true,"href":"https:\/\/www.cnbb.org.br\/cnbb-app\/wp\/v2\/users\/83"}],"replies":[{"embeddable":true,"href":"https:\/\/www.cnbb.org.br\/cnbb-app\/wp\/v2\/comments?post=14678"}],"version-history":[{"count":0,"href":"https:\/\/www.cnbb.org.br\/cnbb-app\/wp\/v2\/posts\/14678\/revisions"}],"wp:attachment":[{"href":"https:\/\/www.cnbb.org.br\/cnbb-app\/wp\/v2\/media?parent=14678"}],"wp:term":[{"taxonomy":"category","embeddable":true,"href":"https:\/\/www.cnbb.org.br\/cnbb-app\/wp\/v2\/categories?post=14678"},{"taxonomy":"post_tag","embeddable":true,"href":"https:\/\/www.cnbb.org.br\/cnbb-app\/wp\/v2\/tags?post=14678"}],"curies":[{"name":"wp","href":"https:\/\/api.w.org\/{rel}","templated":true}]}}