{"id":14692,"date":"2009-03-16T00:00:00","date_gmt":"2009-03-16T03:00:00","guid":{"rendered":"https:\/\/www.cnbb.org.br\/pascom-da-diocese-de-itabira-coronel-fabriciano-faz-formacao-sobre-assessoria-de-comunicacao\/"},"modified":"2009-03-16T00:00:00","modified_gmt":"2009-03-16T03:00:00","slug":"pascom-da-diocese-de-itabira-coronel-fabriciano-faz-formacao-sobre-assessoria-de-comunicacao","status":"publish","type":"post","link":"https:\/\/www.cnbb.org.br\/pascom-da-diocese-de-itabira-coronel-fabriciano-faz-formacao-sobre-assessoria-de-comunicacao\/","title":{"rendered":"Pascom da diocese de Itabira \u2013 Coronel Fabriciano faz forma\u00e7\u00e3o sobre Assessoria de Comunica\u00e7\u00e3o"},"content":{"rendered":"<p style=\"text-align: justify\">A Pastoral da Comunica\u00e7\u00e3o (Pascom) da diocese de Itabira \u2013 Coronel Fabriciano (MG) realizou no Forma\u00e7\u00e3o\u00faltimo fim de semana, em Jo\u00e3o Monlevade, o encontro de<\/p>\n<p><!--more--><\/p>\n<p style=\"text-align: justify\">\u201cAssessoria de Comunica\u00e7\u00e3o na Organiza\u00e7\u00e3o de Eventos da Igreja\u201d, que foi auxiliado pelo jornalista e agente da Pascom diocesana, Gl\u00e1ucio Santos.<\/p>\n<p style=\"text-align: justify\">Durante o encontro foram fornecidas informa\u00e7\u00f5es sobre as provid\u00eancias necess\u00e1rias para que um evento ocorra, al\u00e9m de esclarecer sobre o papel da Assessoria de Comunica\u00e7\u00e3o antes, durante e depois da realiza\u00e7\u00e3o do evento.<\/p>\n<p style=\"text-align: justify\">A mesma forma\u00e7\u00e3o ser\u00e1 realizada no pr\u00f3ximo fim de semana, dia 21, em Ipatinga, na Par\u00f3quia Sagrado Cora\u00e7\u00e3o de Jesus. No dia 28 \u00e9 a vez da par\u00f3quia Nossa Senhora da Sa\u00fade, de Itabira. No decorrer de 2009 outros encontros de forma\u00e7\u00e3o ser\u00e3o oferecidos pela Pascom nas tr\u00eas Regi\u00f5es Pastorais da diocese.<\/p>\n","protected":false},"excerpt":{"rendered":"<p>A Pastoral da Comunica\u00e7\u00e3o (Pascom) da diocese de Itabira \u2013 Coronel Fabriciano (MG) realizou no Forma\u00e7\u00e3o\u00faltimo fim de semana, em Jo\u00e3o Monlevade, o encontro de<\/p>\n","protected":false},"author":83,"featured_media":14693,"comment_status":"open","ping_status":"open","sticky":false,"template":"","format":"standard","meta":{"site-sidebar-layout":"default","site-content-layout":"default","ast-global-header-display":"","ast-banner-title-visibility":"","ast-main-header-display":"","ast-hfb-above-header-display":"","ast-hfb-below-header-display":"","ast-hfb-mobile-header-display":"","site-post-title":"","ast-breadcrumbs-content":"","ast-featured-img":"","footer-sml-layout":"","theme-transparent-header-meta":"","adv-header-id-meta":"","stick-header-meta":"","header-above-stick-meta":"","header-main-stick-meta":"","header-below-stick-meta":""},"categories":[1],"tags":[],"acf":[],"_links":{"self":[{"href":"https:\/\/www.cnbb.org.br\/cnbb-app\/wp\/v2\/posts\/14692"}],"collection":[{"href":"https:\/\/www.cnbb.org.br\/cnbb-app\/wp\/v2\/posts"}],"about":[{"href":"https:\/\/www.cnbb.org.br\/cnbb-app\/wp\/v2\/types\/post"}],"author":[{"embeddable":true,"href":"https:\/\/www.cnbb.org.br\/cnbb-app\/wp\/v2\/users\/83"}],"replies":[{"embeddable":true,"href":"https:\/\/www.cnbb.org.br\/cnbb-app\/wp\/v2\/comments?post=14692"}],"version-history":[{"count":0,"href":"https:\/\/www.cnbb.org.br\/cnbb-app\/wp\/v2\/posts\/14692\/revisions"}],"wp:featuredmedia":[{"embeddable":true,"href":"https:\/\/www.cnbb.org.br\/cnbb-app\/wp\/v2\/media\/14693"}],"wp:attachment":[{"href":"https:\/\/www.cnbb.org.br\/cnbb-app\/wp\/v2\/media?parent=14692"}],"wp:term":[{"taxonomy":"category","embeddable":true,"href":"https:\/\/www.cnbb.org.br\/cnbb-app\/wp\/v2\/categories?post=14692"},{"taxonomy":"post_tag","embeddable":true,"href":"https:\/\/www.cnbb.org.br\/cnbb-app\/wp\/v2\/tags?post=14692"}],"curies":[{"name":"wp","href":"https:\/\/api.w.org\/{rel}","templated":true}]}}