{"id":14705,"date":"2010-02-02T00:00:00","date_gmt":"2010-02-02T02:00:00","guid":{"rendered":"https:\/\/www.cnbb.org.br\/qo-sacerdote-e-a-pastoral-no-mundo-digital-os-novos-meios-de-comunicacao-a-servico-da-palavraq\/"},"modified":"2010-02-02T00:00:00","modified_gmt":"2010-02-02T02:00:00","slug":"qo-sacerdote-e-a-pastoral-no-mundo-digital-os-novos-meios-de-comunicacao-a-servico-da-palavraq","status":"publish","type":"post","link":"https:\/\/www.cnbb.org.br\/qo-sacerdote-e-a-pastoral-no-mundo-digital-os-novos-meios-de-comunicacao-a-servico-da-palavraq\/","title":{"rendered":"&#8220;O Sacerdote e a Pastoral no Mundo Digital: Os Novos Meios de Comunica\u00e7\u00e3o a servi\u00e7o da Palavra&#8221;"},"content":{"rendered":"<p style=\"text-align: justify\">Na carta para os sacerdotes, datada de 24\/01\/2010, para o Dia Mundial das Comunica\u00e7\u00f5es Sociais, a realizar-se em 16\/05\/2010, o Santo Padre comenta o tema do referido dia, que \u00e9 enunciado assim: &#8220;O Sacerdote e a Pastoral no Mundo Digital: Os Novos Meios de Comunica\u00e7\u00e3o a servi\u00e7o da Palavra&#8221;. Estando n\u00f3s em pleno ano sacerdotal, depois de termos celebrado o S\u00ednodo da Palavra de Deus, e o Sumo Pont\u00edfice Romano considera providencial o tema acima, lembrando que o \u00e2mbito de pastoral se torna muito vasto, pois oferece ao sacerdote novas possibilidades para exercer o seu servi\u00e7o.<\/p>\n<p><!--more--><\/p>\n<p style=\"text-align: justify\">Embora j\u00e1 funcionando, h\u00e1 muito tempo como instrumentos ordin\u00e1rios de comunica\u00e7\u00e3o, \u00e9 recente a sua incisiva difus\u00e3o. A sua not\u00e1vel influ\u00eancia torna mais importante e mais \u00fatil o seu uso no minist\u00e9rio sacerdotal. A Igreja deve anunciar a Palavra de todas as maneiras de que puder fazer uso e esse novo ve\u00edculo aumenta a responsabilidade do an\u00fancio. O Santo Padre lembra S\u00e3o Paulo, que diz: &#8220;Ai de mim se n\u00e3o anunciar o Evangelho&#8221;. (cf. 1Cor 9,16).<\/p>\n<p style=\"text-align: justify\">O sacerdote encontra-se no limiar de uma &#8220;hist\u00f3ria nova&#8221;, segundo o Santo Padre, porque o seu \u00e2mbito de a\u00e7\u00e3o se torna imensamente mais amplo. Ent\u00e3o, ele deve multiplicar o seu empenho. Que n\u00e3o se use a &#8220;internet&#8221; como mera exig\u00eancia pastoral, mas com uma constante fidelidade evang\u00e9lica. Os novos meios de comunica\u00e7\u00e3o devem ser adicionados aos meios tradicionais porque ser\u00e3o \u00fateis para a evangeliza\u00e7\u00e3o e a catequese. A rede mundial de computadores tem um fluxo comunicativo ininterrupto que deve ser aproveitado pelo presb\u00edtero para divulgar a vida da Igreja e levar os homens a descobrir o rosto de Cristo. O mundo digital, sendo usado para o an\u00fancio da Palavra, deve deixar patente que a amorosa aten\u00e7\u00e3o de Deus em Cristo por n\u00f3s n\u00e3o \u00e9 algo do passado. \u00c9 uma realidade concreta e atual. A humanidade, no mundo de hoje, se acha desorientada e a pastoral, na internet, deve mostrar que &#8220;Deus est\u00e1 pr\u00f3ximo, que, em Cristo, somos todos parte uns dos outros&#8221;. (Bento XVI, Discurso \u00e0 C\u00faria Romana na Apresenta\u00e7\u00e3o dos votos de Natal).<\/p>\n<p style=\"text-align: justify\">Ningu\u00e9m melhor que o sacerdote, &#8220;um homem de Deus&#8221;, para desenvolver e por em pr\u00e1tica uma pastoral que torne Deus vivo e atual na realidade de hoje, apresentando a sabedoria religiosa do passado como riqueza de onde se pode haurir para se viver dignamente o presente e construir o futuro. Quem usa a internet como via de pastoral deve preparar a estrada, despertando o interesse para novos encontros, procurando atingir as necessidades espirituais das pessoas, de tal modo que quem vive nessa era &#8220;digital&#8221; possa reconhecer o Senhor, educando-se para a esperan\u00e7a, aproximando-se da Palavra de Deus que salva e desenvolve integralmente o homem.<\/p>\n<p style=\"text-align: justify\">A Palavra deve ocupar um lugar especial nesse emaranhado de estradas oferecidas pela internet, colocando Deus em todos os lugares para que se ou\u00e7a a sua voz: &#8220;Eu estou \u00e0 porta e chamo. Se algu\u00e9m ouvir a minha voz e me abrir a porta, entrarei em sua casa e cearei co m ele e ele comigo.&#8221; (Ap 3,20).<\/p>\n<p style=\"text-align: justify\">No ano passado, nesta mesma \u00e9poca, o Santo Padre encorajou os comunicadores a promover uma cultura que respeite a dignidade da pessoa humana. Agora, ele acrescenta que, com o Evangelho nas m\u00e3os e no cora\u00e7\u00e3o, \u00e9 preciso reafirmar que \u00e9 tempo tamb\u00e9m de continuar a preparar caminhos que conduzam \u00e0 Palavra de Deus, n\u00e3o descuidando daqueles que ainda hesitam e se acham em condi\u00e7\u00e3o de busca. O sacerdote deve se lembrar tamb\u00e9m daqueles que n\u00e3o acreditam e que se cansaram das f\u00f3rmulas antigas.<\/p>\n<p style=\"text-align: justify\">Assim como Isa\u00edas sonhou com uma casa de ora\u00e7\u00e3o para todos os povos, o Santo Padre sugere que a internet pode dar espa\u00e7o tamb\u00e9m \u00e0queles para quem Deus \u00e9 ainda um desconhecido.<\/p>\n<p style=\"text-align: justify\">Como nenhum caminho deve ser vedado a ningu\u00e9m, o sacerdote deve se lembrar tamb\u00e9m daqueles que professam outras cren\u00e7as.<\/p>\n<p style=\"text-align: justify\">E n\u00e3o se esquecer, principalmente, que a fecundidade do minist\u00e9rio sacerdotal deriva primariamente de Cristo encontrado e escutado na ora\u00e7\u00e3o, anunciado na prega\u00e7\u00e3o e no testemunho de vida, conhecido, amado e celebrado nos sacramentos, sobretudo da Sant\u00edssima Eucaristia e da Reconcilia\u00e7\u00e3o.<\/p>\n<p style=\"text-align: justify\">O Santo Padre termina a mensagem convidando os presb\u00edteros a aproveitarem com sabedoria a oportunidade oferecida pela comunica\u00e7\u00e3o moderna e apresentando votos de que o Senhor os torne apaixonados anunciadores da boa nova nos tempos atuais. De minha parte, quando era arcebispo metropolitano, criei o site da Arquidiocese de Juiz de Fora e empenho, com alegria, grande parte de meu minist\u00e9rio em partilhar as minhas experi\u00eancias em artigos semanais que envio para os sites. A estes sites cat\u00f3licos ou n\u00e3o, que se abrem para receber a comunica\u00e7\u00e3o da Palavra de Deus quero enviar o meu empenhado e reconhecido agradecimento e encoraj\u00e1-los a sempre olhar para o Cristo na rede mundial de computadores: DUC IN ALTUM! Que nossos queridos irm\u00e3os sacerdotes sejam capazes de acompanhar a evolu\u00e7\u00e3o dos tempos e evangelizar pela rede.<\/p>\n","protected":false},"excerpt":{"rendered":"<p>Na carta para os sacerdotes, datada de 24\/01\/2010, para o Dia Mundial das Comunica\u00e7\u00f5es Sociais, a realizar-se em 16\/05\/2010, o Santo Padre comenta o tema do referido dia, que \u00e9 enunciado assim: &#8220;O Sacerdote e a Pastoral no Mundo Digital: Os Novos Meios de Comunica\u00e7\u00e3o a servi\u00e7o da Palavra&#8221;. Estando n\u00f3s em pleno ano sacerdotal, &hellip;<\/p>\n<p class=\"read-more\"> <a class=\"\" href=\"https:\/\/www.cnbb.org.br\/qo-sacerdote-e-a-pastoral-no-mundo-digital-os-novos-meios-de-comunicacao-a-servico-da-palavraq\/\"> <span class=\"screen-reader-text\">&#8220;O Sacerdote e a Pastoral no Mundo Digital: Os Novos Meios de Comunica\u00e7\u00e3o a servi\u00e7o da Palavra&#8221;<\/span> Leia mais &raquo;<\/a><\/p>\n","protected":false},"author":83,"featured_media":0,"comment_status":"open","ping_status":"open","sticky":false,"template":"","format":"standard","meta":{"site-sidebar-layout":"default","site-content-layout":"default","ast-global-header-display":"","ast-banner-title-visibility":"","ast-main-header-display":"","ast-hfb-above-header-display":"","ast-hfb-below-header-display":"","ast-hfb-mobile-header-display":"","site-post-title":"","ast-breadcrumbs-content":"","ast-featured-img":"","footer-sml-layout":"","theme-transparent-header-meta":"","adv-header-id-meta":"","stick-header-meta":"","header-above-stick-meta":"","header-main-stick-meta":"","header-below-stick-meta":""},"categories":[1],"tags":[],"acf":[],"_links":{"self":[{"href":"https:\/\/www.cnbb.org.br\/cnbb-app\/wp\/v2\/posts\/14705"}],"collection":[{"href":"https:\/\/www.cnbb.org.br\/cnbb-app\/wp\/v2\/posts"}],"about":[{"href":"https:\/\/www.cnbb.org.br\/cnbb-app\/wp\/v2\/types\/post"}],"author":[{"embeddable":true,"href":"https:\/\/www.cnbb.org.br\/cnbb-app\/wp\/v2\/users\/83"}],"replies":[{"embeddable":true,"href":"https:\/\/www.cnbb.org.br\/cnbb-app\/wp\/v2\/comments?post=14705"}],"version-history":[{"count":0,"href":"https:\/\/www.cnbb.org.br\/cnbb-app\/wp\/v2\/posts\/14705\/revisions"}],"wp:attachment":[{"href":"https:\/\/www.cnbb.org.br\/cnbb-app\/wp\/v2\/media?parent=14705"}],"wp:term":[{"taxonomy":"category","embeddable":true,"href":"https:\/\/www.cnbb.org.br\/cnbb-app\/wp\/v2\/categories?post=14705"},{"taxonomy":"post_tag","embeddable":true,"href":"https:\/\/www.cnbb.org.br\/cnbb-app\/wp\/v2\/tags?post=14705"}],"curies":[{"name":"wp","href":"https:\/\/api.w.org\/{rel}","templated":true}]}}