{"id":14716,"date":"2009-12-10T00:00:00","date_gmt":"2009-12-10T02:00:00","guid":{"rendered":"https:\/\/www.cnbb.org.br\/nota-da-cnbb-sobre-a-conferencia-de-copenhague\/"},"modified":"2009-12-10T00:00:00","modified_gmt":"2009-12-10T02:00:00","slug":"nota-da-cnbb-sobre-a-conferencia-de-copenhague","status":"publish","type":"post","link":"https:\/\/www.cnbb.org.br\/nota-da-cnbb-sobre-a-conferencia-de-copenhague\/","title":{"rendered":"Nota da CNBB sobre a Confer\u00eancia de Copenhague"},"content":{"rendered":"<p style=\"text-align: right\"><em>\u201cToda a cria\u00e7\u00e3o espera ser libertada da escravid\u00e3o\u201d (cf. Rm 8,21).<\/em><\/p>\n<p style=\"text-align: justify\">Nos dias 7 a 18 de dezembro, realiza-se a Confer\u00eancia da ONU sobre Meio Ambiente &#8211; COP 15, em Copenhague. As decis\u00f5es que ser\u00e3o tomadas pelos governantes ter\u00e3o impacto no futuro da humanidade e em todas as formas de vida no Planeta.<\/p>\n<p>  <!--more-->  <\/p>\n<p style=\"text-align: justify\">Considerando a import\u00e2ncia dessa Confer\u00eancia, bem como a urg\u00eancia do tema em pauta, n\u00f3s bispos do Conselho Episcopal de Pastoral (CONSEP), reunidos em Bras\u00edlia, nos unimos ao apelo global direcionado aos l\u00edderes mundiais, exigindo um acordo corajoso com metas necess\u00e1rias e mensur\u00e1veis na emiss\u00e3o de poluentes. Esperamos igualmente que as popula\u00e7\u00f5es mais vulner\u00e1veis afetadas pelas mudan\u00e7as clim\u00e1ticas recebam os recursos necess\u00e1rios para a sua adapta\u00e7\u00e3o e o seu desenvolvimento sustent\u00e1vel.<\/p>\n<p style=\"text-align: justify\">Diante da declara\u00e7\u00e3o de inten\u00e7\u00e3o do Governo brasileiro em diminuir, at\u00e9 2020, em 38% a emiss\u00e3o de gases que provocam aquecimento da Terra, e a redu\u00e7\u00e3o de 80% do desmatamento da Amaz\u00f4nia, manifestamos a nossa expectativa para que essas metas sejam acompanhadas por pol\u00edticas nacionais coerentes, que promovam a sustentabilidade do desenvolvimento humano, especialmente das popula\u00e7\u00f5es mais empobrecidas e a integridade da cria\u00e7\u00e3o, em obedi\u00eancia aos seguintes princ\u00edpios:<\/p>\n<ul>\n<li>\n<div style=\"text-align: justify\">O reconhecimento da \u00e1gua como direito humano, bem p\u00fablico e patrim\u00f4nio de todos os seres vivos, com a conseq\u00fcente implementa\u00e7\u00e3o de pol\u00edticas h\u00eddricas que priorizem o ser humano e a dessedenta\u00e7\u00e3o dos animais;<\/div>\n<\/li>\n<li>\n<div style=\"text-align: justify\">A implementa\u00e7\u00e3o de uma ampla pol\u00edtica de reforma agr\u00e1ria e agr\u00edcola com uma justa distribui\u00e7\u00e3o da terra, em favor das unidades familiares e comunit\u00e1rias, mais produtivas por hectare, geradoras de oportunidade de trabalho, produtoras de alimentos, em conson\u00e2ncia com o meio ambiente;<\/div>\n<\/li>\n<li>\n<div style=\"text-align: justify\">O aprimoramento e a implementa\u00e7\u00e3o do Plano Nacional de Mudan\u00e7as do Clima (PNMC), que orientem de modo adequado e coerente outros planos e iniciativas governamentais;<\/div>\n<\/li>\n<li>\n<div style=\"text-align: justify\">A op\u00e7\u00e3o por uma matriz energ\u00e9tica limpa e diversificada, junto com um maior investimento tecnol\u00f3gico e aten\u00e7\u00e3o \u00e0 sabedoria e \u00e1s pr\u00e1ticas das popula\u00e7\u00f5es tradicionais;<\/div>\n<\/li>\n<li>\n<div style=\"text-align: justify\">A manuten\u00e7\u00e3o do c\u00f3digo florestal e a busca de mecanismo de incentivo para a sua implementa\u00e7\u00e3o;<\/div>\n<\/li>\n<li>\n<div style=\"text-align: justify\">Transpar\u00eancia e controle social sobre os investimentos p\u00fablicos e privados para que as pol\u00edticas de Redu\u00e7\u00f5es de Emiss\u00f5es Associadas ao Desmatamento e \u00e0 Degrada\u00e7\u00e3o Florestal (REDD) n\u00e3o sejam regidos pelos interesses do mercado.<\/div>\n<\/li>\n<\/ul>\n<p style=\"text-align: justify\">Movidos pelos gritos da Terra e dos seus filhos e filhas especialmente, dos mais empobrecidos, conclamamos as nossas comunidades eclesiais a realizarem nos dias 12 e 13 de dezembro pr\u00f3ximo, atos que sinalizem nossa preocupa\u00e7\u00e3o com as decis\u00f5es que ser\u00e3o tomadas na Confer\u00eancia de Copenhague. \u201cAntes que seja tarde demais, precisamos fazer escolhas corajosas, que possam restabelecer uma forte alian\u00e7a entre o ser humano e a Terra\u201d (Papa Bento XVI, discurso em Loreto).<\/p>\n<div style=\"text-align: justify\"><\/div>\n<p style=\"text-align: justify\">Como gesto concreto, sejam promovidos debates, ora\u00e7\u00f5es e vig\u00edlias junto com iniciativas de outras Igrejas e organiza\u00e7\u00f5es sociais, Em conson\u00e2ncia com a iniciativa das Igrejas de outros Continentes, incentivamos que se d\u00eaem 350 repiques de sino, \u00e0s 12 horas do pr\u00f3ximo dia 13 de dezembro. Este gesto simb\u00f3lico visa alertar os governos a n\u00e3o permitirem que se ultrapassem 350 partes por milh\u00e3o (PPM), limite m\u00e1ximo e seguro de di\u00f3xido de carbono (CO2) na atmosfera, conforme atestam os cientistas que estudam o clima.<\/p>\n<div style=\"text-align: justify\"><\/div>\n<p style=\"text-align: justify\">Que as celebra\u00e7\u00f5es do Advento nos coloquem em vigilante atitude na defesa e promo\u00e7\u00e3o da vida na Terra.<\/p>\n<p style=\"text-align: right\">Bras\u00edlia, DF, 10 de dezembro de 2009.<\/p>\n<p style=\"text-align: center\">Dom Geraldo Lyrio Rocha<br \/>Arcebispo de Mariana<br \/>Presidente da CNBB<\/p>\n<p style=\"text-align: center\">Dom Luiz Soares Vieira<br \/>Arcebispo de Manaus<br \/>Vice-Presidente da CNBB<\/p>\n<p style=\"text-align: center\">Dom Dimas Lara Barbosa<br \/>Bispo Auxiliar do Rio de Janeiro<br \/>Secret\u00e1rio-Geral da CNBB<\/p>\n","protected":false},"excerpt":{"rendered":"<p>\u201cToda a cria\u00e7\u00e3o espera ser libertada da escravid\u00e3o\u201d (cf. Rm 8,21). Nos dias 7 a 18 de dezembro, realiza-se a Confer\u00eancia da ONU sobre Meio Ambiente &#8211; COP 15, em Copenhague. As decis\u00f5es que ser\u00e3o tomadas pelos governantes ter\u00e3o impacto no futuro da humanidade e em todas as formas de vida no Planeta.<\/p>\n","protected":false},"author":83,"featured_media":0,"comment_status":"open","ping_status":"open","sticky":false,"template":"","format":"standard","meta":{"site-sidebar-layout":"default","site-content-layout":"default","ast-global-header-display":"","ast-banner-title-visibility":"","ast-main-header-display":"","ast-hfb-above-header-display":"","ast-hfb-below-header-display":"","ast-hfb-mobile-header-display":"","site-post-title":"","ast-breadcrumbs-content":"","ast-featured-img":"","footer-sml-layout":"","theme-transparent-header-meta":"","adv-header-id-meta":"","stick-header-meta":"","header-above-stick-meta":"","header-main-stick-meta":"","header-below-stick-meta":""},"categories":[1],"tags":[],"acf":[],"_links":{"self":[{"href":"https:\/\/www.cnbb.org.br\/cnbb-app\/wp\/v2\/posts\/14716"}],"collection":[{"href":"https:\/\/www.cnbb.org.br\/cnbb-app\/wp\/v2\/posts"}],"about":[{"href":"https:\/\/www.cnbb.org.br\/cnbb-app\/wp\/v2\/types\/post"}],"author":[{"embeddable":true,"href":"https:\/\/www.cnbb.org.br\/cnbb-app\/wp\/v2\/users\/83"}],"replies":[{"embeddable":true,"href":"https:\/\/www.cnbb.org.br\/cnbb-app\/wp\/v2\/comments?post=14716"}],"version-history":[{"count":0,"href":"https:\/\/www.cnbb.org.br\/cnbb-app\/wp\/v2\/posts\/14716\/revisions"}],"wp:attachment":[{"href":"https:\/\/www.cnbb.org.br\/cnbb-app\/wp\/v2\/media?parent=14716"}],"wp:term":[{"taxonomy":"category","embeddable":true,"href":"https:\/\/www.cnbb.org.br\/cnbb-app\/wp\/v2\/categories?post=14716"},{"taxonomy":"post_tag","embeddable":true,"href":"https:\/\/www.cnbb.org.br\/cnbb-app\/wp\/v2\/tags?post=14716"}],"curies":[{"name":"wp","href":"https:\/\/api.w.org\/{rel}","templated":true}]}}