{"id":14720,"date":"2010-02-05T00:00:00","date_gmt":"2010-02-05T02:00:00","guid":{"rendered":"https:\/\/www.cnbb.org.br\/muticom-de-porto-alegre-reflete-a-comunicacao-que-aproxima-homens-diz-dom-dadeus-grings\/"},"modified":"2010-02-05T00:00:00","modified_gmt":"2010-02-05T02:00:00","slug":"muticom-de-porto-alegre-reflete-a-comunicacao-que-aproxima-homens-diz-dom-dadeus-grings","status":"publish","type":"post","link":"https:\/\/www.cnbb.org.br\/muticom-de-porto-alegre-reflete-a-comunicacao-que-aproxima-homens-diz-dom-dadeus-grings\/","title":{"rendered":"\u201cMuticom de Porto Alegre reflete a comunica\u00e7\u00e3o que aproxima homens\u201d, diz dom Dadeus Grings"},"content":{"rendered":"<p>&nbsp;<\/p>\n<p style=\"text-align: justify\">Na tarde deste terceiro dia de atividades do Mutir\u00e3o de Comunica\u00e7\u00e3o Am\u00e9rica Latina e Caribe (Muticom), que acontece na PURS, em Porto Alegre, o arcebispo da capital ga\u00facha, dom Dadeus Grings concedeu entrevista \u00e0 assessoria de imprensa da CNBB. O prelado destacou a import\u00e2ncia do evento no cen\u00e1rio nacional e latino americano, de modo especial, a import\u00e2ncia em discutir o tema \u201cProcessos de Comunica\u00e7\u00e3o e Cultura Solid\u00e1ria\u201d, como forma de unir a Am\u00e9rica Latina e os pa\u00edses caribenhos. Confira abaixo, a \u00edntegra da entrevista.<\/p>\n<p style=\"text-align: justify\">\n<p><!--more--><\/p>\n<p style=\"text-align: justify\">Dom Dadeus, como o senhor v\u00ea o desenvolvimento das atividades do Muticom, em Porto Alegre?<\/p>\n<p style=\"text-align: justify\">Os trabalhos est\u00e3o dentro da nossa perspectiva. A grande alegria se faz presente porque, al\u00e9m de recebermos comunicadores de todo o Brasil, tamb\u00e9m estamos acolhendo aqueles vindos da Am\u00e9rica Latina e Caribe, que vieram e trazem consigo a riqueza, a informa\u00e7\u00e3o e, a partir disso, a gente sente a uni\u00e3o dos pa\u00edses, a \u201cP\u00e1tria Grande\u201d, como os povos ind\u00edgenas falavam ao se referir ao continente. Estamos felizes tamb\u00e9m porque muitas formas de unir a Am\u00e9rica Latina n\u00e3o deram certo. Com a pol\u00edtica n\u00e3o deu certo, pela economia [Alca] tamb\u00e9m fracassou, mas tem algo em comum em todos n\u00f3s: a f\u00e9. Esta nos une profundamente. Um exemplo \u00e9 Nossa Senhora de Guadalupe, padroeira da Am\u00e9rica Latina. Essa for\u00e7a veio para esse Mutir\u00e3o. Mas, o que mais me chama a aten\u00e7\u00e3o no Muticom \u00e9 sua tem\u00e1tica da solidariedade. Aqui n\u00e3o estamos refletindo sobre a comunica\u00e7\u00e3o para ganhar dinheiro e sim a comunica\u00e7\u00e3o que aproxima mais os homens.<\/p>\n<p style=\"text-align: justify\"><strong>Qual mensagem o senhor tem a deixar aos jovens comunicadores que participam do Muticom? De modo especial os estudantes?<\/strong><br \/>\nDigo aos jovens que sigam. Que trabalhem com sua pr\u00f3pria maneira de ser, pensando sempre em atingir as pessoas atrav\u00e9s da solidariedade. Espero que durante o evento os jovens estejam abertos para essa grande mensagem da fraternidade, da solidariedade que o mundo tanto precisa hoje.<\/p>\n<p style=\"text-align: justify\"><strong>A Igreja est\u00e1 preparada para desenvolver seu papel nesse cen\u00e1rio da cultura solid\u00e1ria atrav\u00e9s dos meios de comunica\u00e7\u00e3o?<\/strong><\/p>\n<p style=\"text-align: justify\">A Igreja est\u00e1 aprendendo aos poucos. A Igreja somos todos n\u00f3s. Estamos aqui para isso, para debater esses novos meios que n\u00f3s temos \u00e0 nossa disposi\u00e7\u00e3o. Hoje um palestrante dizia: \u201cse eu fa\u00e7o a mesma coisa sempre eu estou superado\u201d. Eu acredito ent\u00e3o que isso aqui [o Mutir\u00e3o] \u00e9 um modo de inovarmos. Uma pesquisa diz que a Europa inova em torno de 50% e o Brasil n\u00e3o consegue chegar a 20%. Isso j\u00e1 diz que inovamos muito pouco. \u00c9 interessante porque esses dados nos revelam que caminhamos pouco. E que \u00e9 preciso pensarmos \u00e0 frente daquilo que dispomos hoje. Nesse sentido os meios de comunica\u00e7\u00e3o nos fazem avan\u00e7ar mais rapidamente.<\/p>\n<p style=\"text-align: justify\"><strong>E as diferen\u00e7as sociais existentes em nosso pa\u00eds, hoje? N\u00e3o \u00e9 errado pensar que somos um pa\u00eds homog\u00eaneo no que diz respeito ao acesso \u00e0 informa\u00e7\u00e3o? <\/strong><\/p>\n<p style=\"text-align: justify\">Sim. N\u00f3s sentimos que nosso pa\u00eds precisa de mais educa\u00e7\u00e3o, mais investimentos. Isso n\u00e3o acontece de um dia para o outro. Mas eu tamb\u00e9m sinto que o pa\u00eds d\u00e1 passos gigantescos. Temos que lembrar que a Europa se fez uma pot\u00eancia em 2 mil anos, e n\u00f3s temos apenas 500 para construirmos toda uma infraestrutura. Acredito que n\u00f3s temos muitas dificuldades ao nos apegarmos com o passado, mas tamb\u00e9m temos, ao mesmo tempo, muita perspectiva de futuro.<\/p>\n<p style=\"text-align: justify\"><strong>A Igreja particular de Porto Alegre cria essa estrutura mental e material para se modernizar e se inserir no campo comunicacional por meio das novas tecnologias?<\/strong><\/p>\n<p style=\"text-align: justify\">N\u00f3s fazemos o esfor\u00e7o de convencer os padres de que precisamos informatizar as par\u00f3quias. \u00c9 importante porque isso nos poupa muito esfor\u00e7o e nos agiliza nas tarefas di\u00e1rias. Mas isso n\u00e3o basta. N\u00e3o podemos apenas criar uma amizade virtual. Temos que incentivar o encontro pessoal, a acolhida e o carinho pela pessoa e cultivar a cultura de dar-se a m\u00e3o. N\u00e3o apenas apertar a tecla, que permanece atual sempre. Devemos mostrar os dois aspectos: um, o meio moderno, mas sem perder os valores humanos.<\/p>\n<p style=\"text-align: justify\"><strong>Dom Dadeus, e o senhor, j\u00e1 est\u00e1 inserido nas novas tecnologias? O senhor tem Twitter, Orkut, blog?<\/strong><\/p>\n<p style=\"text-align: justify\">Nossa C\u00faria est\u00e1 informatizada. Como pessoa f\u00edsica eu n\u00e3o tenho bastante tempo para me atualizar em todas as m\u00eddias sociais, mas falando em termos jur\u00eddicos, n\u00f3s estamos nos inserindo nesse espa\u00e7o oferecido pelas novas tecnologias da informa\u00e7\u00e3o. Da mesma forma \u00e9 o Vaticano. As pessoas me perguntam se o papa l\u00ea tudo que chega \u00e0 Santa S\u00e9. Eu sempre respondo que, como pessoa f\u00edsica, ele n\u00e3o consegue ler tudo, mas juridicamente falando, ele tem toda uma assessoria que \u00e9 incumbida disso. A C\u00faria Romana est\u00e1 aparelhada para dar conta de tudo aquilo que lhe chega. Me disse hoje o cardeal dom Cl\u00e1udio Maria Celli, que o site da Jornada Mundial da Juventude (JMJ) recebe diariamente 5 milh\u00f5es de acessos di\u00e1rios. \u00c9 um fen\u00f4meno que a Igreja est\u00e1 adentrando e n\u00f3s tamb\u00e9m precisamos acompanhar isso enquanto parte desse corpo.<\/p>\n<p><strong><br \/>\nQual mensagem o senhor deixa aos participantes do Mutir\u00e3o de Comunica\u00e7\u00e3o?<\/strong><\/p>\n<p style=\"text-align: justify\">Temos que caminhar com os tempos. Temos que nos inserir nos novos m\u00e9todos para, atrav\u00e9s deles, trazermos a mensagem de salva\u00e7\u00e3o de Jesus Cristo, hoje e sempre.<\/p>\n","protected":false},"excerpt":{"rendered":"<p>&nbsp; Na tarde deste terceiro dia de atividades do Mutir\u00e3o de Comunica\u00e7\u00e3o Am\u00e9rica Latina e Caribe (Muticom), que acontece na PURS, em Porto Alegre, o arcebispo da capital ga\u00facha, dom Dadeus Grings concedeu entrevista \u00e0 assessoria de imprensa da CNBB. O prelado destacou a import\u00e2ncia do evento no cen\u00e1rio nacional e latino americano, de modo &hellip;<\/p>\n<p class=\"read-more\"> <a class=\"\" href=\"https:\/\/www.cnbb.org.br\/muticom-de-porto-alegre-reflete-a-comunicacao-que-aproxima-homens-diz-dom-dadeus-grings\/\"> <span class=\"screen-reader-text\">\u201cMuticom de Porto Alegre reflete a comunica\u00e7\u00e3o que aproxima homens\u201d, diz dom Dadeus Grings<\/span> Leia mais &raquo;<\/a><\/p>\n","protected":false},"author":83,"featured_media":14721,"comment_status":"open","ping_status":"open","sticky":false,"template":"","format":"standard","meta":{"site-sidebar-layout":"default","site-content-layout":"default","ast-global-header-display":"","ast-banner-title-visibility":"","ast-main-header-display":"","ast-hfb-above-header-display":"","ast-hfb-below-header-display":"","ast-hfb-mobile-header-display":"","site-post-title":"","ast-breadcrumbs-content":"","ast-featured-img":"","footer-sml-layout":"","theme-transparent-header-meta":"","adv-header-id-meta":"","stick-header-meta":"","header-above-stick-meta":"","header-main-stick-meta":"","header-below-stick-meta":""},"categories":[1],"tags":[],"acf":[],"_links":{"self":[{"href":"https:\/\/www.cnbb.org.br\/cnbb-app\/wp\/v2\/posts\/14720"}],"collection":[{"href":"https:\/\/www.cnbb.org.br\/cnbb-app\/wp\/v2\/posts"}],"about":[{"href":"https:\/\/www.cnbb.org.br\/cnbb-app\/wp\/v2\/types\/post"}],"author":[{"embeddable":true,"href":"https:\/\/www.cnbb.org.br\/cnbb-app\/wp\/v2\/users\/83"}],"replies":[{"embeddable":true,"href":"https:\/\/www.cnbb.org.br\/cnbb-app\/wp\/v2\/comments?post=14720"}],"version-history":[{"count":0,"href":"https:\/\/www.cnbb.org.br\/cnbb-app\/wp\/v2\/posts\/14720\/revisions"}],"wp:featuredmedia":[{"embeddable":true,"href":"https:\/\/www.cnbb.org.br\/cnbb-app\/wp\/v2\/media\/14721"}],"wp:attachment":[{"href":"https:\/\/www.cnbb.org.br\/cnbb-app\/wp\/v2\/media?parent=14720"}],"wp:term":[{"taxonomy":"category","embeddable":true,"href":"https:\/\/www.cnbb.org.br\/cnbb-app\/wp\/v2\/categories?post=14720"},{"taxonomy":"post_tag","embeddable":true,"href":"https:\/\/www.cnbb.org.br\/cnbb-app\/wp\/v2\/tags?post=14720"}],"curies":[{"name":"wp","href":"https:\/\/api.w.org\/{rel}","templated":true}]}}