{"id":14724,"date":"2010-02-05T00:00:00","date_gmt":"2010-02-05T02:00:00","guid":{"rendered":"https:\/\/www.cnbb.org.br\/mutirao-brasileiro-presente-no-mutirao-latino-americano-de-comunicacao\/"},"modified":"2010-02-05T00:00:00","modified_gmt":"2010-02-05T02:00:00","slug":"mutirao-brasileiro-presente-no-mutirao-latino-americano-de-comunicacao","status":"publish","type":"post","link":"https:\/\/www.cnbb.org.br\/mutirao-brasileiro-presente-no-mutirao-latino-americano-de-comunicacao\/","title":{"rendered":"Mutir\u00e3o Brasileiro presente no Mutir\u00e3o Latino Americano de Comunica\u00e7\u00e3o"},"content":{"rendered":"<p>&nbsp;<\/p>\n<p style=\"text-align: justify\">A equipe organizadora do 7\u00ba Mutir\u00e3o Brasileiro de Comunica\u00e7\u00e3o, que acontecer\u00e1 entre os dias 17 e 22 de julho de 2011, est\u00e1 com um estande montado no Mutir\u00e3o Am\u00e9rica Latina e Caribe de Comunica\u00e7\u00e3o (Muticom), em Porto Alegre. A edi\u00e7\u00e3o nacional do Muticom acontecer\u00e1 no Rio de Janeiro, nas depend\u00eancias da Pontif\u00edcia Universidade Cat\u00f3lica do Rio (PUC-Rio).<\/p>\n<p><!--more--><\/p>\n<p style=\"text-align: justify\">Segundo a doutora em psicologia social e coordenadora de gradua\u00e7\u00e3o, do departamento de comunica\u00e7\u00e3o social da PUC-Rio, professora Sandra Korman Dib, o objetivo do espa\u00e7o, \u00e9 marcar presen\u00e7a no Muticom de Porto Alegre, como forma de prepara\u00e7\u00e3o e apreens\u00e3o das a\u00e7\u00f5es do evento latino americano. \u201cQueremos aqui observar as expectativas que j\u00e1 se criam com a edi\u00e7\u00e3o nacional do evento\u201d, comentou.<\/p>\n<p style=\"text-align: justify\">Para a professora, o car\u00e1ter fundamental da presen\u00e7a dos organizadores do Muticom nacional \u00e9 tamb\u00e9m anunciar e convidar os participantes em Porto Alegre para as discuss\u00f5es em torno da tem\u00e1tica \u201cComunica\u00e7\u00e3o e Vida: Diversidade e Mobilidades\u201d, como tamb\u00e9m apreender as diferentes possibilidades que as pessoas est\u00e3o tendo com as experi\u00eancias do evento que acontece essa semana no Rio Grande do Sul.<\/p>\n<p style=\"text-align: justify\"><img decoding=\"async\" loading=\"lazy\" class=\" size-full wp-image-1465\" style=\"vertical-align: top\" src=\"https:\/\/www.cnbb.org.br\/wp-content\/uploads\/2020\/03\/DSC_0042.jpg\" alt=\"DSC_0042\" width=\"531\" height=\"356\" \/><\/p>\n<div style=\"text-align: justify\"><\/div>\n<p style=\"text-align: justify\"><strong>O Muticom no Rio<\/strong><\/p>\n<div style=\"text-align: justify\"><\/div>\n<p style=\"text-align: justify\">A professora antecipou que o Muticom do Rio ser\u00e1, sobretudo, um espa\u00e7o de partilha, desenvolvido a partir das palavras presentes na tem\u00e1tica principal. \u201cO destaque do Muticom do Rio vai ser a partilha, com \u00eanfase na palavra Vida, que \u00e9 algo que perpassa, frisando tamb\u00e9m a Mobilidade, conex\u00e3o, de modo especial para que as pessoas tenham contato. No Mutir\u00e3o n\u00e3o vamos apenas discutir formas, mas tamb\u00e9m valores. Traduzindo, ser\u00e1 uma comunica\u00e7\u00e3o que diz o que, para quem, considerando a pessoa humana\u201d, explicou.<\/p>\n<div style=\"text-align: justify\"><\/div>\n<p style=\"text-align: justify\">Questionada se o Muticom do Rio dar\u00e1 \u00eanfase \u00e0s novas tecnologias e m\u00eddias sociais, como o Muticom de Porto Alegre tem enfatizado, Sandra disse que sim. \u201cAo falar de processo, n\u00f3s tamb\u00e9m remetemos a acesso. O acesso \u00e0s m\u00eddias sociais, \u00e0s novas tecnologias \u00e9 algo interessante par ser discutido em um pa\u00eds de disparidades sociais como o nosso. Acredito que o Muticom do Rio vai dar \u00eanfase a isso porque n\u00e3o \u00e9 algo simples para o Brasil. N\u00f3s estamos em um pa\u00eds que tem concentra\u00e7\u00e3o de riquezas, mas tamb\u00e9m de poder e conhecimento. Discutir acesso \u00e0s novas tecnologias em um cen\u00e1rio como esse \u00e9 importante, sim.<\/p>\n<p style=\"text-align: justify\">Confira o site do Mutir\u00e3o Brasileiro de Comunica\u00e7\u00e3o em: <a title=\"d\" href=\"http:\/\/sites.google.com\/site\/mutirao2011\/\" target=\"_blank\" rel=\"noopener\">http:\/\/sites.google.com\/site\/mutirao2011\/<\/a> ou <a title=\"s\" href=\"http:\/\/www.arquidiocese.org.br\/mutirao\" target=\"_blank\" rel=\"noopener\">http:\/\/www.arquidiocese.org.br\/mutirao<\/a><\/p>\n","protected":false},"excerpt":{"rendered":"<p>&nbsp; A equipe organizadora do 7\u00ba Mutir\u00e3o Brasileiro de Comunica\u00e7\u00e3o, que acontecer\u00e1 entre os dias 17 e 22 de julho de 2011, est\u00e1 com um estande montado no Mutir\u00e3o Am\u00e9rica Latina e Caribe de Comunica\u00e7\u00e3o (Muticom), em Porto Alegre. A edi\u00e7\u00e3o nacional do Muticom acontecer\u00e1 no Rio de Janeiro, nas depend\u00eancias da Pontif\u00edcia Universidade Cat\u00f3lica &hellip;<\/p>\n<p class=\"read-more\"> <a class=\"\" href=\"https:\/\/www.cnbb.org.br\/mutirao-brasileiro-presente-no-mutirao-latino-americano-de-comunicacao\/\"> <span class=\"screen-reader-text\">Mutir\u00e3o Brasileiro presente no Mutir\u00e3o Latino Americano de Comunica\u00e7\u00e3o<\/span> Leia mais &raquo;<\/a><\/p>\n","protected":false},"author":83,"featured_media":14725,"comment_status":"open","ping_status":"open","sticky":false,"template":"","format":"standard","meta":{"site-sidebar-layout":"default","site-content-layout":"default","ast-global-header-display":"","ast-banner-title-visibility":"","ast-main-header-display":"","ast-hfb-above-header-display":"","ast-hfb-below-header-display":"","ast-hfb-mobile-header-display":"","site-post-title":"","ast-breadcrumbs-content":"","ast-featured-img":"","footer-sml-layout":"","theme-transparent-header-meta":"","adv-header-id-meta":"","stick-header-meta":"","header-above-stick-meta":"","header-main-stick-meta":"","header-below-stick-meta":""},"categories":[1],"tags":[],"acf":[],"_links":{"self":[{"href":"https:\/\/www.cnbb.org.br\/cnbb-app\/wp\/v2\/posts\/14724"}],"collection":[{"href":"https:\/\/www.cnbb.org.br\/cnbb-app\/wp\/v2\/posts"}],"about":[{"href":"https:\/\/www.cnbb.org.br\/cnbb-app\/wp\/v2\/types\/post"}],"author":[{"embeddable":true,"href":"https:\/\/www.cnbb.org.br\/cnbb-app\/wp\/v2\/users\/83"}],"replies":[{"embeddable":true,"href":"https:\/\/www.cnbb.org.br\/cnbb-app\/wp\/v2\/comments?post=14724"}],"version-history":[{"count":0,"href":"https:\/\/www.cnbb.org.br\/cnbb-app\/wp\/v2\/posts\/14724\/revisions"}],"wp:featuredmedia":[{"embeddable":true,"href":"https:\/\/www.cnbb.org.br\/cnbb-app\/wp\/v2\/media\/14725"}],"wp:attachment":[{"href":"https:\/\/www.cnbb.org.br\/cnbb-app\/wp\/v2\/media?parent=14724"}],"wp:term":[{"taxonomy":"category","embeddable":true,"href":"https:\/\/www.cnbb.org.br\/cnbb-app\/wp\/v2\/categories?post=14724"},{"taxonomy":"post_tag","embeddable":true,"href":"https:\/\/www.cnbb.org.br\/cnbb-app\/wp\/v2\/tags?post=14724"}],"curies":[{"name":"wp","href":"https:\/\/api.w.org\/{rel}","templated":true}]}}