{"id":14733,"date":"2010-02-10T00:00:00","date_gmt":"2010-02-10T02:00:00","guid":{"rendered":"https:\/\/www.cnbb.org.br\/mutiroes-de-comunicacao\/"},"modified":"2010-02-10T00:00:00","modified_gmt":"2010-02-10T02:00:00","slug":"mutiroes-de-comunicacao","status":"publish","type":"post","link":"https:\/\/www.cnbb.org.br\/mutiroes-de-comunicacao\/","title":{"rendered":"Mutir\u00f5es de Comunica\u00e7\u00e3o"},"content":{"rendered":"<p style=\"text-align: justify\">Nesta semana dois grandes encontros est\u00e3o acontecendo, promovendo reflex\u00f5es e conclus\u00f5es para a nossa caminhada de Igreja. Um deles ocorre em Itaici, munic\u00edpio de Indaiatuba, Estado de S\u00e3o Paulo: o Encontro Nacional de Presb\u00edteros. Este encontro re\u00fane os representantes dos presb\u00edteros de todo o pa\u00eds para viverem alguns dias em fraternidade e se colocarem \u00e0 escuta do Esp\u00edrito Santo para melhor viverem a voca\u00e7\u00e3o que um dia assumiram, procurando assim servir melhor a Deus e a Seu povo.<\/p>\n<p>  <!--more-->  <\/p>\n<p style=\"text-align: justify\">Outro encontro \u00e9 o Mutir\u00e3o de Comunica\u00e7\u00e3o. Congrega pessoas interessadas em aprofundar o tema sobre comunica\u00e7\u00e3o e assim acolher o chamado de Deus para que consigamos responder aos apelos de Deus hoje, diante dos desafios que a mudan\u00e7a de \u00e9poca nos imp\u00f5e. \u00c9 sobre este assunto que nos deteremos hoje, pois \u00e9 onde me encontro participando, devido \u00e0 minha fun\u00e7\u00e3o em nossa Confer\u00eancia Episcopal.<\/p>\n<p style=\"text-align: justify\">Os mutir\u00f5es, em seu formato atual, foram iniciados pela iniciativa do Setor Comunica\u00e7\u00e3o da CNBB, hoje Comiss\u00e3o Episcopal para a Cultura, Educa\u00e7\u00e3o e Comunica\u00e7\u00e3o Social, em 1998, em Belo Horizonte, sucedendo aos encontros anteriores promovidos pela ent\u00e3o UCBC \u2013 Uni\u00e3o Crist\u00e3 Brasileira de Comunica\u00e7\u00e3o Social.<\/p>\n<p style=\"text-align: justify\">Normalmente eles acontecem a cada dois anos e sempre em cidades e regi\u00f5es diferentes do nosso pa\u00eds. A edi\u00e7\u00e3o atual \u00e9 a sexta, pois j\u00e1 tivemos mutir\u00f5es em Belo Horizonte, S\u00e3o Paulo, Salvador, Guarapari e Bel\u00e9m. O atual acontece em Porto Alegre. Os pr\u00f3ximos est\u00e3o previstos para o Rio de Janeiro (julho de 2011) e Fortaleza (2013).<\/p>\n<p style=\"text-align: justify\">Neste encontro de Porto Alegre est\u00e1 presente o presidente do Pontif\u00edcio Conselho para as Comunica\u00e7\u00f5es Sociais, D. Cl\u00e1udio Maria Celli. Tamb\u00e9m aqui no Rio Grande do Sul, que tem uma especial voca\u00e7\u00e3o de di\u00e1logo com a fronteira latino-americana, o Mutir\u00e3o tornou-se latino- americano e caribenho, pois se uniu com uma outra iniciativa mais recente que ocorre na America Latina patrocinado pela Organiza\u00e7\u00e3o Cat\u00f3lica Latino Americana e Caribenha de Comunica\u00e7\u00e3o (OCLACC), que s\u00e3o os Congressos de Comunica\u00e7\u00e3o Latino Americanos. Desta forma estamos vivendo aqui o Mutir\u00e3o de Comunica\u00e7\u00e3o da Am\u00e9rica Latina e Caribe.<\/p>\n<p style=\"text-align: justify\">Previsto para julho do ano passado, ele foi transferido para esta data devido aos problemas com o surto de gripe surgido na \u00e9poca. Temos participantes de muitos pa\u00edses da Am\u00e9rica Latina e Caribe al\u00e9m de v\u00e1rias partes do Brasil, mas a maioria dos membros do encontro \u00e9 mesmo do Rio Grande do Sul e arredores.<\/p>\n<p style=\"text-align: justify\">Ali\u00e1s, esta \u00e9 uma caracter\u00edstica dos Mutir\u00f5es: al\u00e9m de servir de reflex\u00e3o para todos os interessados em comunica\u00e7\u00e3o, serve tamb\u00e9m para animar a Igreja local com rela\u00e7\u00e3o ao trabalho da Pastoral de Comunica\u00e7\u00e3o e uma boa utiliza\u00e7\u00e3o dos meios de comunica\u00e7\u00e3o.<\/p>\n<p style=\"text-align: justify\">Cada mutir\u00e3o desenvolve, al\u00e9m de oficinas, grupos de trabalhos, semin\u00e1rios, exposi\u00e7\u00f5es e artes culturais, um tema de fundo para nortear os trabalhos, que s\u00e3o aprofundados nas confer\u00eancias centrais do encontro. O atual mutir\u00e3o est\u00e1 aprofundando o tema: processos de comunica\u00e7\u00e3o e cultura solid\u00e1ria. Ali\u00e1s, todos os mutir\u00f5es sempre discutiram o tema mais ou menos sempre ligado ao processo de comunica\u00e7\u00e3o, antes mesmo da quest\u00e3o da utiliza\u00e7\u00e3o da m\u00eddia e a grande preocupa\u00e7\u00e3o com a nossa responsabilidade social, de maneira especial com a paz e a solidariedade.<\/p>\n<p style=\"text-align: justify\">O pr\u00f3ximo mutir\u00e3o em julho de 2011 acontecer\u00e1 em nossa Arquidiocese, ser\u00e1 acolhido pelo Regional Leste 1 e ter\u00e1 como local central a Pontif\u00edcia Universidade Cat\u00f3lica do Rio de Janeiro. Ser\u00e1 uma \u00f3tima oportunidade para, ao comemorarmos os 80 anos da inaugura\u00e7\u00e3o da imagem do Cristo Redentor no alto do Corcovado, acolher os irm\u00e3os e irm\u00e3s do Brasil em nossa cidade e proporcionarmos aos interessados em comunica\u00e7\u00e3o de nosso regional e arredores um momento de aprofundamento e entusiasmo com a miss\u00e3o da Igreja de evangelizar, que significa comunicar uma boa not\u00edcia, ajudando tamb\u00e9m na reflex\u00e3o dos profissionais da comunica\u00e7\u00e3o no discernimento da importante miss\u00e3o que exercem. Desde j\u00e1 come\u00e7a a nossa prepara\u00e7\u00e3o para esse evento.<\/p>\n<h4 style=\"text-align: right\">D. Orani Jo\u00e3o Tempesta, O. Cist.<\/h4>\n","protected":false},"excerpt":{"rendered":"<p>Nesta semana dois grandes encontros est\u00e3o acontecendo, promovendo reflex\u00f5es e conclus\u00f5es para a nossa caminhada de Igreja. Um deles ocorre em Itaici, munic\u00edpio de Indaiatuba, Estado de S\u00e3o Paulo: o Encontro Nacional de Presb\u00edteros. Este encontro re\u00fane os representantes dos presb\u00edteros de todo o pa\u00eds para viverem alguns dias em fraternidade e se colocarem \u00e0 &hellip;<\/p>\n<p class=\"read-more\"> <a class=\"\" href=\"https:\/\/www.cnbb.org.br\/mutiroes-de-comunicacao\/\"> <span class=\"screen-reader-text\">Mutir\u00f5es de Comunica\u00e7\u00e3o<\/span> Leia mais &raquo;<\/a><\/p>\n","protected":false},"author":83,"featured_media":0,"comment_status":"open","ping_status":"open","sticky":false,"template":"","format":"standard","meta":{"site-sidebar-layout":"default","site-content-layout":"default","ast-global-header-display":"","ast-banner-title-visibility":"","ast-main-header-display":"","ast-hfb-above-header-display":"","ast-hfb-below-header-display":"","ast-hfb-mobile-header-display":"","site-post-title":"","ast-breadcrumbs-content":"","ast-featured-img":"","footer-sml-layout":"","theme-transparent-header-meta":"","adv-header-id-meta":"","stick-header-meta":"","header-above-stick-meta":"","header-main-stick-meta":"","header-below-stick-meta":""},"categories":[1],"tags":[],"acf":[],"_links":{"self":[{"href":"https:\/\/www.cnbb.org.br\/cnbb-app\/wp\/v2\/posts\/14733"}],"collection":[{"href":"https:\/\/www.cnbb.org.br\/cnbb-app\/wp\/v2\/posts"}],"about":[{"href":"https:\/\/www.cnbb.org.br\/cnbb-app\/wp\/v2\/types\/post"}],"author":[{"embeddable":true,"href":"https:\/\/www.cnbb.org.br\/cnbb-app\/wp\/v2\/users\/83"}],"replies":[{"embeddable":true,"href":"https:\/\/www.cnbb.org.br\/cnbb-app\/wp\/v2\/comments?post=14733"}],"version-history":[{"count":0,"href":"https:\/\/www.cnbb.org.br\/cnbb-app\/wp\/v2\/posts\/14733\/revisions"}],"wp:attachment":[{"href":"https:\/\/www.cnbb.org.br\/cnbb-app\/wp\/v2\/media?parent=14733"}],"wp:term":[{"taxonomy":"category","embeddable":true,"href":"https:\/\/www.cnbb.org.br\/cnbb-app\/wp\/v2\/categories?post=14733"},{"taxonomy":"post_tag","embeddable":true,"href":"https:\/\/www.cnbb.org.br\/cnbb-app\/wp\/v2\/tags?post=14733"}],"curies":[{"name":"wp","href":"https:\/\/api.w.org\/{rel}","templated":true}]}}