{"id":14739,"date":"2010-03-02T00:00:00","date_gmt":"2010-03-02T03:00:00","guid":{"rendered":"https:\/\/www.cnbb.org.br\/regional-leste-2-realiza-encontro-de-articulacao-da-pastoral-da-comunicacao\/"},"modified":"2020-04-19T17:26:55","modified_gmt":"2020-04-19T20:26:55","slug":"regional-leste-2-realiza-encontro-de-articulacao-da-pastoral-da-comunicacao","status":"publish","type":"post","link":"https:\/\/www.cnbb.org.br\/regional-leste-2-realiza-encontro-de-articulacao-da-pastoral-da-comunicacao\/","title":{"rendered":"Regional Leste 2 realiza encontro de articula\u00e7\u00e3o da Pastoral da Comunica\u00e7\u00e3o"},"content":{"rendered":"<p style=\"text-align: justify\">Com a finalidade de articular e animar a Pastoral da Comunica\u00e7\u00e3o (Pascom) nas\u00a0 (arqui) dioceses, o Regional Leste 2 da CNBB (Minas Gerais e Esp\u00edrito Santo) promove no\u00a0 dia 15, na Casa de Retiro das Irm\u00e3s Sacramentinas, em Belo Horizonte, o\u00a0 I Encontro Regional da Pastoral da Comunica\u00e7\u00e3o . Trata-se de um momento de forma\u00e7\u00e3o, uma oportunidade para entender melhor o que \u00e9 a Pascom e como\u00a0 articul\u00e1-la de forma concreta.<\/p>\n<p><!--more--><\/p>\n<p style=\"text-align: justify\">A forma\u00e7\u00e3o ficar\u00e1 a cargo da assessora de comunica\u00e7\u00e3o social da CNBB e mestra em comunica\u00e7\u00e3o pela ECA\/USP, irm\u00e3 \u00c9lide Fogolari, com destaque para o relato de suas experi\u00eancias e reflex\u00f5es sobre a a\u00e7\u00e3o da Pastoral da Comunica\u00e7\u00e3o na atualidade, presentes no livro\u00a0 \u201cNovas Fronteiras da Pastoral da Comunica\u00e7\u00e3o\u201d.<\/p>\n<p style=\"text-align: justify\">Al\u00e9m de entender o trabalho das Pascom, o I Encontro Regional da Pastoral da Comunica\u00e7\u00e3o pretende fortalecer\u00a0 os la\u00e7os dos profissionais que trabalham na \u00e1rea de comunica\u00e7\u00e3o das (arqui) dioceses do Regional. Para tanto, podem participar do encontro os coordenadores da Pastoral da Comunica\u00e7\u00e3o, ou mesmo aquelas pessoas que t\u00eam afinidade com o tema \u201cComunica\u00e7\u00e3o\u201d e que, por isso, podem ser futuros animadores da Pascom.<\/p>\n<p style=\"text-align: justify\">A casa de Retiro das Irm\u00e3s Sacramentinas est\u00e1 situada \u00e0 rua\u00a0 Madre Beatriz Frambach, 84, bairro Dom Cabral, pr\u00f3ximo ao campus da PUC Cora\u00e7\u00e3o Eucar\u00edstico &#8211; Belo Horizonte (MG).<\/p>\n<p style=\"text-align: justify\">Outras informa\u00e7\u00f5es pelo telefone (31)3224-2434 ou pelo e-mail: comunicacao@cnbbleste2.org.br<\/p>\n","protected":false},"excerpt":{"rendered":"<p>Com a finalidade de articular e animar a Pastoral da Comunica\u00e7\u00e3o (Pascom) nas\u00a0 (arqui) dioceses, o Regional Leste 2 da CNBB (Minas Gerais e Esp\u00edrito Santo) promove no\u00a0 dia 15, na Casa de Retiro das Irm\u00e3s Sacramentinas, em Belo Horizonte, o\u00a0 I Encontro Regional da Pastoral da Comunica\u00e7\u00e3o . Trata-se de um momento de forma\u00e7\u00e3o, &hellip;<\/p>\n<p class=\"read-more\"> <a class=\"\" href=\"https:\/\/www.cnbb.org.br\/regional-leste-2-realiza-encontro-de-articulacao-da-pastoral-da-comunicacao\/\"> <span class=\"screen-reader-text\">Regional Leste 2 realiza encontro de articula\u00e7\u00e3o da Pastoral da Comunica\u00e7\u00e3o<\/span> Leia mais &raquo;<\/a><\/p>\n","protected":false},"author":83,"featured_media":14740,"comment_status":"open","ping_status":"open","sticky":false,"template":"","format":"standard","meta":{"site-sidebar-layout":"default","site-content-layout":"default","ast-global-header-display":"","ast-banner-title-visibility":"","ast-main-header-display":"","ast-hfb-above-header-display":"","ast-hfb-below-header-display":"","ast-hfb-mobile-header-display":"","site-post-title":"","ast-breadcrumbs-content":"","ast-featured-img":"","footer-sml-layout":"","theme-transparent-header-meta":"","adv-header-id-meta":"","stick-header-meta":"","header-above-stick-meta":"","header-main-stick-meta":"","header-below-stick-meta":""},"categories":[878,1],"tags":[],"acf":[],"_links":{"self":[{"href":"https:\/\/www.cnbb.org.br\/cnbb-app\/wp\/v2\/posts\/14739"}],"collection":[{"href":"https:\/\/www.cnbb.org.br\/cnbb-app\/wp\/v2\/posts"}],"about":[{"href":"https:\/\/www.cnbb.org.br\/cnbb-app\/wp\/v2\/types\/post"}],"author":[{"embeddable":true,"href":"https:\/\/www.cnbb.org.br\/cnbb-app\/wp\/v2\/users\/83"}],"replies":[{"embeddable":true,"href":"https:\/\/www.cnbb.org.br\/cnbb-app\/wp\/v2\/comments?post=14739"}],"version-history":[{"count":0,"href":"https:\/\/www.cnbb.org.br\/cnbb-app\/wp\/v2\/posts\/14739\/revisions"}],"wp:featuredmedia":[{"embeddable":true,"href":"https:\/\/www.cnbb.org.br\/cnbb-app\/wp\/v2\/media\/14740"}],"wp:attachment":[{"href":"https:\/\/www.cnbb.org.br\/cnbb-app\/wp\/v2\/media?parent=14739"}],"wp:term":[{"taxonomy":"category","embeddable":true,"href":"https:\/\/www.cnbb.org.br\/cnbb-app\/wp\/v2\/categories?post=14739"},{"taxonomy":"post_tag","embeddable":true,"href":"https:\/\/www.cnbb.org.br\/cnbb-app\/wp\/v2\/tags?post=14739"}],"curies":[{"name":"wp","href":"https:\/\/api.w.org\/{rel}","templated":true}]}}