{"id":14745,"date":"2010-03-08T00:00:00","date_gmt":"2010-03-08T03:00:00","guid":{"rendered":"https:\/\/www.cnbb.org.br\/diocese-de-novo-hamburgo-abre-inscricoes-para-curso-comunicacao-na-igrejaq\/"},"modified":"2010-03-08T00:00:00","modified_gmt":"2010-03-08T03:00:00","slug":"diocese-de-novo-hamburgo-abre-inscricoes-para-curso-comunicacao-na-igrejaq","status":"publish","type":"post","link":"https:\/\/www.cnbb.org.br\/diocese-de-novo-hamburgo-abre-inscricoes-para-curso-comunicacao-na-igrejaq\/","title":{"rendered":"Diocese de Novo Hamburgo abre inscri\u00e7\u00f5es para curso \u201cComunica\u00e7\u00e3o na Igreja&#8221;"},"content":{"rendered":"<p style=\"text-align: justify\">Motivados pelas reflex\u00f5es e di\u00e1logos realizados durante o Mutir\u00e3o de Comunica\u00e7\u00e3o Am\u00e9rica Latina e Caribe (Muticom), a Pastoral da Comunica\u00e7\u00e3o (Pascom) da diocese de Novo Hamburgo (RS), em parceria com as Faculdades Integradas de Taquara (FACCAT), promove, entre mar\u00e7o e novembro de 2010, o curso \u201cComunica\u00e7\u00e3o na Igreja&#8221;. O curso integra o programa de forma\u00e7\u00e3o de Novo Hamburgo e, conforme os demais cursos ser\u00e1 realizado no Centro de Pastoral da Mitra Diocesana, toda ter\u00e7a-feira.<\/p>\n<p><!--more--><\/p>\n<p style=\"text-align: justify\">De acordo com a assessora de imprensa da diocese, a jornalista Dorcelina Gomes, o objetivo dessa iniciativa \u00e9 capacitar pessoas das diferentes comunidades da diocese e o p\u00fablico em geral para a utiliza\u00e7\u00e3o das diversas linguagens de comunica\u00e7\u00e3o. \u201cTamb\u00e9m desejamos formar agentes pastorais para a implanta\u00e7\u00e3o da Pascom paroquial e qualificar a evangeliza\u00e7\u00e3o atrav\u00e9s dos meios de comunica\u00e7\u00e3o social\u201d, enfatiza a jornalista que esteve presente no Muticom, realizado na PUCRS entre os dias 03 e 07 de fevereiro.<\/p>\n<p style=\"text-align: justify\">O curso ser\u00e1 subdividido em 34 encontros e contempla as seguintes \u00e1reas da comunica\u00e7\u00e3o: teologia da comunica\u00e7\u00e3o, r\u00e1dio, m\u00eddia imprensa, comunica\u00e7\u00e3o visual, audiovisual, fotografia, m\u00eddias digitais e redes sociais. Entre os assessores est\u00e3o nomes como: padre Ramiro Mincato, padre Att\u00edlio Hartmann, Elton Bozzetto, S\u00f4nia Monta\u00f1o, Carlos Jahn e Tiago Greff.<\/p>\n<p style=\"text-align: justify\">As inscri\u00e7\u00f5es est\u00e3o abertas e podem ser realizadas nas secretarias paroquiais e no bispado. Outras informa\u00e7\u00f5es podem ser obtidas pelos endere\u00e7os diocesano@mitranh.org.br ou dorce.dorce@hotmail.com, ou ainda pelo telefone (51) 3066.1755 \u2013 Ramal 230.<\/p>\n<p style=\"text-align: justify\">Imagem: Divulga\u00e7\u00e3o<\/p>\n","protected":false},"excerpt":{"rendered":"<p>Motivados pelas reflex\u00f5es e di\u00e1logos realizados durante o Mutir\u00e3o de Comunica\u00e7\u00e3o Am\u00e9rica Latina e Caribe (Muticom), a Pastoral da Comunica\u00e7\u00e3o (Pascom) da diocese de Novo Hamburgo (RS), em parceria com as Faculdades Integradas de Taquara (FACCAT), promove, entre mar\u00e7o e novembro de 2010, o curso \u201cComunica\u00e7\u00e3o na Igreja&#8221;. O curso integra o programa de forma\u00e7\u00e3o &hellip;<\/p>\n<p class=\"read-more\"> <a class=\"\" href=\"https:\/\/www.cnbb.org.br\/diocese-de-novo-hamburgo-abre-inscricoes-para-curso-comunicacao-na-igrejaq\/\"> <span class=\"screen-reader-text\">Diocese de Novo Hamburgo abre inscri\u00e7\u00f5es para curso \u201cComunica\u00e7\u00e3o na Igreja&#8221;<\/span> Leia mais &raquo;<\/a><\/p>\n","protected":false},"author":83,"featured_media":14746,"comment_status":"open","ping_status":"open","sticky":false,"template":"","format":"standard","meta":{"site-sidebar-layout":"default","site-content-layout":"default","ast-global-header-display":"","ast-banner-title-visibility":"","ast-main-header-display":"","ast-hfb-above-header-display":"","ast-hfb-below-header-display":"","ast-hfb-mobile-header-display":"","site-post-title":"","ast-breadcrumbs-content":"","ast-featured-img":"","footer-sml-layout":"","theme-transparent-header-meta":"","adv-header-id-meta":"","stick-header-meta":"","header-above-stick-meta":"","header-main-stick-meta":"","header-below-stick-meta":""},"categories":[1],"tags":[],"acf":[],"_links":{"self":[{"href":"https:\/\/www.cnbb.org.br\/cnbb-app\/wp\/v2\/posts\/14745"}],"collection":[{"href":"https:\/\/www.cnbb.org.br\/cnbb-app\/wp\/v2\/posts"}],"about":[{"href":"https:\/\/www.cnbb.org.br\/cnbb-app\/wp\/v2\/types\/post"}],"author":[{"embeddable":true,"href":"https:\/\/www.cnbb.org.br\/cnbb-app\/wp\/v2\/users\/83"}],"replies":[{"embeddable":true,"href":"https:\/\/www.cnbb.org.br\/cnbb-app\/wp\/v2\/comments?post=14745"}],"version-history":[{"count":0,"href":"https:\/\/www.cnbb.org.br\/cnbb-app\/wp\/v2\/posts\/14745\/revisions"}],"wp:featuredmedia":[{"embeddable":true,"href":"https:\/\/www.cnbb.org.br\/cnbb-app\/wp\/v2\/media\/14746"}],"wp:attachment":[{"href":"https:\/\/www.cnbb.org.br\/cnbb-app\/wp\/v2\/media?parent=14745"}],"wp:term":[{"taxonomy":"category","embeddable":true,"href":"https:\/\/www.cnbb.org.br\/cnbb-app\/wp\/v2\/categories?post=14745"},{"taxonomy":"post_tag","embeddable":true,"href":"https:\/\/www.cnbb.org.br\/cnbb-app\/wp\/v2\/tags?post=14745"}],"curies":[{"name":"wp","href":"https:\/\/api.w.org\/{rel}","templated":true}]}}