{"id":14754,"date":"2008-01-01T00:00:00","date_gmt":"2008-01-01T02:00:00","guid":{"rendered":"https:\/\/www.cnbb.org.br\/quem-somos-comunicacao\/"},"modified":"2008-01-01T00:00:00","modified_gmt":"2008-01-01T02:00:00","slug":"quem-somos-comunicacao","status":"publish","type":"post","link":"https:\/\/www.cnbb.org.br\/quem-somos-comunicacao\/","title":{"rendered":"Quem Somos: Comunica\u00e7\u00e3o"},"content":{"rendered":"<p style=\"text-align: justify\">A comunica\u00e7\u00e3o social da CNBB tem por objetivo animar e articular a comunica\u00e7\u00e3o na Igreja do Brasil, com os meios e os processos de comunica\u00e7\u00e3o, tendo presente a cultura e as linguagens geradas pela revolu\u00e7\u00e3o das novas tecnologias que constituem o novo are\u00f3pago para an\u00fancio do Reino de Deus a todos os povos.<\/p>\n<p><!--more--><\/p>\n<h4 style=\"text-align: justify\">\u00c1reas de atua\u00e7\u00e3o da comunica\u00e7\u00e3o social da CNBB<\/h4>\n<ul>\n<li>Articula\u00e7\u00e3o e anima\u00e7\u00e3o da PASCOM nos Regionais, Dioceses e Prelazias para a capacita\u00e7\u00e3o, organiza\u00e7\u00e3o e fortalecimento da comunica\u00e7\u00e3o na Igreja do Brasil.<\/li>\n<li>Promo\u00e7\u00e3o e divulga\u00e7\u00e3o dos Pr\u00eamios de Comunica\u00e7\u00e3o da CNBB concedidos aos profissionais de imprensa, cinema, r\u00e1dio e televis\u00e3o.<\/li>\n<li>Divulgar o Dia Mundial das Comunica\u00e7\u00f5es para um aprofundamento e reflex\u00e3o sobre a comunica\u00e7\u00e3o a partir do tema promulgado pelo Papa.<\/li>\n<li>Articula\u00e7\u00e3o e apoio para a realiza\u00e7\u00e3o do Mutir\u00e3o Nacional Regional e Diocesano de comunica\u00e7\u00e3o.<\/li>\n<li>Realiza\u00e7\u00e3o de 04 encontros anuais com os Diretores e produtores das TVs de inspira\u00e7\u00e3o cat\u00f3lica.<\/li>\n<li>Realiza\u00e7\u00e3o de 04 encontros anuais com a equipe de \u201cReflex\u00e3o de Comunica\u00e7\u00e3o da CNBB\u201d constitu\u00edda por pesquisadores e profissionais da comunica\u00e7\u00e3o.<\/li>\n<li>Apoio e articula\u00e7\u00e3o a Associa\u00e7\u00e3o Cat\u00f3lica Mundial para a Comunica\u00e7\u00e3o \u2013 SIGNIS. Uma Associa\u00e7\u00e3o p\u00fablica, n\u00e3o governamental, constitu\u00edda por profissionais de r\u00e1dio, cinema, televis\u00e3o, internet e educa\u00e7\u00e3o para os meios e conta com a presen\u00e7a de mais de 130 pa\u00edses<\/li>\n<li>Acompanhar a produ\u00e7\u00e3o dos spots da Campanha da Fraternidade e Evangeliza\u00e7\u00e3o e a divulga\u00e7\u00e3o nas TVs e Emissoras de R\u00e1dio comerciais e cat\u00f3licas.<\/li>\n<li>Produ\u00e7\u00e3o e edi\u00e7\u00e3o do Diret\u00f3rio de Comunica\u00e7\u00e3o que se encontro em fase de elabora\u00e7\u00e3o por uma equipe de especialistas em comunica\u00e7\u00e3o e teologia.<\/li>\n<li>Participar de encontros e realiza\u00e7\u00e3o de projetos das Pol\u00edticas de Inform\u00e1tica da CNBB.<\/li>\n<\/ul>\n<p>&nbsp;<\/p>\n<h2>Organiza\u00e7\u00e3o da Comiss\u00e3o<\/h2>\n<div style=\"line-height: 20px\">\n<h5>Organismos Vinculados:<\/h5>\n<p><a href=\"http:\/\/www.anec.org.br\/\" target=\"_blank\" rel=\"noopener noreferrer\">ANEC<\/a> &#8211; <a href=\"http:\/\/www.meb.org.br\/\" target=\"_blank\" rel=\"noopener noreferrer\">MEB<\/a> &#8211; OCIC &#8211; RCI &#8211; <a href=\"http:\/\/www.rcrunda.com.br\/\" target=\"_blank\" rel=\"noopener\">RCR<\/a> &#8211; <a href=\"http:\/\/www.signis.net\/\" target=\"_blank\" rel=\"noopener noreferrer\">SIGNIS<\/a> &#8211; <a href=\"http:\/\/www.rcrunda.com.br\/\" target=\"_blank\" rel=\"noopener noreferrer\">UNDA<\/a><\/div>\n","protected":false},"excerpt":{"rendered":"<p>A comunica\u00e7\u00e3o social da CNBB tem por objetivo animar e articular a comunica\u00e7\u00e3o na Igreja do Brasil, com os meios e os processos de comunica\u00e7\u00e3o, tendo presente a cultura e as linguagens geradas pela revolu\u00e7\u00e3o das novas tecnologias que constituem o novo are\u00f3pago para an\u00fancio do Reino de Deus a todos os povos.<\/p>\n","protected":false},"author":83,"featured_media":0,"comment_status":"open","ping_status":"open","sticky":false,"template":"","format":"standard","meta":{"site-sidebar-layout":"default","site-content-layout":"default","ast-global-header-display":"","ast-banner-title-visibility":"","ast-main-header-display":"","ast-hfb-above-header-display":"","ast-hfb-below-header-display":"","ast-hfb-mobile-header-display":"","site-post-title":"","ast-breadcrumbs-content":"","ast-featured-img":"","footer-sml-layout":"","theme-transparent-header-meta":"","adv-header-id-meta":"","stick-header-meta":"","header-above-stick-meta":"","header-main-stick-meta":"","header-below-stick-meta":""},"categories":[1],"tags":[],"acf":[],"_links":{"self":[{"href":"https:\/\/www.cnbb.org.br\/cnbb-app\/wp\/v2\/posts\/14754"}],"collection":[{"href":"https:\/\/www.cnbb.org.br\/cnbb-app\/wp\/v2\/posts"}],"about":[{"href":"https:\/\/www.cnbb.org.br\/cnbb-app\/wp\/v2\/types\/post"}],"author":[{"embeddable":true,"href":"https:\/\/www.cnbb.org.br\/cnbb-app\/wp\/v2\/users\/83"}],"replies":[{"embeddable":true,"href":"https:\/\/www.cnbb.org.br\/cnbb-app\/wp\/v2\/comments?post=14754"}],"version-history":[{"count":0,"href":"https:\/\/www.cnbb.org.br\/cnbb-app\/wp\/v2\/posts\/14754\/revisions"}],"wp:attachment":[{"href":"https:\/\/www.cnbb.org.br\/cnbb-app\/wp\/v2\/media?parent=14754"}],"wp:term":[{"taxonomy":"category","embeddable":true,"href":"https:\/\/www.cnbb.org.br\/cnbb-app\/wp\/v2\/categories?post=14754"},{"taxonomy":"post_tag","embeddable":true,"href":"https:\/\/www.cnbb.org.br\/cnbb-app\/wp\/v2\/tags?post=14754"}],"curies":[{"name":"wp","href":"https:\/\/api.w.org\/{rel}","templated":true}]}}