{"id":14757,"date":"2010-04-07T00:00:00","date_gmt":"2010-04-07T03:00:00","guid":{"rendered":"https:\/\/www.cnbb.org.br\/encontro-nacional-da-pascom-acontece-em-julho\/"},"modified":"2020-04-19T17:26:55","modified_gmt":"2020-04-19T20:26:55","slug":"encontro-nacional-da-pascom-acontece-em-julho","status":"publish","type":"post","link":"https:\/\/www.cnbb.org.br\/encontro-nacional-da-pascom-acontece-em-julho\/","title":{"rendered":"Encontro Nacional da Pascom acontece em julho"},"content":{"rendered":"<p style=\"text-align: justify\">A partir do dia 21 de julho, se estendendo at\u00e9 o dia 24, o setor de Comunica\u00e7\u00e3o Social da Confer\u00eancia Nacional dos Bispos do Brasil (CNBB), realiza, em Aparecida (SP), o Encontro Nacional da Pastoral da Comunica\u00e7\u00e3o. Segundo a assessora do Setor e organizadora do evento, irm\u00e3 Elide Fogolari, cerca de 300 pessoas devem participar do encontro este ano. Al\u00e9m de leigos, comunicadores profissionais e volunt\u00e1rios da Pastoral da Comunica\u00e7\u00e3o (Pascom), o evento contar\u00e1 tamb\u00e9m com a participa\u00e7\u00e3o de bispos respons\u00e1veis pela comunica\u00e7\u00e3o e coordenadores regionais, diocesanos e paroquiais da Pascom. Podem ainda participara do Encontro Nacional, sacerdotes, religiosos, seminaristas e leigos que desejam refletir, pensar e planejar a comunica\u00e7\u00e3o para anunciar a Boa Nova de Jesus Cristo a todos.<\/p>\n<p><!--more--><\/p>\n<p style=\"text-align: justify\">\u201cO evento tem por objetivo animar e motivar a Pascom da Igreja no Brasil, tendo presente a cultura gerada pelas novas tecnologias que constituem o novo cen\u00e1rio para o an\u00fancio do Reino de Deus a todos os povos\u201d, diz a assessora.<\/p>\n<p>&nbsp;<\/p>\n<p style=\"text-align: center\">\n<p style=\"text-align: justify\">Irm\u00e3 Elide acrescenta tamb\u00e9m que os quatro dias de atividades ser\u00e3o intensos. \u201cAl\u00e9m dos pain\u00e9is, semin\u00e1rios, trocas de experi\u00eancias, teremos dois grandes eventos \u00e0 noite: o primeiro ser\u00e1 um grande show que a TV Aparecida vai nos brindar com a grava\u00e7\u00e3o do programa \u2018Terra da Padroeira\u2019. O segundo momento ser\u00e1 a entrega dos Pr\u00eamios de Comunica\u00e7\u00e3o da CNBB que ser\u00e1 transmitido, ao vivo, pelas TVs de inspira\u00e7\u00e3o cat\u00f3lica\u201d, antecipou.<\/p>\n<p style=\"text-align: justify\">Durante o encontro, os participantes ir\u00e3o assistir palestras voltadas para sua \u00e1rea de atua\u00e7\u00e3o, e sobre as novas tecnologias da informa\u00e7\u00e3o. Logo no primeiro dia, na palestra de abertura, ser\u00e1 debatido o tema \u201cIgreja e comunica\u00e7\u00e3o: desafios e necessidades\u201d, assessorada pelo arcebispo do Rio de Janeiro e presidente da Comiss\u00e3o Episcopal para a Educa\u00e7\u00e3o, Cultura e Comunica\u00e7\u00e3o Social da CNBB, dom Orani Jo\u00e3o Tempesta. No segundo dia, ter\u00e3o espa\u00e7o, discuss\u00f5es em torno das \u201cNovas tecnologias e novas m\u00eddias: inclus\u00e3o e exclus\u00e3o digital\u201d; \u201cTelevis\u00e3o: sua inser\u00e7\u00e3o no cotidiano dos indiv\u00edduos\u201d; \u201cR\u00e1dio: a arte de falar e ouvir\u201d; \u201cTelenovela: cria\u00e7\u00e3o, produ\u00e7\u00e3o e apresenta\u00e7\u00e3o\u201d; \u201cTelenovela: a arte e a representa\u00e7\u00e3o\u201d. Os temas ligados a novelas ter\u00e3o a assessoria de atores renomados, com Ta\u00eds Ara\u00fajo e Eriberto Le\u00e3o, da Rede Globo.<\/p>\n<p style=\"text-align: justify\">No dia 23, as tem\u00e1ticas voltadas para a internet e as novas m\u00eddias sociais ser\u00e3o apresentadas e discutidas a partir de temas como \u201cInternet: porta de entrada para a evangeliza\u00e7\u00e3o no mundo globalizado\u201d; \u201cweb: novas ferramentas do mundo digital para constituir rede na Igreja do Brasil\u201d e \u201cweb: ferramentas de forma\u00e7\u00e3o e qualifica\u00e7\u00e3o para os agentes de pastoral\u201d.<\/p>\n<p style=\"text-align: justify\">O secret\u00e1rio geral da CNBB, dom Dimas Lara Barbosa, tem uma r\u00e1pida participa\u00e7\u00e3o no evento, no s\u00e1bado, 24. Ele vai colaborar com uma reflex\u00e3o sobre as \u201cPol\u00edticas de Comunica\u00e7\u00e3o na CNBB\u201d.<\/p>\n<h4 style=\"text-align: justify\">Confira tamb\u00e9m:<\/h4>\n<ul>\n<li><strong><a href=\"http:\/\/cnbbjoomla.sitesparresia.com\/wp-content\/uploads\/sites\/85\/2010\/04\/cartaencontronacpascom2010.pdf\" target=\"_blank\" rel=\"noopener noreferrer\">Carta do Setor Comunica\u00e7\u00e3o Social<\/a><\/strong><\/li>\n<li><strong><a href=\"http:\/\/cnbbjoomla.sitesparresia.com\/wp-content\/uploads\/sites\/85\/2010\/04\/fichainscricaoencontronacpascom2010.doc\" target=\"_blank\" rel=\"noopener noreferrer\">Ficha de Inscri\u00e7\u00e3o<\/a><\/strong><\/li>\n<li><strong><a href=\"http:\/\/cnbbjoomla.sitesparresia.com\/wp-content\/uploads\/sites\/85\/2010\/04\/folderencontronacpascom2010.pdf\" target=\"_blank\" rel=\"noopener noreferrer\">Folder do Encontro Nacional<\/a><\/strong><\/li>\n<\/ul>\n","protected":false},"excerpt":{"rendered":"<p>A partir do dia 21 de julho, se estendendo at\u00e9 o dia 24, o setor de Comunica\u00e7\u00e3o Social da Confer\u00eancia Nacional dos Bispos do Brasil (CNBB), realiza, em Aparecida (SP), o Encontro Nacional da Pastoral da Comunica\u00e7\u00e3o. Segundo a assessora do Setor e organizadora do evento, irm\u00e3 Elide Fogolari, cerca de 300 pessoas devem participar &hellip;<\/p>\n<p class=\"read-more\"> <a class=\"\" href=\"https:\/\/www.cnbb.org.br\/encontro-nacional-da-pascom-acontece-em-julho\/\"> <span class=\"screen-reader-text\">Encontro Nacional da Pascom acontece em julho<\/span> Leia mais &raquo;<\/a><\/p>\n","protected":false},"author":83,"featured_media":14758,"comment_status":"open","ping_status":"open","sticky":false,"template":"","format":"standard","meta":{"site-sidebar-layout":"default","site-content-layout":"default","ast-global-header-display":"","ast-banner-title-visibility":"","ast-main-header-display":"","ast-hfb-above-header-display":"","ast-hfb-below-header-display":"","ast-hfb-mobile-header-display":"","site-post-title":"","ast-breadcrumbs-content":"","ast-featured-img":"","footer-sml-layout":"","theme-transparent-header-meta":"","adv-header-id-meta":"","stick-header-meta":"","header-above-stick-meta":"","header-main-stick-meta":"","header-below-stick-meta":""},"categories":[878,1],"tags":[],"acf":[],"_links":{"self":[{"href":"https:\/\/www.cnbb.org.br\/cnbb-app\/wp\/v2\/posts\/14757"}],"collection":[{"href":"https:\/\/www.cnbb.org.br\/cnbb-app\/wp\/v2\/posts"}],"about":[{"href":"https:\/\/www.cnbb.org.br\/cnbb-app\/wp\/v2\/types\/post"}],"author":[{"embeddable":true,"href":"https:\/\/www.cnbb.org.br\/cnbb-app\/wp\/v2\/users\/83"}],"replies":[{"embeddable":true,"href":"https:\/\/www.cnbb.org.br\/cnbb-app\/wp\/v2\/comments?post=14757"}],"version-history":[{"count":0,"href":"https:\/\/www.cnbb.org.br\/cnbb-app\/wp\/v2\/posts\/14757\/revisions"}],"wp:featuredmedia":[{"embeddable":true,"href":"https:\/\/www.cnbb.org.br\/cnbb-app\/wp\/v2\/media\/14758"}],"wp:attachment":[{"href":"https:\/\/www.cnbb.org.br\/cnbb-app\/wp\/v2\/media?parent=14757"}],"wp:term":[{"taxonomy":"category","embeddable":true,"href":"https:\/\/www.cnbb.org.br\/cnbb-app\/wp\/v2\/categories?post=14757"},{"taxonomy":"post_tag","embeddable":true,"href":"https:\/\/www.cnbb.org.br\/cnbb-app\/wp\/v2\/tags?post=14757"}],"curies":[{"name":"wp","href":"https:\/\/api.w.org\/{rel}","templated":true}]}}