{"id":14759,"date":"2010-04-13T00:00:00","date_gmt":"2010-04-13T03:00:00","guid":{"rendered":"https:\/\/www.cnbb.org.br\/mutirao-motiva-a-articulacao-da-pastoral-da-comunicacao-na-diocese-de-colatina\/"},"modified":"2010-04-13T00:00:00","modified_gmt":"2010-04-13T03:00:00","slug":"mutirao-motiva-a-articulacao-da-pastoral-da-comunicacao-na-diocese-de-colatina","status":"publish","type":"post","link":"https:\/\/www.cnbb.org.br\/mutirao-motiva-a-articulacao-da-pastoral-da-comunicacao-na-diocese-de-colatina\/","title":{"rendered":"Mutir\u00e3o motiva a articula\u00e7\u00e3o da Pastoral da Comunica\u00e7\u00e3o em Colatina"},"content":{"rendered":"<p style=\"text-align: justify\">Cerca de 120 pessoas participaram do 1\u00ba Mutir\u00e3o Diocesano de Comunica\u00e7\u00e3o, que aconteceu em Ibira\u00e7u (ES), no \u00faltimo s\u00e1bado, 10. O evento contou com a participa\u00e7\u00e3o de aproximadamente 25 par\u00f3quias e organismos da diocese de Colatina. Tamb\u00e9m estiveram presentes pessoas vindas das vizinhas diocese de S\u00e3o Mateus e arquidiocese de Vit\u00f3ria, al\u00e9m da diocese de Eun\u00e1polis (BA).<\/p>\n<p><!--more--><\/p>\n<p style=\"text-align: justify\">O Mutir\u00e3o teve como tema \u201cComunica\u00e7\u00e3o e Igreja: para que todos tenham Vida\u201d. As duas grandes palestras do evento foram conduzidas pelo assessor de imprensa da Confer\u00eancia Nacional dos Bispos do Brasil (CNBB), padre Geraldo Martins.<\/p>\n<p style=\"text-align: justify\">Inicialmente, padre Geraldo falou sobre a comunica\u00e7\u00e3o em si, conceitos e novas tecnologias. Em seguida, ateve-se \u00e0 perspectiva da Igreja no que se refere \u00e0 evangeliza\u00e7\u00e3o. Finalmente, uniu essas duas dimens\u00f5es e mostrou, de forma bastante interativa, a rela\u00e7\u00e3o entre elas.<img decoding=\"async\" loading=\"lazy\" class=\" alignright size-full wp-image-3594\" style=\"float: right\" src=\"https:\/\/www.cnbb.org.br\/wp-content\/uploads\/2020\/03\/DSC_8762_.jpg\" alt=\"DSC_8762_\" width=\"328\" height=\"218\" \/><\/p>\n<p style=\"text-align: justify\">Segundo padre Geraldo, a Igreja sempre usou de forma estrat\u00e9gica a comunica\u00e7\u00e3o, seja por meio de cores, arte, canto ou por meio dos pr\u00f3prios documentos oficiais que, ao longo da hist\u00f3ria, reconheceram a comunica\u00e7\u00e3o como instrumento importante de evangeliza\u00e7\u00e3o.<\/p>\n<p style=\"text-align: justify\">Outro assunto tratado no Mutir\u00e3o foi a Pastoral da Comunica\u00e7\u00e3o (Pascom). Padre Geraldo juntamente com o bispo diocesano de Colatina, dom D\u00e9cio Sossai Zandonade mostraram de que forma a Pascom pode ser implantada nas par\u00f3quias.<\/p>\n<p style=\"text-align: justify\">Entre as confer\u00eancias, houve momentos de debate e tamb\u00e9m de partilha de experi\u00eancias.<\/p>\n<h4 style=\"text-align: justify\">Coordena\u00e7\u00e3o Diocesana da Pascom<\/h4>\n<p style=\"text-align: justify\">Um dos frutos mais expressivos do Mutir\u00e3o foi a forma\u00e7\u00e3o da Coordena\u00e7\u00e3o Diocesana da Pastoral da Comunica\u00e7\u00e3o. Reunidos em grupos, os participantes elegeram representantes para esta coordena\u00e7\u00e3o, que ter\u00e1 a miss\u00e3o de articular as pr\u00f3ximas a\u00e7\u00f5es voltadas para a comunica\u00e7\u00e3o na Diocese de Colatina. Esta coordena\u00e7\u00e3o vai se reunir, pela primeira vez, no dia 15 de maio.<\/p>\n","protected":false},"excerpt":{"rendered":"<p>Cerca de 120 pessoas participaram do 1\u00ba Mutir\u00e3o Diocesano de Comunica\u00e7\u00e3o, que aconteceu em Ibira\u00e7u (ES), no \u00faltimo s\u00e1bado, 10. O evento contou com a participa\u00e7\u00e3o de aproximadamente 25 par\u00f3quias e organismos da diocese de Colatina. Tamb\u00e9m estiveram presentes pessoas vindas das vizinhas diocese de S\u00e3o Mateus e arquidiocese de Vit\u00f3ria, al\u00e9m da diocese de &hellip;<\/p>\n<p class=\"read-more\"> <a class=\"\" href=\"https:\/\/www.cnbb.org.br\/mutirao-motiva-a-articulacao-da-pastoral-da-comunicacao-na-diocese-de-colatina\/\"> <span class=\"screen-reader-text\">Mutir\u00e3o motiva a articula\u00e7\u00e3o da Pastoral da Comunica\u00e7\u00e3o em Colatina<\/span> Leia mais &raquo;<\/a><\/p>\n","protected":false},"author":83,"featured_media":14760,"comment_status":"open","ping_status":"open","sticky":false,"template":"","format":"standard","meta":{"site-sidebar-layout":"default","site-content-layout":"default","ast-global-header-display":"","ast-banner-title-visibility":"","ast-main-header-display":"","ast-hfb-above-header-display":"","ast-hfb-below-header-display":"","ast-hfb-mobile-header-display":"","site-post-title":"","ast-breadcrumbs-content":"","ast-featured-img":"","footer-sml-layout":"","theme-transparent-header-meta":"","adv-header-id-meta":"","stick-header-meta":"","header-above-stick-meta":"","header-main-stick-meta":"","header-below-stick-meta":""},"categories":[1],"tags":[],"acf":[],"_links":{"self":[{"href":"https:\/\/www.cnbb.org.br\/cnbb-app\/wp\/v2\/posts\/14759"}],"collection":[{"href":"https:\/\/www.cnbb.org.br\/cnbb-app\/wp\/v2\/posts"}],"about":[{"href":"https:\/\/www.cnbb.org.br\/cnbb-app\/wp\/v2\/types\/post"}],"author":[{"embeddable":true,"href":"https:\/\/www.cnbb.org.br\/cnbb-app\/wp\/v2\/users\/83"}],"replies":[{"embeddable":true,"href":"https:\/\/www.cnbb.org.br\/cnbb-app\/wp\/v2\/comments?post=14759"}],"version-history":[{"count":0,"href":"https:\/\/www.cnbb.org.br\/cnbb-app\/wp\/v2\/posts\/14759\/revisions"}],"wp:featuredmedia":[{"embeddable":true,"href":"https:\/\/www.cnbb.org.br\/cnbb-app\/wp\/v2\/media\/14760"}],"wp:attachment":[{"href":"https:\/\/www.cnbb.org.br\/cnbb-app\/wp\/v2\/media?parent=14759"}],"wp:term":[{"taxonomy":"category","embeddable":true,"href":"https:\/\/www.cnbb.org.br\/cnbb-app\/wp\/v2\/categories?post=14759"},{"taxonomy":"post_tag","embeddable":true,"href":"https:\/\/www.cnbb.org.br\/cnbb-app\/wp\/v2\/tags?post=14759"}],"curies":[{"name":"wp","href":"https:\/\/api.w.org\/{rel}","templated":true}]}}