{"id":14763,"date":"2010-04-20T00:00:00","date_gmt":"2010-04-20T03:00:00","guid":{"rendered":"https:\/\/www.cnbb.org.br\/arquidiocese-de-olinda-e-recife-realiza-seminario-de-comunicacao\/"},"modified":"2010-04-20T00:00:00","modified_gmt":"2010-04-20T03:00:00","slug":"arquidiocese-de-olinda-e-recife-realiza-seminario-de-comunicacao","status":"publish","type":"post","link":"https:\/\/www.cnbb.org.br\/arquidiocese-de-olinda-e-recife-realiza-seminario-de-comunicacao\/","title":{"rendered":"Arquidiocese de Olinda e Recife realiza semin\u00e1rio de comunica\u00e7\u00e3o"},"content":{"rendered":"<p style=\"text-align: justify\">A Comiss\u00e3o de Educa\u00e7\u00e3o, Cultura e Comunica\u00e7\u00e3o Social da arquidiocese de Olinda e Recife em parceira com as Irm\u00e3s Paulinas vai realizar, nos dias 23 e 24 deste m\u00eas, o I Semin\u00e1rio Arquidiocesano de Comunica\u00e7\u00e3o. A assessora do Setor de Comunica\u00e7\u00e3o Social, da CNBB, irm\u00e3 \u00c9lide Fogolari ser\u00e1 a palestrante do encontro que tem como tema: \u201cNovas fronteiras da Pastoral da Comunica\u00e7\u00e3o diretrizes e propostas de atua\u00e7\u00e3o\u201d.<\/p>\n<p><!--more--><\/p>\n<p style=\"text-align: justify\">O objetivo do semin\u00e1rio \u00e9 discutir e capacitar religiosos e leigos para atuarem na comunica\u00e7\u00e3o interna em suas igrejas. Para isso, al\u00e9m da palestra, que ser\u00e1 na abertura do evento haver\u00e1, no s\u00e1bado, oficinas de Produ\u00e7\u00e3o de Programas Radiof\u00f4nicos, Comunica\u00e7\u00e3o e Liturgia, Jornal Impresso e Internet. \u201cSer\u00e1 um momento rico de discuss\u00e3o e muito aprendizado. Queremos, com esse semin\u00e1rio, melhorar a comunica\u00e7\u00e3o das nossas par\u00f3quias e capelas, propiciando uma verdadeira rede de informa\u00e7\u00f5es onde todos possam ter ci\u00eancia das not\u00edcias de toda arquidiocese\u201d, afirmou o presidente da Comiss\u00e3o, padre Luciano Brito. \u201cNo final do Semin\u00e1rio ser\u00e1 apresentado um novo plano de comunica\u00e7\u00e3o para a Igreja de Olinda e Recife\u201d, acrescentou ele.<\/p>\n<p style=\"text-align: justify\">Para participar os interessados precisam fazer a inscri\u00e7\u00e3o na C\u00faria Metropolitana ou na Livraria Paulinas pagando uma taxa de R$20 que dar\u00e1 direito ao material, lanches e almo\u00e7o. Se preferirem podem imprimir a ficha de inscri\u00e7\u00e3o no site da arquidiocese de Olinda e Recife (http:\/\/www.arquidioceseolindarecife.org.br) e pagar em um dos locais indicados.<\/p>\n<p style=\"text-align: justify\"><strong>PROGRAMA\u00c7\u00c3O<\/strong><\/p>\n<p style=\"text-align: justify\">Dia 23\/04 \u2013 19h \u00e0s 21h30 &#8211; Confer\u00eancia de Abertura \u2013 com o tema: \u201cNOVAS FRONTEIRAS DA PASTORAL DE COMUNICA\u00c7\u00c3O: DIRETRIZES E PROPOSTAS DE ATUA\u00c7\u00c3O\u201d, Irm\u00e3 \u00c9lide Fogolari ( Paulina, respons\u00e1vel pelo Setor de Comunica\u00e7\u00e3o da CNBB \u2013 Bras\u00edlia\/DF<\/p>\n<p style=\"text-align: justify\">Dia 24\/04 &#8211;\u00a0 8h \u00e0s 15h \u2013 Oficinas \u2013 Jornal Impresso; Comunica\u00e7\u00e3o e Liturgia, Produ\u00e7\u00e3o de Programas Radiof\u00f4nicos e Internet.<\/p>\n<p style=\"text-align: justify\">Dia 24\/04 \u2013 15h \u00e0s 16h \u2013 Encerramento dos trabalhos e Plen\u00e1ria, com os novos planos de a\u00e7\u00e3o da Pastoral de Comunica\u00e7\u00e3o na Arquidiocese de Olinda e Recife.<\/p>\n","protected":false},"excerpt":{"rendered":"<p>A Comiss\u00e3o de Educa\u00e7\u00e3o, Cultura e Comunica\u00e7\u00e3o Social da arquidiocese de Olinda e Recife em parceira com as Irm\u00e3s Paulinas vai realizar, nos dias 23 e 24 deste m\u00eas, o I Semin\u00e1rio Arquidiocesano de Comunica\u00e7\u00e3o. A assessora do Setor de Comunica\u00e7\u00e3o Social, da CNBB, irm\u00e3 \u00c9lide Fogolari ser\u00e1 a palestrante do encontro que tem como &hellip;<\/p>\n<p class=\"read-more\"> <a class=\"\" href=\"https:\/\/www.cnbb.org.br\/arquidiocese-de-olinda-e-recife-realiza-seminario-de-comunicacao\/\"> <span class=\"screen-reader-text\">Arquidiocese de Olinda e Recife realiza semin\u00e1rio de comunica\u00e7\u00e3o<\/span> Leia mais &raquo;<\/a><\/p>\n","protected":false},"author":83,"featured_media":14758,"comment_status":"open","ping_status":"open","sticky":false,"template":"","format":"standard","meta":{"site-sidebar-layout":"default","site-content-layout":"default","ast-global-header-display":"","ast-banner-title-visibility":"","ast-main-header-display":"","ast-hfb-above-header-display":"","ast-hfb-below-header-display":"","ast-hfb-mobile-header-display":"","site-post-title":"","ast-breadcrumbs-content":"","ast-featured-img":"","footer-sml-layout":"","theme-transparent-header-meta":"","adv-header-id-meta":"","stick-header-meta":"","header-above-stick-meta":"","header-main-stick-meta":"","header-below-stick-meta":""},"categories":[1],"tags":[],"acf":[],"_links":{"self":[{"href":"https:\/\/www.cnbb.org.br\/cnbb-app\/wp\/v2\/posts\/14763"}],"collection":[{"href":"https:\/\/www.cnbb.org.br\/cnbb-app\/wp\/v2\/posts"}],"about":[{"href":"https:\/\/www.cnbb.org.br\/cnbb-app\/wp\/v2\/types\/post"}],"author":[{"embeddable":true,"href":"https:\/\/www.cnbb.org.br\/cnbb-app\/wp\/v2\/users\/83"}],"replies":[{"embeddable":true,"href":"https:\/\/www.cnbb.org.br\/cnbb-app\/wp\/v2\/comments?post=14763"}],"version-history":[{"count":0,"href":"https:\/\/www.cnbb.org.br\/cnbb-app\/wp\/v2\/posts\/14763\/revisions"}],"wp:featuredmedia":[{"embeddable":true,"href":"https:\/\/www.cnbb.org.br\/cnbb-app\/wp\/v2\/media\/14758"}],"wp:attachment":[{"href":"https:\/\/www.cnbb.org.br\/cnbb-app\/wp\/v2\/media?parent=14763"}],"wp:term":[{"taxonomy":"category","embeddable":true,"href":"https:\/\/www.cnbb.org.br\/cnbb-app\/wp\/v2\/categories?post=14763"},{"taxonomy":"post_tag","embeddable":true,"href":"https:\/\/www.cnbb.org.br\/cnbb-app\/wp\/v2\/tags?post=14763"}],"curies":[{"name":"wp","href":"https:\/\/api.w.org\/{rel}","templated":true}]}}