{"id":14768,"date":"2010-04-28T00:00:00","date_gmt":"2010-04-28T03:00:00","guid":{"rendered":"https:\/\/www.cnbb.org.br\/pascom-reflete-sobre-dia-mundial-das-comunicacoes\/"},"modified":"2020-04-19T17:26:55","modified_gmt":"2020-04-19T20:26:55","slug":"pascom-reflete-sobre-dia-mundial-das-comunicacoes","status":"publish","type":"post","link":"https:\/\/www.cnbb.org.br\/pascom-reflete-sobre-dia-mundial-das-comunicacoes\/","title":{"rendered":"Pascom reflete sobre Dia Mundial das Comunica\u00e7\u00f5es"},"content":{"rendered":"<p style=\"text-align: justify\">Coordenadores da Pastoral da Comunica\u00e7\u00e3o (Pascom) do Regional Leste 1 da CNBB, que abrange todas as dioceses do estado do Rio de Janeiro, se reuniram no \u00faltimo s\u00e1bado, dia 24, na sede da arquidiocese do Rio, para uma forma\u00e7\u00e3o sobre o tema do 44\u00ba Dia Mundial das Comunica\u00e7\u00f5es Sociais a ser celebrado no dia 16 de maio, no Domingo da Ascens\u00e3o do Senhor. Na pauta tamb\u00e9m estavam a agenda de 2010 e do Mutir\u00e3o Brasileiro de Comunica\u00e7\u00e3o (Muticom), que acontecer\u00e1 no Rio de Janeiro em 2011.<\/p>\n<p><!--more--><\/p>\n<p style=\"text-align: justify\">A reuni\u00e3o foi coordenada pelo padre Leandro Freire, assessor eclesi\u00e1stico da Pascom no Regional e coordenador da Pastoral na arquidiocese de Niter\u00f3i. O Sacerdote falou sobre a mensagem do papa Bento XVI para o Dia Mundial das Comunica\u00e7\u00f5es, cujo tema \u00e9 \u201cO sacerdote e a pastoral no mundo digital: os novos media a servi\u00e7o da Palavra\u201d. Padre Leandro chamou a aten\u00e7\u00e3o dos agentes pastorais de que, embora no tema a mensagem esteja dirigida aos Sacerdotes, \u00e9, na verdade, dirigida a todos os agentes pastorais, \u201cpois o Papa fala de uma pastoral de conjunto\u201d. Logo em seguida, os participantes se reuniram em grupo para discutirem a melhor forma de levar essa reflex\u00e3o para as par\u00f3quias.<\/p>\n<div style=\"text-align: justify\"><img decoding=\"async\" loading=\"lazy\" class=\" alignright size-full wp-image-3930\" style=\"float: right\" src=\"https:\/\/www.cnbb.org.br\/wp-content\/uploads\/2020\/03\/Pascom_2.jpg\" alt=\"Pascom_2\" width=\"332\" height=\"248\" \/>Padre Leandro tamb\u00e9m discorreu sobre a mensagem escrita pelo arcebispo do Rio de Janeiro, dom Orani Tempesta, bispo referencial para a Comunica\u00e7\u00e3o no Regional e presidente da Comiss\u00e3o Episcopal para a Cultura, Educa\u00e7\u00e3o e Comunica\u00e7\u00e3o da CNBB. O arcebispo esteve junto ao grupo em um breve momento, no qual motivou a todos a participarem do Muticom 2011.<\/div>\n<p style=\"text-align: justify\">Com rela\u00e7\u00e3o ao Mutir\u00e3o Brasileiro de Comunica\u00e7\u00e3o, foi definida uma data em 2010 para mobiliza\u00e7\u00e3o e prepara\u00e7\u00e3o para o evento dos agentes da Pascom que atuam nas dioceses do estado do Rio. O encontro, ainda sem local definido, ser\u00e1 realizado nos dias 6 e 7 de novembro. \u201cO objetivo \u00e9 que todas as dioceses estejam envolvidas e motivadas a trabalhar no Mutir\u00e3o, que ser\u00e1 um marco para a comunica\u00e7\u00e3o eclesial em nosso estado\u201d, afirmou padre Leandro.<\/p>\n<p style=\"text-align: justify\">Participaram do encontro as arquidioceses do Rio e de Niter\u00f3i e as dioceses de Volta Redonda, Nova Igua\u00e7u, Nova Friburgo, Campos, Duque de Caxias e Valen\u00e7a. A pr\u00f3xima reuni\u00e3o est\u00e1 marcada para o dia 12 de junho, na sede do Regional Leste 1, no Mosteiro de S\u00e3o Bento.<\/p>\n","protected":false},"excerpt":{"rendered":"<p>Coordenadores da Pastoral da Comunica\u00e7\u00e3o (Pascom) do Regional Leste 1 da CNBB, que abrange todas as dioceses do estado do Rio de Janeiro, se reuniram no \u00faltimo s\u00e1bado, dia 24, na sede da arquidiocese do Rio, para uma forma\u00e7\u00e3o sobre o tema do 44\u00ba Dia Mundial das Comunica\u00e7\u00f5es Sociais a ser celebrado no dia 16 &hellip;<\/p>\n<p class=\"read-more\"> <a class=\"\" href=\"https:\/\/www.cnbb.org.br\/pascom-reflete-sobre-dia-mundial-das-comunicacoes\/\"> <span class=\"screen-reader-text\">Pascom reflete sobre Dia Mundial das Comunica\u00e7\u00f5es<\/span> Leia mais &raquo;<\/a><\/p>\n","protected":false},"author":83,"featured_media":14769,"comment_status":"open","ping_status":"open","sticky":false,"template":"","format":"standard","meta":{"site-sidebar-layout":"default","site-content-layout":"default","ast-global-header-display":"","ast-banner-title-visibility":"","ast-main-header-display":"","ast-hfb-above-header-display":"","ast-hfb-below-header-display":"","ast-hfb-mobile-header-display":"","site-post-title":"","ast-breadcrumbs-content":"","ast-featured-img":"","footer-sml-layout":"","theme-transparent-header-meta":"","adv-header-id-meta":"","stick-header-meta":"","header-above-stick-meta":"","header-main-stick-meta":"","header-below-stick-meta":""},"categories":[878,1],"tags":[],"acf":[],"_links":{"self":[{"href":"https:\/\/www.cnbb.org.br\/cnbb-app\/wp\/v2\/posts\/14768"}],"collection":[{"href":"https:\/\/www.cnbb.org.br\/cnbb-app\/wp\/v2\/posts"}],"about":[{"href":"https:\/\/www.cnbb.org.br\/cnbb-app\/wp\/v2\/types\/post"}],"author":[{"embeddable":true,"href":"https:\/\/www.cnbb.org.br\/cnbb-app\/wp\/v2\/users\/83"}],"replies":[{"embeddable":true,"href":"https:\/\/www.cnbb.org.br\/cnbb-app\/wp\/v2\/comments?post=14768"}],"version-history":[{"count":0,"href":"https:\/\/www.cnbb.org.br\/cnbb-app\/wp\/v2\/posts\/14768\/revisions"}],"wp:featuredmedia":[{"embeddable":true,"href":"https:\/\/www.cnbb.org.br\/cnbb-app\/wp\/v2\/media\/14769"}],"wp:attachment":[{"href":"https:\/\/www.cnbb.org.br\/cnbb-app\/wp\/v2\/media?parent=14768"}],"wp:term":[{"taxonomy":"category","embeddable":true,"href":"https:\/\/www.cnbb.org.br\/cnbb-app\/wp\/v2\/categories?post=14768"},{"taxonomy":"post_tag","embeddable":true,"href":"https:\/\/www.cnbb.org.br\/cnbb-app\/wp\/v2\/tags?post=14768"}],"curies":[{"name":"wp","href":"https:\/\/api.w.org\/{rel}","templated":true}]}}