{"id":14770,"date":"2010-04-30T00:00:00","date_gmt":"2010-04-30T03:00:00","guid":{"rendered":"https:\/\/www.cnbb.org.br\/diocese-de-santarem-promove-a-10o-semana-da-comunicacao\/"},"modified":"2010-04-30T00:00:00","modified_gmt":"2010-04-30T03:00:00","slug":"diocese-de-santarem-promove-a-10o-semana-da-comunicacao","status":"publish","type":"post","link":"https:\/\/www.cnbb.org.br\/diocese-de-santarem-promove-a-10o-semana-da-comunicacao\/","title":{"rendered":"Diocese de Santar\u00e9m promove a 10\u00aa Semana da Comunica\u00e7\u00e3o"},"content":{"rendered":"<p style=\"text-align: justify\">Com o tema: \u201cComunica\u00e7\u00e3o e Economia a Servi\u00e7o da Vida\u201d, a partir deste s\u00e1bado, 1\u00ba, at\u00e9 o dia 9 de maio, a diocese de Santar\u00e9m (PA), por meio da Pastoral da Comunica\u00e7\u00e3o (Pascom) promove a sua 10\u00aa Semana da Comunica\u00e7\u00e3o. A abertura oficial ser\u00e1 com uma celebra\u00e7\u00e3o eucar\u00edstica, neste s\u00e1bado, 1\u00ba, na igreja de S\u00e3o Jo\u00e3o Batista, bairro Jardim Santar\u00e9m, \u00e0s 19h30, transmitida pela R\u00e1dio Rural. No domingo, dia 2, as comunidades e par\u00f3quias tamb\u00e9m ir\u00e3o realizar uma celebra\u00e7\u00e3o de abertura.<\/p>\n<p><!--more--><\/p>\n<p style=\"text-align: justify\">A Semana da Comunica\u00e7\u00e3o \u00e9 promovida em n\u00edvel diocesano, mas as atividades na sua maioria acontecem nas comunidades, \u00e1reas e\/ou par\u00f3quias da diocese de Santar\u00e9m e nas escolas. S\u00e3o diversas atividades promovidas pelas equipes de Pascom: semin\u00e1rios, shows, teatro, debates, oficinas, palestras, gincanas, feiras da comunica\u00e7\u00e3o, visitas, passeio cicl\u00edstico, exposi\u00e7\u00f5es, programas radiof\u00f4nicos, celebra\u00e7\u00f5es.<\/p>\n<p style=\"text-align: justify\">Um texto foi elaborado para ajudar nas reflex\u00f5es nas Comunidades Eclesiais de Base (CEBs), nos grupos e nos movimentos eclesiais. O texto destaca os subtemas: Comunica\u00e7\u00e3o e Economia; Comunica\u00e7\u00e3o e Pol\u00edtica.<\/p>\n<p style=\"text-align: justify\">Como parte da programa\u00e7\u00e3o, no dia 7, haver\u00e1 um debate radiof\u00f4nico sobre o tema da 10\u00aa Semana, na R\u00e1dio Rural, com a participa\u00e7\u00e3o de especialistas no assunto e dos ouvintes.<\/p>\n<p style=\"text-align: justify\">E mais, dia 8, das 08h \u00e0s 12h, vai acontecer uma atividade denominada Dia \u201cD\u201d da Comunica\u00e7\u00e3o. S\u00e3o oficinas de Acolhimento, Orat\u00f3ria, Leitores de celebra\u00e7\u00e3o e Leitura Cr\u00edtica dos Meios de Comunica\u00e7\u00e3o Social. Ser\u00e1 na escola S\u00e3o Francisco, e, \u00e9 destinada \u00e0s equipes da Pascom, \u00e0s lideran\u00e7as comunit\u00e1rias e demais pessoas interessadas no assunto.<\/p>\n<p style=\"text-align: justify\">Segundo a coordena\u00e7\u00e3o, o tema da X Semana est\u00e1 em conson\u00e2ncia com a Campanha da Fraternidade ecum\u00eanica deste ano. \u00c9 uma proposta a toda comunidade paroquial e \u00e0 sociedade de reflex\u00e3o sobre a necessidade de uma comunica\u00e7\u00e3o a servi\u00e7o da vida e n\u00e3o de uma economia que gera sinais de morte. Identificar e superar os obst\u00e1culos que impedem a comunica\u00e7\u00e3o aut\u00eantica de anunciar o Reino de Deus em todos os lugares.<\/p>\n<p style=\"text-align: justify\">A Semana da Comunica\u00e7\u00e3o tem, entre outros objetivos, sensibilizar as comunidades e a sociedade para a import\u00e2ncia da comunica\u00e7\u00e3o aut\u00eantica e solid\u00e1ria que busque a cidadania e valorize a vida; fortalecer o trabalho da Pascom nas par\u00f3quias e \u00e1reas pastorais.<\/p>\n","protected":false},"excerpt":{"rendered":"<p>Com o tema: \u201cComunica\u00e7\u00e3o e Economia a Servi\u00e7o da Vida\u201d, a partir deste s\u00e1bado, 1\u00ba, at\u00e9 o dia 9 de maio, a diocese de Santar\u00e9m (PA), por meio da Pastoral da Comunica\u00e7\u00e3o (Pascom) promove a sua 10\u00aa Semana da Comunica\u00e7\u00e3o. A abertura oficial ser\u00e1 com uma celebra\u00e7\u00e3o eucar\u00edstica, neste s\u00e1bado, 1\u00ba, na igreja de S\u00e3o &hellip;<\/p>\n<p class=\"read-more\"> <a class=\"\" href=\"https:\/\/www.cnbb.org.br\/diocese-de-santarem-promove-a-10o-semana-da-comunicacao\/\"> <span class=\"screen-reader-text\">Diocese de Santar\u00e9m promove a 10\u00aa Semana da Comunica\u00e7\u00e3o<\/span> Leia mais &raquo;<\/a><\/p>\n","protected":false},"author":83,"featured_media":14771,"comment_status":"open","ping_status":"open","sticky":false,"template":"","format":"standard","meta":{"site-sidebar-layout":"default","site-content-layout":"default","ast-global-header-display":"","ast-banner-title-visibility":"","ast-main-header-display":"","ast-hfb-above-header-display":"","ast-hfb-below-header-display":"","ast-hfb-mobile-header-display":"","site-post-title":"","ast-breadcrumbs-content":"","ast-featured-img":"","footer-sml-layout":"","theme-transparent-header-meta":"","adv-header-id-meta":"","stick-header-meta":"","header-above-stick-meta":"","header-main-stick-meta":"","header-below-stick-meta":""},"categories":[1],"tags":[],"acf":[],"_links":{"self":[{"href":"https:\/\/www.cnbb.org.br\/cnbb-app\/wp\/v2\/posts\/14770"}],"collection":[{"href":"https:\/\/www.cnbb.org.br\/cnbb-app\/wp\/v2\/posts"}],"about":[{"href":"https:\/\/www.cnbb.org.br\/cnbb-app\/wp\/v2\/types\/post"}],"author":[{"embeddable":true,"href":"https:\/\/www.cnbb.org.br\/cnbb-app\/wp\/v2\/users\/83"}],"replies":[{"embeddable":true,"href":"https:\/\/www.cnbb.org.br\/cnbb-app\/wp\/v2\/comments?post=14770"}],"version-history":[{"count":0,"href":"https:\/\/www.cnbb.org.br\/cnbb-app\/wp\/v2\/posts\/14770\/revisions"}],"wp:featuredmedia":[{"embeddable":true,"href":"https:\/\/www.cnbb.org.br\/cnbb-app\/wp\/v2\/media\/14771"}],"wp:attachment":[{"href":"https:\/\/www.cnbb.org.br\/cnbb-app\/wp\/v2\/media?parent=14770"}],"wp:term":[{"taxonomy":"category","embeddable":true,"href":"https:\/\/www.cnbb.org.br\/cnbb-app\/wp\/v2\/categories?post=14770"},{"taxonomy":"post_tag","embeddable":true,"href":"https:\/\/www.cnbb.org.br\/cnbb-app\/wp\/v2\/tags?post=14770"}],"curies":[{"name":"wp","href":"https:\/\/api.w.org\/{rel}","templated":true}]}}