{"id":14780,"date":"2010-05-18T00:00:00","date_gmt":"2010-05-18T03:00:00","guid":{"rendered":"https:\/\/www.cnbb.org.br\/diocese-de-itabira-pascom-celebra-o-dia-das-comunicacoes\/"},"modified":"2010-05-18T00:00:00","modified_gmt":"2010-05-18T03:00:00","slug":"diocese-de-itabira-pascom-celebra-o-dia-das-comunicacoes","status":"publish","type":"post","link":"https:\/\/www.cnbb.org.br\/diocese-de-itabira-pascom-celebra-o-dia-das-comunicacoes\/","title":{"rendered":"Diocese de Itabira: Pascom celebra o Dia das Comunica\u00e7\u00f5es"},"content":{"rendered":"<p style=\"text-align: justify\">A Pastoral da Comunica\u00e7\u00e3o (Pascom) da diocese de Itabira-Coronel Fabriciano (MG) celebrou, no \u00faltimo final de semana, o Dia Mundial das Comunica\u00e7\u00f5es Sociais. Em Itabira, houve missa na par\u00f3quia Nossa Senhora da Piedade, dedicada aos profissionais da imprensa itabirana. A missa foi celebrada pelo padre M\u00e1rcio Soares e contou com a presen\u00e7a de diversos representantes dos \u00f3rg\u00e3os de comunica\u00e7\u00e3o da cidade.<\/p>\n<p><!--more--><\/p>\n<p style=\"text-align: justify\">Em Coronel Fabriciano, regi\u00e3o do Vale do A\u00e7o, os agentes da Pascom participaram de programas de r\u00e1dio da cidade, divulgando a mensagem do papa para o Dia Mundial das Comunica\u00e7\u00f5es, que trouxe como tema \u201cO sacerdote e a pastoral no mundo digital: os novos meios a servi\u00e7o da palavra\u201d. A mensagem convida os padres, neste Ano Sacerdotal, a considerar os novos meios de comunica\u00e7\u00e3o como um grande recurso para seu minist\u00e9rio a servi\u00e7o da Palavra.<\/p>\n","protected":false},"excerpt":{"rendered":"<p>A Pastoral da Comunica\u00e7\u00e3o (Pascom) da diocese de Itabira-Coronel Fabriciano (MG) celebrou, no \u00faltimo final de semana, o Dia Mundial das Comunica\u00e7\u00f5es Sociais. Em Itabira, houve missa na par\u00f3quia Nossa Senhora da Piedade, dedicada aos profissionais da imprensa itabirana. A missa foi celebrada pelo padre M\u00e1rcio Soares e contou com a presen\u00e7a de diversos representantes &hellip;<\/p>\n<p class=\"read-more\"> <a class=\"\" href=\"https:\/\/www.cnbb.org.br\/diocese-de-itabira-pascom-celebra-o-dia-das-comunicacoes\/\"> <span class=\"screen-reader-text\">Diocese de Itabira: Pascom celebra o Dia das Comunica\u00e7\u00f5es<\/span> Leia mais &raquo;<\/a><\/p>\n","protected":false},"author":83,"featured_media":14781,"comment_status":"open","ping_status":"open","sticky":false,"template":"","format":"standard","meta":{"site-sidebar-layout":"default","site-content-layout":"default","ast-global-header-display":"","ast-banner-title-visibility":"","ast-main-header-display":"","ast-hfb-above-header-display":"","ast-hfb-below-header-display":"","ast-hfb-mobile-header-display":"","site-post-title":"","ast-breadcrumbs-content":"","ast-featured-img":"","footer-sml-layout":"","theme-transparent-header-meta":"","adv-header-id-meta":"","stick-header-meta":"","header-above-stick-meta":"","header-main-stick-meta":"","header-below-stick-meta":""},"categories":[1],"tags":[],"acf":[],"_links":{"self":[{"href":"https:\/\/www.cnbb.org.br\/cnbb-app\/wp\/v2\/posts\/14780"}],"collection":[{"href":"https:\/\/www.cnbb.org.br\/cnbb-app\/wp\/v2\/posts"}],"about":[{"href":"https:\/\/www.cnbb.org.br\/cnbb-app\/wp\/v2\/types\/post"}],"author":[{"embeddable":true,"href":"https:\/\/www.cnbb.org.br\/cnbb-app\/wp\/v2\/users\/83"}],"replies":[{"embeddable":true,"href":"https:\/\/www.cnbb.org.br\/cnbb-app\/wp\/v2\/comments?post=14780"}],"version-history":[{"count":0,"href":"https:\/\/www.cnbb.org.br\/cnbb-app\/wp\/v2\/posts\/14780\/revisions"}],"wp:featuredmedia":[{"embeddable":true,"href":"https:\/\/www.cnbb.org.br\/cnbb-app\/wp\/v2\/media\/14781"}],"wp:attachment":[{"href":"https:\/\/www.cnbb.org.br\/cnbb-app\/wp\/v2\/media?parent=14780"}],"wp:term":[{"taxonomy":"category","embeddable":true,"href":"https:\/\/www.cnbb.org.br\/cnbb-app\/wp\/v2\/categories?post=14780"},{"taxonomy":"post_tag","embeddable":true,"href":"https:\/\/www.cnbb.org.br\/cnbb-app\/wp\/v2\/tags?post=14780"}],"curies":[{"name":"wp","href":"https:\/\/api.w.org\/{rel}","templated":true}]}}