{"id":14782,"date":"2010-05-18T00:00:00","date_gmt":"2010-05-18T03:00:00","guid":{"rendered":"https:\/\/www.cnbb.org.br\/diocese-de-umuarama-realiza-encontro-com-meios-de-comunicacao\/"},"modified":"2010-05-18T00:00:00","modified_gmt":"2010-05-18T03:00:00","slug":"diocese-de-umuarama-realiza-encontro-com-meios-de-comunicacao","status":"publish","type":"post","link":"https:\/\/www.cnbb.org.br\/diocese-de-umuarama-realiza-encontro-com-meios-de-comunicacao\/","title":{"rendered":"Diocese de Umuarama realiza encontro com meios de comunica\u00e7\u00e3o"},"content":{"rendered":"<p style=\"text-align: justify\">Na manh\u00e3 desta segunda-feira, 17, o administrador diocesano de Umuarama (PR), monsenhor Jos\u00e9 Dantas de Sousa, realizou uma coletiva de imprensa e tomou caf\u00e9 da manh\u00e3, com v\u00e1rios \u00f3rg\u00e3os de comunica\u00e7\u00e3o da regi\u00e3o de Umuarama, para falar sobre o 44\u00ba Dia Mundial das Comunica\u00e7\u00f5es Sociais, comemorado no domingo, 16. O papa Bento XVI, escreveu uma mensagem para este dia, que tem como tema: \u201cO padre e a pastoral no mundo digital. Novos meios de comunica\u00e7\u00e3o a servi\u00e7o da Palavra\u201d.<\/p>\n<p><!--more--><\/p>\n<p style=\"text-align: justify\">Monsenhor Dantas, ressaltou a import\u00e2ncia da Igreja evangelizar dentro dos novos meios de comunica\u00e7\u00e3o, como a internet, as redes sociais e os meios audiovisuais; levando a Palavra de Deus, a pessoas que n\u00e3o participam ativamente da vida da Igreja, sendo este o foco principal da mensagem. Tamb\u00e9m lembrou da import\u00e2ncia da forma\u00e7\u00e3o dos sacerdotes nesta \u00e1rea, para adquirir conhecimento, desde a forma\u00e7\u00e3o nos semin\u00e1rios e conseguir trabalhar com esses meios em suas par\u00f3quias. N\u00e3o necessariamente sendo o padre a utilizar diretamente essas ferramentas, mas por meio de leigos e profissionais da \u00e1rea, colocar o conte\u00fado nesses meios. Isto tamb\u00e9m gera a necessidade de formar os leigos nessas \u00e1reas, e conscientizar os fi\u00e9is de utilizar destas tecnologias, para se formar e auxiliar na evangeliza\u00e7\u00e3o.<\/p>\n<p style=\"text-align: justify\">Uma iniciativa que a pr\u00f3pria diocese de Umuarama j\u00e1 realiza na comunica\u00e7\u00e3o dos novos meios, s\u00e3o: o site (www.diocesedeumuarama.org.br); o twitter (www.twitter.com\/dioceseumuarama); perfil no Orkut (Diocese de Umuarama); e canal no YouTube (diocesedeumuarama). Sendo estes meios, al\u00e9m de fonte de informa\u00e7\u00e3o, uma forma de interagir com os fi\u00e9is de toda a diocese e do mundo, ligados pela rede.<\/p>\n","protected":false},"excerpt":{"rendered":"<p>Na manh\u00e3 desta segunda-feira, 17, o administrador diocesano de Umuarama (PR), monsenhor Jos\u00e9 Dantas de Sousa, realizou uma coletiva de imprensa e tomou caf\u00e9 da manh\u00e3, com v\u00e1rios \u00f3rg\u00e3os de comunica\u00e7\u00e3o da regi\u00e3o de Umuarama, para falar sobre o 44\u00ba Dia Mundial das Comunica\u00e7\u00f5es Sociais, comemorado no domingo, 16. O papa Bento XVI, escreveu uma &hellip;<\/p>\n<p class=\"read-more\"> <a class=\"\" href=\"https:\/\/www.cnbb.org.br\/diocese-de-umuarama-realiza-encontro-com-meios-de-comunicacao\/\"> <span class=\"screen-reader-text\">Diocese de Umuarama realiza encontro com meios de comunica\u00e7\u00e3o<\/span> Leia mais &raquo;<\/a><\/p>\n","protected":false},"author":83,"featured_media":11390,"comment_status":"open","ping_status":"open","sticky":false,"template":"","format":"standard","meta":{"site-sidebar-layout":"default","site-content-layout":"default","ast-global-header-display":"","ast-banner-title-visibility":"","ast-main-header-display":"","ast-hfb-above-header-display":"","ast-hfb-below-header-display":"","ast-hfb-mobile-header-display":"","site-post-title":"","ast-breadcrumbs-content":"","ast-featured-img":"","footer-sml-layout":"","theme-transparent-header-meta":"","adv-header-id-meta":"","stick-header-meta":"","header-above-stick-meta":"","header-main-stick-meta":"","header-below-stick-meta":""},"categories":[1],"tags":[],"acf":[],"_links":{"self":[{"href":"https:\/\/www.cnbb.org.br\/cnbb-app\/wp\/v2\/posts\/14782"}],"collection":[{"href":"https:\/\/www.cnbb.org.br\/cnbb-app\/wp\/v2\/posts"}],"about":[{"href":"https:\/\/www.cnbb.org.br\/cnbb-app\/wp\/v2\/types\/post"}],"author":[{"embeddable":true,"href":"https:\/\/www.cnbb.org.br\/cnbb-app\/wp\/v2\/users\/83"}],"replies":[{"embeddable":true,"href":"https:\/\/www.cnbb.org.br\/cnbb-app\/wp\/v2\/comments?post=14782"}],"version-history":[{"count":0,"href":"https:\/\/www.cnbb.org.br\/cnbb-app\/wp\/v2\/posts\/14782\/revisions"}],"wp:featuredmedia":[{"embeddable":true,"href":"https:\/\/www.cnbb.org.br\/cnbb-app\/wp\/v2\/media\/11390"}],"wp:attachment":[{"href":"https:\/\/www.cnbb.org.br\/cnbb-app\/wp\/v2\/media?parent=14782"}],"wp:term":[{"taxonomy":"category","embeddable":true,"href":"https:\/\/www.cnbb.org.br\/cnbb-app\/wp\/v2\/categories?post=14782"},{"taxonomy":"post_tag","embeddable":true,"href":"https:\/\/www.cnbb.org.br\/cnbb-app\/wp\/v2\/tags?post=14782"}],"curies":[{"name":"wp","href":"https:\/\/api.w.org\/{rel}","templated":true}]}}