{"id":14783,"date":"2010-05-19T00:00:00","date_gmt":"2010-05-19T03:00:00","guid":{"rendered":"https:\/\/www.cnbb.org.br\/diocese-de-barra-do-pirai-volta-redonda-comemora-44o-dia-mundial-das-comunicacoes\/"},"modified":"2010-05-19T00:00:00","modified_gmt":"2010-05-19T03:00:00","slug":"diocese-de-barra-do-pirai-volta-redonda-comemora-44o-dia-mundial-das-comunicacoes","status":"publish","type":"post","link":"https:\/\/www.cnbb.org.br\/diocese-de-barra-do-pirai-volta-redonda-comemora-44o-dia-mundial-das-comunicacoes\/","title":{"rendered":"Diocese de Barra do Pira\u00ed &#8211; Volta Redonda comemora 44\u00ba Dia Mundial das Comunica\u00e7\u00f5es"},"content":{"rendered":"<p style=\"text-align: justify\">O 44\u00ba Dia Mundial das Comunica\u00e7\u00f5es Sociais foi comemorado com missa na diocese de Barra do Pira\u00ed Volta Redonda (RJ), celebrado pelo vig\u00e1rio da regi\u00e3o Pastoral de Resende, par\u00f3quia S\u00e3o Sebasti\u00e3o em Resende, que trabalha no distrito de Penedo, padre Jivaldo.<\/p>\n<p><!--more--><\/p>\n<p style=\"text-align: justify\">Para marcar a celebra\u00e7\u00e3o e recordar a vida da atua\u00e7\u00e3o diocesana da Pastoral da Comunica\u00e7\u00e3o (Pascom), agentes mostraram os s\u00edmbolos do trabalho realizado com compet\u00eancia e efici\u00eancia na diocese: Reportagens para a TV Rede Vida, produ\u00e7\u00e3o em est\u00fadio para r\u00e1dios comunit\u00e1rias, Jornal O Diocesano, assessoria de imprensa constante divulgando a Igreja nos jornais e TVs locais.<\/p>\n<p style=\"text-align: justify\">Padre Jivaldo disse na homilia que Jesus encarnou na hist\u00f3ria do homem como uma maneira encontrada por Deus para se comunicar com a humanidade. \u201cEle volta para o Pai, mas promete jamais nos abandonar, garantindo a presen\u00e7a do Esp\u00edrito Santo. Jesus nos deixou definitivamente, por\u00e9m nos deu o privil\u00e9gio de darmos continuidade \u00e0 sua miss\u00e3o. Ele quer que todos tenham os mesmos direitos sociais e jamais passem fome, frio, fiquem em situa\u00e7\u00e3o de exclus\u00e3o, porque a salva\u00e7\u00e3o come\u00e7a aqui e agora\u201d, destacou o padre.<\/p>\n<p style=\"text-align: justify\">Em rela\u00e7\u00e3o ao Dia Mundial das Comunica\u00e7\u00f5es, o sacerdote lembrou-se do compromisso da Igreja na atua\u00e7\u00e3o nos meios de comunica\u00e7\u00e3o de massa e eclesiais. \u201c\u00c9 preciso valorizar o jornal da diocese, O Diocesano, que inclusive completa 40 anos de circula\u00e7\u00e3o. Ele \u00e9 o nosso ve\u00edculo e deve ser priorizado por todos os fi\u00e9is, assinando o informativo. Quantos jornais e revistas difamam o nome da Igreja e de Cristo e n\u00f3s compramos e lemos! Esta atitude mostra que temos capacidade de reconhecermos o trabalho profissional que a diocese executa no campo da comunica\u00e7\u00e3o social\u201d, frisou padre Jivaldo, mostrando em p\u00fablico o \u00faltimo n\u00famero de O Diocesano.<\/p>\n<p style=\"text-align: justify\">No final da missa todos os agentes da Pascom foram chamados ao altar. O padre fez quest\u00e3o de ressaltar a import\u00e2ncia e a necessidade da regi\u00e3o Pastoral de Resende abrindo caminhos, acolhendo e investindo na Pascom.<\/p>\n<p style=\"text-align: justify\">No sal\u00e3o paroquial foi servido um lanche especial para os agentes da Pascom, preparado pela Pastoral Lit\u00fargica da par\u00f3quia S\u00e3o Sebasti\u00e3o.<\/p>\n","protected":false},"excerpt":{"rendered":"<p>O 44\u00ba Dia Mundial das Comunica\u00e7\u00f5es Sociais foi comemorado com missa na diocese de Barra do Pira\u00ed Volta Redonda (RJ), celebrado pelo vig\u00e1rio da regi\u00e3o Pastoral de Resende, par\u00f3quia S\u00e3o Sebasti\u00e3o em Resende, que trabalha no distrito de Penedo, padre Jivaldo.<\/p>\n","protected":false},"author":83,"featured_media":11390,"comment_status":"open","ping_status":"open","sticky":false,"template":"","format":"standard","meta":{"site-sidebar-layout":"default","site-content-layout":"default","ast-global-header-display":"","ast-banner-title-visibility":"","ast-main-header-display":"","ast-hfb-above-header-display":"","ast-hfb-below-header-display":"","ast-hfb-mobile-header-display":"","site-post-title":"","ast-breadcrumbs-content":"","ast-featured-img":"","footer-sml-layout":"","theme-transparent-header-meta":"","adv-header-id-meta":"","stick-header-meta":"","header-above-stick-meta":"","header-main-stick-meta":"","header-below-stick-meta":""},"categories":[1],"tags":[],"acf":[],"_links":{"self":[{"href":"https:\/\/www.cnbb.org.br\/cnbb-app\/wp\/v2\/posts\/14783"}],"collection":[{"href":"https:\/\/www.cnbb.org.br\/cnbb-app\/wp\/v2\/posts"}],"about":[{"href":"https:\/\/www.cnbb.org.br\/cnbb-app\/wp\/v2\/types\/post"}],"author":[{"embeddable":true,"href":"https:\/\/www.cnbb.org.br\/cnbb-app\/wp\/v2\/users\/83"}],"replies":[{"embeddable":true,"href":"https:\/\/www.cnbb.org.br\/cnbb-app\/wp\/v2\/comments?post=14783"}],"version-history":[{"count":0,"href":"https:\/\/www.cnbb.org.br\/cnbb-app\/wp\/v2\/posts\/14783\/revisions"}],"wp:featuredmedia":[{"embeddable":true,"href":"https:\/\/www.cnbb.org.br\/cnbb-app\/wp\/v2\/media\/11390"}],"wp:attachment":[{"href":"https:\/\/www.cnbb.org.br\/cnbb-app\/wp\/v2\/media?parent=14783"}],"wp:term":[{"taxonomy":"category","embeddable":true,"href":"https:\/\/www.cnbb.org.br\/cnbb-app\/wp\/v2\/categories?post=14783"},{"taxonomy":"post_tag","embeddable":true,"href":"https:\/\/www.cnbb.org.br\/cnbb-app\/wp\/v2\/tags?post=14783"}],"curies":[{"name":"wp","href":"https:\/\/api.w.org\/{rel}","templated":true}]}}