{"id":14790,"date":"2010-05-26T00:00:00","date_gmt":"2010-05-26T03:00:00","guid":{"rendered":"https:\/\/www.cnbb.org.br\/11o-mutirao-de-comunicacao-na-diocese-de-barra-do-pirai-volta-redonda\/"},"modified":"2010-05-26T00:00:00","modified_gmt":"2010-05-26T03:00:00","slug":"11o-mutirao-de-comunicacao-na-diocese-de-barra-do-pirai-volta-redonda","status":"publish","type":"post","link":"https:\/\/www.cnbb.org.br\/11o-mutirao-de-comunicacao-na-diocese-de-barra-do-pirai-volta-redonda\/","title":{"rendered":"11\u00ba Mutir\u00e3o de Comunica\u00e7\u00e3o na diocese de Barra do Pira\u00ed-Volta Redonda"},"content":{"rendered":"<p style=\"text-align: justify\">A Pastoral da Comunica\u00e7\u00e3o da diocese de Barra do Pira\u00ed-Volta Redonda (RJ) realiza no pr\u00f3ximo final de semana, o 11\u00ba Mutir\u00e3o Diocesano de Comunica\u00e7\u00e3o (MUTICOM), com a participa\u00e7\u00e3o do bispo diocesano, dom Jo\u00e3o Maria Messi.<\/p>\n<p><!--more--><\/p>\n<p style=\"text-align: justify\">Com o tema A Confer\u00eancia Nacional de Comunica\u00e7\u00e3o e os Processos de Comunica\u00e7\u00e3o na regi\u00e3o Sul do Estado do Rio de Janeiro, o Mutir\u00e3o conta com a assessoria do presidente do Sindicato Estadual dos Jornalistas, \u00c1lvaro Brito. Ele abordar\u00e1 os resultados da Confer\u00eancia e indicar\u00e1 como cobrar das autoridades as aplica\u00e7\u00f5es das conclus\u00f5es da Confer\u00eancia. Ao mesmo tempo, explicar\u00e1 o papel da Pascom na conjuntura da comunica\u00e7\u00e3o na regi\u00e3o.<\/p>\n<p style=\"text-align: justify\">A programa\u00e7\u00e3o do Mutir\u00e3o prev\u00ea uma oficina de Fotojornalismo, com assessoria do rep\u00f3rter fotogr\u00e1fico do jornal O Dia Rio, Ernesto Carri\u00e7o. \u201cCarri\u00e7o falar\u00e1 sobre o papel do fot\u00f3grafo na comunica\u00e7\u00e3o e mostrar\u00e1 seu trabalho profissional no Rio de Janeiro\u201d, explica o assessor de imprensa da diocese, Vagner Mattos.<\/p>\n<p style=\"text-align: justify\">\u201cO Muticom termina com um trabalho em grupo sobre a Pascom na diocese, orienta\u00e7\u00f5es para os agentes nas comunidades eclesiais, como proceder, avan\u00e7ar e articular os trabalhos, com a integrante da coordena\u00e7\u00e3o diocesana da Pascom, Marilene Sabarense\u201d, acrescenta Mattos.<\/p>\n<p style=\"text-align: justify\"><em>Imagem: Divulga\u00e7\u00e3o<\/em><\/p>\n","protected":false},"excerpt":{"rendered":"<p>A Pastoral da Comunica\u00e7\u00e3o da diocese de Barra do Pira\u00ed-Volta Redonda (RJ) realiza no pr\u00f3ximo final de semana, o 11\u00ba Mutir\u00e3o Diocesano de Comunica\u00e7\u00e3o (MUTICOM), com a participa\u00e7\u00e3o do bispo diocesano, dom Jo\u00e3o Maria Messi.<\/p>\n","protected":false},"author":83,"featured_media":14746,"comment_status":"open","ping_status":"open","sticky":false,"template":"","format":"standard","meta":{"site-sidebar-layout":"default","site-content-layout":"default","ast-global-header-display":"","ast-banner-title-visibility":"","ast-main-header-display":"","ast-hfb-above-header-display":"","ast-hfb-below-header-display":"","ast-hfb-mobile-header-display":"","site-post-title":"","ast-breadcrumbs-content":"","ast-featured-img":"","footer-sml-layout":"","theme-transparent-header-meta":"","adv-header-id-meta":"","stick-header-meta":"","header-above-stick-meta":"","header-main-stick-meta":"","header-below-stick-meta":""},"categories":[1],"tags":[],"acf":[],"_links":{"self":[{"href":"https:\/\/www.cnbb.org.br\/cnbb-app\/wp\/v2\/posts\/14790"}],"collection":[{"href":"https:\/\/www.cnbb.org.br\/cnbb-app\/wp\/v2\/posts"}],"about":[{"href":"https:\/\/www.cnbb.org.br\/cnbb-app\/wp\/v2\/types\/post"}],"author":[{"embeddable":true,"href":"https:\/\/www.cnbb.org.br\/cnbb-app\/wp\/v2\/users\/83"}],"replies":[{"embeddable":true,"href":"https:\/\/www.cnbb.org.br\/cnbb-app\/wp\/v2\/comments?post=14790"}],"version-history":[{"count":0,"href":"https:\/\/www.cnbb.org.br\/cnbb-app\/wp\/v2\/posts\/14790\/revisions"}],"wp:featuredmedia":[{"embeddable":true,"href":"https:\/\/www.cnbb.org.br\/cnbb-app\/wp\/v2\/media\/14746"}],"wp:attachment":[{"href":"https:\/\/www.cnbb.org.br\/cnbb-app\/wp\/v2\/media?parent=14790"}],"wp:term":[{"taxonomy":"category","embeddable":true,"href":"https:\/\/www.cnbb.org.br\/cnbb-app\/wp\/v2\/categories?post=14790"},{"taxonomy":"post_tag","embeddable":true,"href":"https:\/\/www.cnbb.org.br\/cnbb-app\/wp\/v2\/tags?post=14790"}],"curies":[{"name":"wp","href":"https:\/\/api.w.org\/{rel}","templated":true}]}}