{"id":14807,"date":"2010-07-21T00:00:00","date_gmt":"2010-07-21T03:00:00","guid":{"rendered":"https:\/\/www.cnbb.org.br\/cnbb-entrega-premios-de-comunicacao-na-sexta-feira\/"},"modified":"2010-07-21T00:00:00","modified_gmt":"2010-07-21T03:00:00","slug":"cnbb-entrega-premios-de-comunicacao-na-sexta-feira","status":"publish","type":"post","link":"https:\/\/www.cnbb.org.br\/cnbb-entrega-premios-de-comunicacao-na-sexta-feira\/","title":{"rendered":"CNBB entrega Pr\u00eamios de Comunica\u00e7\u00e3o na sexta-feira"},"content":{"rendered":"<p style=\"text-align: justify\">O dia 23 ser\u00e1 especial para alguns profissionais da \u00e1rea de Comunica\u00e7\u00e3o Social do Brasil, isto porque ser\u00e1 entregue um dos mais tradicionais pr\u00eamios de comunica\u00e7\u00e3o do pa\u00eds. Os pr\u00eamios de Comunica\u00e7\u00e3o da Confer\u00eancia Nacional dos Bispos do Brasil (CNBB). Com mais de 40 anos de exist\u00eancia, os pr\u00eamios foram institu\u00eddos para motivar a cultura \u201clivre\u201d em tempos de censura, na ditadura militar brasileira. A entrega dos pr\u00eamios ser\u00e1 em Aparecida (SP), durante o Encontro Nacional da Pascom.<\/p>\n<p>  <!--more-->  <\/p>\n<p style=\"text-align: justify\">Antes, nos dia 16 e 17 de junho, reunidos na Pontif\u00edcia Universidade Cat\u00f3lica do Rio de Janeiro, o j\u00fari escolheu os vencedores de 2010 dos pr\u00eamios Dom Helder C\u00e2mara de Imprensa, Clara de Assis (TV) e Margarida de Prata (Cinema).<\/p>\n<p style=\"text-align: justify\">Concorreram ao pr\u00eamio Dom Helder C\u00e2mara de Imprensa 16 trabalhos e as vencedoras foram as jornalistas Juliana Borga e Nanci Alves. A primeira \u00e9 jornalista da revista Fam\u00edlia Crist\u00e3 e concorreu com a mat\u00e9ria \u201c<a href=\"http:\/\/cnbbjoomla.sitesparresia.com\/wp-content\/uploads\/sites\/85\/2010\/07\/Notas_de_solidariedade.doc\" target=\"_blank\" rel=\"noopener\">Notas de solidariedade<\/a>\u201d, publicada na revista de outubro de 2009. Conta a hist\u00f3ria de uma violinista adolescente que faz uma campanha na Fl\u00f3rida, EUA, e arrecada U$ 10 mil para ajudar comunidade carente no Brasil.<\/p>\n<p style=\"text-align: justify\">Nanci venceu com a mat\u00e9ria \u201c<a href=\"http:\/\/cnbbjoomla.sitesparresia.com\/wp-content\/uploads\/sites\/85\/2010\/07\/Na_estrada_da_vida_nada.doc\" target=\"_blank\" rel=\"noopener\">Na estrada da vida, nada se perde<\/a>\u201d, publicada no Jornal Opini\u00e3o, da arquidiocese de Belo Horizonte (MG), na semana de 16 a 22 de mar\u00e7o de 2009. A reportagem fala das mulheres no Centro-Oeste que sobrevivem da fabrica\u00e7\u00e3o de produtos feitos com a sobra de algod\u00e3o que cai das carretas que transportam o produto nas rodovias de Goi\u00e1s.<\/p>\n<p style=\"text-align: justify\">Clara de Assis teve 20 concorrentes, e o pr\u00eamio foi concedido a Victor Hugo Cardoso, com o document\u00e1rio \u201cA Paix\u00e3o de Cristo\u201d, e para Marcelo Canellas, da TV Globo, com s\u00e9rie exibida no Jornal Nacional, \u201cCabe\u00e7a do Cachorro, uma reportagem sobre S\u00e3o Gabriel da Cachoeira (AM)\u201d.<\/p>\n<p style=\"text-align: justify\">\n<p style=\"text-align: justify\">Dos 17 filmes que concorreram ao Margarida de Prata, os jurados escolheram \u201c<a href=\"http:\/\/cnbbjoomla.sitesparresia.com\/wp-content\/uploads\/sites\/85\/2010\/07\/Prmio_Margarida_de_Prata_na_categoria_de_Documentrio.doc\" target=\"_blank\" rel=\"noopener\">Duas vidas e uma s\u00f3 causa<\/a>\u201d, document\u00e1rio de Tatiana Polastri; \u201c<a href=\"http:\/\/cnbbjoomla.sitesparresia.com\/wp-content\/uploads\/sites\/85\/2010\/07\/Prmio_Margarida_de_Prata_na_categoria_de_Curta-metragem.doc\" target=\"_blank\" rel=\"noopener\">O som do tempo<\/a>\u201d, curta-metragem de Petrus Cariri Maia de Moura e \u201c<a href=\"http:\/\/cnbbjoomla.sitesparresia.com\/wp-content\/uploads\/sites\/85\/2010\/07\/Prmio_Margarida_de_Prata_na_categoria_de_Longa-metragem_de_Fico.doc\" target=\"_blank\" rel=\"noopener\">Cinco vezes favela, agora por n\u00f3s mesmos<\/a>\u201d, longa-metragem de Carlos Diegues e Renata Magalh\u00e3es. Receber\u00e1 men\u00e7\u00e3o honrosa \u201c<a href=\"http:\/\/cnbbjoomla.sitesparresia.com\/wp-content\/uploads\/sites\/85\/2010\/07\/Meno_Honrosa.doc\" target=\"_blank\" rel=\"noopener\">O advogado das almas<\/a>\u201d, de Rafael Salim e Tha\u00edsa Cerveira.<\/p>\n<p style=\"text-align: justify\">Segundo a assessora do Setor Comunica\u00e7\u00e3o Social da CNBB e uma das juradas, irm\u00e3 \u00c9lide Maria Fogolari, o pr\u00eamio tem um peso importante, pois trata-se de quase meio s\u00e9culo promovendo a cultura brasileira. \u201cS\u00e3o 43 anos de Margarida de Prata, isso mostra a fidelidade da CNBB em valorizar os aspectos culturais de nossa sociedade\u201d, destacou.<\/p>\n<p style=\"text-align: justify\">Miguel Serpa Pereira, um dos idealizadores dos Pr\u00eamios de Comunica\u00e7\u00e3o da CNBB, explica os objetivos da premia\u00e7\u00e3o. \u201cA Confer\u00eancia Nacional dos Bispos do Brasil ampliou sua presen\u00e7a no campo da cultura brasileira ao criar os pr\u00eamios de Comunica\u00e7\u00e3o. Seu objetivo foi n\u00e3o apenas estimular as produ\u00e7\u00f5es de qualidade art\u00edstica e t\u00e9cnica, mas tamb\u00e9m de ressaltar nelas os valores \u00e9ticos, espirituais, culturais e sociais da pessoa humana, manifestados atrav\u00e9s dos processos comunicativos midi\u00e1ticos. A CNBB tamb\u00e9m pretendeu estabelecer um di\u00e1logo proveitoso e atento com os profissionais da comunica\u00e7\u00e3o\u201d, explicou.<\/p>\n<h4 style=\"text-align: justify\">O j\u00fari<\/h4>\n<p style=\"text-align: justify\">Para julgar e escolher os trabalhos, foram constitu\u00eddos tr\u00eas juri sob a coordena\u00e7\u00e3o do arcebispo do Rio de Janeiro e presidente da Comiss\u00e3o Episcopal para a Educa\u00e7\u00e3o, Cultura e Comunica\u00e7\u00e3o da CNBB, dom Orani Jo\u00e3o Tempesta. Para o Margaridade Prata o j\u00fari foi composto por dom Orani; pelo padre Leandro Cury, da arquidiocese do Rio; pela gerente de produ\u00e7\u00e3o da TV Aparecida, Carmen Baenninger, e pelos professores da PUC-Rio, Angeluccia Habert, Miguel Pereira, Ney Costa Santos e S\u00e9rgio Bonato.<\/p>\n<p style=\"text-align: justify\">J\u00e1 o Clara de Assis foi julgado pela assessora do Setor Comunica\u00e7\u00e3o Social da CNBB, Irm\u00e3 \u00c9lide Maria Fogolari, e pelas professoras da PUC-RJ, Viviane Medeiros Carmem Petit.<\/p>\n<p style=\"text-align: justify\">O juri do Pr\u00eamio Dom Helder de Imprensa foi composto pelo assessor de imprensa da CNBB, padre Geraldo Martins Dias e pelas jornalistas e professoras da PUC-Rio, Lilian Saback de S\u00e1 Moraes e J\u00falia F\u00e1tima de Jesus Cruz.<\/p>\n<p style=\"text-align: justify\">O Microfone de Prata, pr\u00eamio para o R\u00e1dio, ainda ser\u00e1 julgado pela Associa\u00e7\u00e3o Cat\u00f3lica de R\u00e1dio (UNDA) e pela Rede Cat\u00f3lica de R\u00e1dio (RCR).<\/p>\n<h4 style=\"text-align: justify\">Hist\u00f3rico<\/h4>\n<p style=\"text-align: justify\">A Confer\u00eancia Nacional dos Bispos do Brasil (CNBB), durante os anos de censura promulgada pelo Regime Militar no Brasil, institu\u00eda em 1967, o primeiro Pr\u00eamio de Comunica\u00e7\u00e3o, Margarida de Prata para o Cinema, que representou um importante apoio \u00e0 produ\u00e7\u00e3o cultural livre. Este foi o olhar de esperan\u00e7a da Igreja do Brasil, para com os produtores e profissionais da comunica\u00e7\u00e3o, durante a longa jornada de repress\u00e3o Militar.<\/p>\n<p style=\"text-align: justify\">A CNBB prosseguiu \u00e0 cria\u00e7\u00e3o da concess\u00e3o de pr\u00eamios \u00e0queles que se preocupavam e se preocupam com a comunica\u00e7\u00e3o voltada para a justi\u00e7a social e a promo\u00e7\u00e3o humana.<\/p>\n<p style=\"text-align: justify\">Em 1980 apoiava a cria\u00e7\u00e3o do Pr\u00eamio Microfone de Prata de R\u00e1dio, promovido pela UNDA-Brasil &#8211; Uni\u00e3o de R\u00e1dio Difus\u00e3o Cat\u00f3lica, que incentiva a produ\u00e7\u00e3o de programas radiof\u00f4nicos voltados \u00e0 criatividade e \u00e0 evangeliza\u00e7\u00e3o.<\/p>\n<p style=\"text-align: justify\">Em comemora\u00e7\u00e3o aos 50 anos de funda\u00e7\u00e3o da CNBB, em 2002, a Assessoria de Imprensa da CNBB institu\u00eda o Pr\u00eamio Dom Helder C\u00e2mara de Imprensa, com o objetivo de premiar reportagens e trabalhos jornal\u00edsticos voltados \u00e0 promo\u00e7\u00e3o humana e social.<\/p>\n","protected":false},"excerpt":{"rendered":"<p>O dia 23 ser\u00e1 especial para alguns profissionais da \u00e1rea de Comunica\u00e7\u00e3o Social do Brasil, isto porque ser\u00e1 entregue um dos mais tradicionais pr\u00eamios de comunica\u00e7\u00e3o do pa\u00eds. Os pr\u00eamios de Comunica\u00e7\u00e3o da Confer\u00eancia Nacional dos Bispos do Brasil (CNBB). Com mais de 40 anos de exist\u00eancia, os pr\u00eamios foram institu\u00eddos para motivar a cultura &hellip;<\/p>\n<p class=\"read-more\"> <a class=\"\" href=\"https:\/\/www.cnbb.org.br\/cnbb-entrega-premios-de-comunicacao-na-sexta-feira\/\"> <span class=\"screen-reader-text\">CNBB entrega Pr\u00eamios de Comunica\u00e7\u00e3o na sexta-feira<\/span> Leia mais &raquo;<\/a><\/p>\n","protected":false},"author":83,"featured_media":14723,"comment_status":"open","ping_status":"open","sticky":false,"template":"","format":"standard","meta":{"site-sidebar-layout":"default","site-content-layout":"default","ast-global-header-display":"","ast-banner-title-visibility":"","ast-main-header-display":"","ast-hfb-above-header-display":"","ast-hfb-below-header-display":"","ast-hfb-mobile-header-display":"","site-post-title":"","ast-breadcrumbs-content":"","ast-featured-img":"","footer-sml-layout":"","theme-transparent-header-meta":"","adv-header-id-meta":"","stick-header-meta":"","header-above-stick-meta":"","header-main-stick-meta":"","header-below-stick-meta":""},"categories":[1],"tags":[],"acf":[],"_links":{"self":[{"href":"https:\/\/www.cnbb.org.br\/cnbb-app\/wp\/v2\/posts\/14807"}],"collection":[{"href":"https:\/\/www.cnbb.org.br\/cnbb-app\/wp\/v2\/posts"}],"about":[{"href":"https:\/\/www.cnbb.org.br\/cnbb-app\/wp\/v2\/types\/post"}],"author":[{"embeddable":true,"href":"https:\/\/www.cnbb.org.br\/cnbb-app\/wp\/v2\/users\/83"}],"replies":[{"embeddable":true,"href":"https:\/\/www.cnbb.org.br\/cnbb-app\/wp\/v2\/comments?post=14807"}],"version-history":[{"count":0,"href":"https:\/\/www.cnbb.org.br\/cnbb-app\/wp\/v2\/posts\/14807\/revisions"}],"wp:featuredmedia":[{"embeddable":true,"href":"https:\/\/www.cnbb.org.br\/cnbb-app\/wp\/v2\/media\/14723"}],"wp:attachment":[{"href":"https:\/\/www.cnbb.org.br\/cnbb-app\/wp\/v2\/media?parent=14807"}],"wp:term":[{"taxonomy":"category","embeddable":true,"href":"https:\/\/www.cnbb.org.br\/cnbb-app\/wp\/v2\/categories?post=14807"},{"taxonomy":"post_tag","embeddable":true,"href":"https:\/\/www.cnbb.org.br\/cnbb-app\/wp\/v2\/tags?post=14807"}],"curies":[{"name":"wp","href":"https:\/\/api.w.org\/{rel}","templated":true}]}}